{"id":161674,"date":"2020-04-27T20:23:21","date_gmt":"2020-04-27T23:23:21","guid":{"rendered":"http:\/\/aconteceunovale.com.br\/portal\/?p=161674"},"modified":"2020-04-27T20:24:20","modified_gmt":"2020-04-27T23:24:20","slug":"banco-indeniza-correntista-analfabeta-no-norte-de-minas","status":"publish","type":"post","link":"https:\/\/aconteceunovale.com.br\/portal\/?p=161674","title":{"rendered":"Banco indeniza correntista analfabeta no Norte de Minas"},"content":{"rendered":"\n<p>Somente por meio de escritura p\u00fablica ou por interm\u00e9dio de procurador constitu\u00eddo por instrumento p\u00fablico pode o analfabeto contrair obriga\u00e7\u00f5es, sendo nulo de pleno direito o neg\u00f3cio jur\u00eddico que n\u00e3o obedecer a tais formalidades.&nbsp;<\/p>\n\n\n\n<p>Com esse entendimento, a 11\u00aa C\u00e2mara C\u00edvel do Tribunal de Justi\u00e7a de Minas Gerais (TJMG) manteve decis\u00e3o da Comarca de Janu\u00e1ria que condenou o banco Panamericano S.A. a indenizar uma&nbsp;correntista em R$ 10 mil por danos morais e a restituir todo o dinheiro retirado da conta&nbsp;dela indevidamente.&nbsp;<\/p>\n\n\n\n<p>A consumidora ajuizou a\u00e7\u00e3o contra o banco pleiteando indeniza\u00e7\u00e3o por danos morais, a imediata interrup\u00e7\u00e3o de cobran\u00e7as referentes a um empr\u00e9stimo e a devolu\u00e7\u00e3o em dobro das quantias descontadas.<\/p>\n\n\n\n<p>Segundo a cliente, a institui\u00e7\u00e3o financeira&nbsp;abateu&nbsp;parte de seu benef\u00edcio previdenci\u00e1rio para cobrir um contrato de empr\u00e9stimo consignado. A aposentada, que \u00e9 analfabeta, nega ter estabelecido qualquer rela\u00e7\u00e3o jur\u00eddica dessa natureza com a empresa.<\/p>\n\n\n\n<p>O Panamericano, por sua vez, se defendeu alegando que, no contrato firmado entre as partes, h\u00e1 a digital da correntista, a qual foi, no ato da celebra\u00e7\u00e3o do neg\u00f3cio jur\u00eddico, acompanhada por sua filha. Sendo assim, o Pan sustentou que \u00e9 v\u00e1lida a contrata\u00e7\u00e3o do servi\u00e7o.<\/p>\n\n\n\n<p>A institui\u00e7\u00e3o acrescenta que a autora possui outros empr\u00e9stimos consignados, de modo que n\u00e3o \u00e9 uma pessoa leiga nessa modalidade de neg\u00f3cio, sendo desnecess\u00e1ria, portanto, a exig\u00eancia de representante legal munido de instrumento p\u00fablico para a validade de contratos com essas caracter\u00edsticas.<\/p>\n\n\n\n<p>O juiz Juliano Carneiro Veiga determinou a imediata interrup\u00e7\u00e3o das cobran\u00e7as, a devolu\u00e7\u00e3o simples das parcelas deduzidas da aposentadoria e indeniza\u00e7\u00e3o de R$ 10 mil pelos danos morais.&nbsp;&nbsp;<\/p>\n\n\n\n<p>O banco recorreu ao Tribunal para reverter a condena\u00e7\u00e3o. A relatora, ju\u00edza convocada Maria das Gra\u00e7as Rocha Santos, manteve o entendimento de primeira inst\u00e2ncia sob o fundamento de que, existindo uma exig\u00eancia legal&nbsp;para a celebra\u00e7\u00e3o um contrato, este n\u00e3o pode ser firmado de outra forma.<\/p>\n\n\n\n<p>Uma vez que a contratante \u00e9 analfabeta, existe a exig\u00eancia legal da interven\u00e7\u00e3o de procurador constitu\u00eddo por instrumento p\u00fablico para que o contrato se torne v\u00e1lido, o que n\u00e3o ocorreu.<\/p>\n\n\n\n<p>Os desembargadores Shirley Fenzi Bert\u00e3o e Adriano de Mesquita Carneiro votaram de acordo com a relatora. Leia o\u00a0<a rel=\"noreferrer noopener\" target=\"_blank\" href=\"https:\/\/www5.tjmg.jus.br\/jurisprudencia\/pesquisaNumeroCNJEspelhoAcordao.do;jsessionid=97DB730516DCCDCCAADAB15E7671FC1B.juri_node1?numeroRegistro=1&amp;totalLinhas=1&amp;linhasPorPagina=10&amp;numeroUnico=1.0352.18.004529-1%2F001&amp;pesquisaNumeroCNJ=Pesquisar\">ac\u00f3rd\u00e3o<\/a>\u00a0e confira a\u00a0<a rel=\"noreferrer noopener\" target=\"_blank\" href=\"https:\/\/www5.tjmg.jus.br\/jurisprudencia\/pesquisaNumeroCNJEspelhoAcordao.do;jsessionid=97DB730516DCCDCCAADAB15E7671FC1B.juri_node1?numeroRegistro=1&amp;totalLinhas=1&amp;linhasPorPagina=10&amp;numeroUnico=1.0352.18.004529-1%2F001&amp;pesquisaNumeroCNJ=Pesquisar\">situa\u00e7\u00e3o processual<\/a>\u00a0do caso.<\/p>\n\n\n\n<p class=\"has-background has-very-light-gray-background-color\">Quer saber as not\u00edcias do <strong>Aconteceu no Vale<\/strong> em primeira m\u00e3o? Siga-nos no Facebook <a rel=\"noreferrer noopener\" href=\"http:\/\/facebook.com\/aconteceunovale\" target=\"_blank\">@aconteceunovale<\/a>, Twitter <a rel=\"noreferrer noopener\" href=\"https:\/\/twitter.com\/noticiadosvales\" target=\"_blank\">@noticiadosvales<\/a> e Instagram <a rel=\"noreferrer noopener\" href=\"https:\/\/www.instagram.com\/aconteceunovale\" target=\"_blank\">@aconteceunovale<\/a>.<\/p>\n","protected":false},"excerpt":{"rendered":"<p>Somente por meio de escritura p\u00fablica ou por interm\u00e9dio de procurador constitu\u00eddo por instrumento p\u00fablico pode o analfabeto contrair obriga\u00e7\u00f5es, sendo nulo de pleno direito o neg\u00f3cio jur\u00eddico que n\u00e3o obedecer a tais formalidades.&nbsp; Com esse entendimento, a 11\u00aa C\u00e2mara C\u00edvel do Tribunal de Justi\u00e7a de Minas Gerais (TJMG) manteve decis\u00e3o da Comarca de Janu\u00e1ria [&hellip;]<\/p>\n","protected":false},"author":1,"featured_media":161675,"comment_status":"open","ping_status":"closed","sticky":false,"template":"","format":"standard","meta":{"amp_status":"","footnotes":""},"categories":[1236],"tags":[220846,146382,109543,220845,205,218802,270,92646],"class_list":["post-161674","post","type-post","status-publish","format-standard","has-post-thumbnail","hentry","category-norte_de_minas","tag-banco-indeniza-correntista-analfabeta-no-norte-de-minas","tag-banco-panamericano","tag-comarca-de-januaria","tag-condenacao-do-panamericano","tag-januaria","tag-processo-contra-o-banco-panamericano","tag-tjmg","tag-tribunal-de-justica-de-minas-gerais"],"_links":{"self":[{"href":"https:\/\/aconteceunovale.com.br\/portal\/index.php?rest_route=\/wp\/v2\/posts\/161674","targetHints":{"allow":["GET"]}}],"collection":[{"href":"https:\/\/aconteceunovale.com.br\/portal\/index.php?rest_route=\/wp\/v2\/posts"}],"about":[{"href":"https:\/\/aconteceunovale.com.br\/portal\/index.php?rest_route=\/wp\/v2\/types\/post"}],"author":[{"embeddable":true,"href":"https:\/\/aconteceunovale.com.br\/portal\/index.php?rest_route=\/wp\/v2\/users\/1"}],"replies":[{"embeddable":true,"href":"https:\/\/aconteceunovale.com.br\/portal\/index.php?rest_route=%2Fwp%2Fv2%2Fcomments&post=161674"}],"version-history":[{"count":1,"href":"https:\/\/aconteceunovale.com.br\/portal\/index.php?rest_route=\/wp\/v2\/posts\/161674\/revisions"}],"predecessor-version":[{"id":161676,"href":"https:\/\/aconteceunovale.com.br\/portal\/index.php?rest_route=\/wp\/v2\/posts\/161674\/revisions\/161676"}],"wp:featuredmedia":[{"embeddable":true,"href":"https:\/\/aconteceunovale.com.br\/portal\/index.php?rest_route=\/wp\/v2\/media\/161675"}],"wp:attachment":[{"href":"https:\/\/aconteceunovale.com.br\/portal\/index.php?rest_route=%2Fwp%2Fv2%2Fmedia&parent=161674"}],"wp:term":[{"taxonomy":"category","embeddable":true,"href":"https:\/\/aconteceunovale.com.br\/portal\/index.php?rest_route=%2Fwp%2Fv2%2Fcategories&post=161674"},{"taxonomy":"post_tag","embeddable":true,"href":"https:\/\/aconteceunovale.com.br\/portal\/index.php?rest_route=%2Fwp%2Fv2%2Ftags&post=161674"}],"curies":[{"name":"wp","href":"https:\/\/api.w.org\/{rel}","templated":true}]}}