{"id":161669,"date":"2020-04-27T20:01:11","date_gmt":"2020-04-27T23:01:11","guid":{"rendered":"http:\/\/aconteceunovale.com.br\/portal\/?p=161669"},"modified":"2020-04-27T20:01:50","modified_gmt":"2020-04-27T23:01:50","slug":"ministerio-publico-federal-ajuiza-acao-contra-flexibilizacao-do-distanciamento-social-em-teofilo-otoni","status":"publish","type":"post","link":"https:\/\/aconteceunovale.com.br\/portal\/?p=161669","title":{"rendered":"Minist\u00e9rio P\u00fablico Federal aju\u00edza a\u00e7\u00e3o contra flexibiliza\u00e7\u00e3o do distanciamento social em Te\u00f3filo Otoni"},"content":{"rendered":"\n<p>O Minist\u00e9rio P\u00fablico Federal (MPF) ajuizou a\u00e7\u00e3o civil p\u00fablica, com pedido de liminar, contra o munic\u00edpio de Te\u00f3filo Otoni (MG) e a Uni\u00e3o, para que seja suspenso o Decreto Municipal n\u00ba 8.035, de 20 de abril, que alterou pol\u00edtica de Distanciamento Social Ampliado (DSA), prevista no Decreto Municipal n\u00ba 8.028, de 23 de mar\u00e7o, e instituiu o regime de Distanciamento Social Seletivo (DSS), flexibilizando as medidas de enfrentamento e preven\u00e7\u00e3o \u00e0 epidemia de covid-19.<\/p>\n\n\n\n<p>O MPF pede tamb\u00e9m que o munic\u00edpio se abstenha de adotar qualquer medida que autorize o funcionamento de atividades n\u00e3o essenciais, enquanto durar o Estado de Emerg\u00eancia de Sa\u00fade P\u00fablica de Import\u00e2ncia Internacional (Espin) decorrente da pandemia de covid-19, sem a pr\u00e9via apresenta\u00e7\u00e3o de justificativa t\u00e9cnica fundamentada, com evid\u00eancias cient\u00edficas e an\u00e1lises sobre informa\u00e7\u00f5es estrat\u00e9gicas em sa\u00fade no munic\u00edpio de Te\u00f3filo Otoni e regi\u00e3o &#8211; especialmente as decorrentes de ampla testagem e proje\u00e7\u00f5es baseadas em estudos de cen\u00e1rio epidemiol\u00f3gico, relacionando-os com a capacidade do sistema de sa\u00fade local.<\/p>\n\n\n\n<p>Em mar\u00e7o, o munic\u00edpio determinou, pelo Decreto n\u00ba 8.028, a suspens\u00e3o das atividades, servi\u00e7os ou empreendimentos que necessitassem de alvar\u00e1 de localiza\u00e7\u00e3o e funcionamento, inclusive bares, restaurantes, pra\u00e7as de alimenta\u00e7\u00e3o e centros comerciais, enquanto durarem os motivos que levaram a decreta\u00e7\u00e3o do estado de emerg\u00eancia. Na \u00e9poca, a prefeitura deixou claro que o isolamento social seria a maneira mais eficaz de fazer frente ao avan\u00e7o da pandemia mundial.<\/p>\n\n\n\n<p>No in\u00edcio de abril, ap\u00f3s not\u00edcias divulgadas na imprensa e nas redes sociais sobre a poss\u00edvel flexibiliza\u00e7\u00e3o das medidas e reabertura do com\u00e9rcio local, o MPF, o Minist\u00e9rio P\u00fablico do Trabalho (MPT) e a Defensoria P\u00fablica do estado de Minas Gerais (DPMG) enviaram uma recomenda\u00e7\u00e3o ao munic\u00edpio. O documento, fundamentado em trabalho de grupo de estudiosos da Universidade Federal dos Vales do Jequitinhonha e Mucuri (UFVJM) e em manifesta\u00e7\u00e3o do Hospital Santa Ros\u00e1lia, recomendou que o prefeito se abstivesse de adotar qualquer provid\u00eancia, publicasse qualquer ato p\u00fablico ou editasse decreto alterando a pol\u00edtica p\u00fablica para o enfrentamento da pandemia no munic\u00edpio, entre outras provid\u00eancias.<\/p>\n\n\n\n<p>O estudo realizado pelos especialistas tra\u00e7ou cen\u00e1rios sobre o processo de infec\u00e7\u00e3o pela Covid-19 na microrregi\u00e3o do Vale do Mucuri e, consequentemente, o impacto gerado no Sistema de Sa\u00fade de Te\u00f3filo Otoni, concluindo pela n\u00e3o flexibiliza\u00e7\u00e3o das medidas de isolamento social. Na nota t\u00e9cnica da UFVJM, o grupo aponta preocupa\u00e7\u00e3o com a possibilidade de reabertura do com\u00e9rcio em Te\u00f3filo Otoni: &#8220;(&#8230;) avaliando o momento de crescimento da transmiss\u00e3o do coronav\u00edrus em Minas Gerais e no Brasil [o Comit\u00ea], teme pela ocorr\u00eancia de uma emerg\u00eancia sanit\u00e1ria sem precedentes em nossa cidade.\u201d<\/p>\n\n\n\n<p>O munic\u00edpio nunca respondeu \u00e0 recomenda\u00e7\u00e3o, segundo o MPF.<\/p>\n\n\n\n<figure class=\"wp-block-gallery columns-1 is-cropped wp-block-gallery-1 is-layout-flex wp-block-gallery-is-layout-flex\"><ul class=\"blocks-gallery-grid\"><li class=\"blocks-gallery-item\"><figure><img loading=\"lazy\" decoding=\"async\" width=\"600\" height=\"450\" src=\"http:\/\/aconteceunovale.com.br\/portal\/wp-content\/uploads\/2019\/09\/teofilo_otoni.jpg\" alt=\"\" data-id=\"152928\" data-full-url=\"http:\/\/aconteceunovale.com.br\/portal\/wp-content\/uploads\/2019\/09\/teofilo_otoni.jpg\" data-link=\"http:\/\/aconteceunovale.com.br\/portal\/?attachment_id=152928\" class=\"wp-image-152928\" srcset=\"https:\/\/aconteceunovale.com.br\/portal\/wp-content\/uploads\/2019\/09\/teofilo_otoni.jpg 600w, https:\/\/aconteceunovale.com.br\/portal\/wp-content\/uploads\/2019\/09\/teofilo_otoni-300x225.jpg 300w, https:\/\/aconteceunovale.com.br\/portal\/wp-content\/uploads\/2019\/09\/teofilo_otoni-80x60.jpg 80w, https:\/\/aconteceunovale.com.br\/portal\/wp-content\/uploads\/2019\/09\/teofilo_otoni-265x198.jpg 265w, https:\/\/aconteceunovale.com.br\/portal\/wp-content\/uploads\/2019\/09\/teofilo_otoni-560x420.jpg 560w\" sizes=\"auto, (max-width: 600px) 100vw, 600px\" \/><figcaption class=\"blocks-gallery-item__caption\"><em>Cr\u00e9ditos imagem: Toca Studio<\/em><\/figcaption><\/figure><\/li><\/ul><\/figure>\n\n\n\n<p><strong>Novo decreto &#8211;<\/strong>&nbsp;O munic\u00edpio editou o novo decreto, em 20 de abril, que alterou a pol\u00edtica de isolamento e flexibilizou as medidas de enfrentamento e preven\u00e7\u00e3o \u00e0 epidemia, liberando o funcionamento de estabelecimentos e servi\u00e7os, mesmo n\u00e3o essenciais, sem a devida fundamenta\u00e7\u00e3o ou comprova\u00e7\u00e3o de melhora qualitativa relevante no sistema de sa\u00fade municipal. O novo decreto foi baseado em uma delibera\u00e7\u00e3o do Comit\u00ea de Gerenciamento da Crise Covid-19, que usou&nbsp; dados epidemiol\u00f3gicos e recomenda\u00e7\u00f5es de \u201c\u00f3rg\u00e3os ministeriais\u201d.<\/p>\n\n\n\n<p>\u201cEsta delibera\u00e7\u00e3o, sem qualquer d\u00favida, por sua import\u00e2ncia direta na vida de um n\u00famero indetermin\u00e1vel de pessoas, precisa ser detalhada e justificada, fundamentadamente, f\u00e1tica e juridicamente. De fato, s\u00e3o perguntas b\u00e1sicas que permanecem sem resposta: que dados epidemiol\u00f3gicos s\u00e3o esses? Como votaram os membros do Comit\u00ea e por quais fundamentos? A vota\u00e7\u00e3o foi un\u00e2nime? Os Munic\u00edpios da Macrorregi\u00e3o de Sa\u00fade foram ao menos consultados? E mais: que recomenda\u00e7\u00f5es ministeriais s\u00e3o essas?\u201d, questiona o MPF na a\u00e7\u00e3o.<\/p>\n\n\n\n<p><strong>Lei Federal &#8211;<\/strong>&nbsp;O Congresso Nacional, com o objetivo de organizar o aparato necess\u00e1rio para uma atua\u00e7\u00e3o preventiva, aprovou a Lei n\u00ba 13.979, de 6 de fevereiro de 2020, que estabeleceu medidas para o enfrentamento da chamada \u201cemerg\u00eancia de sa\u00fade p\u00fablica\u201d decorrente do novo coronav\u00edrus. Segundo o MPF, a lei obriga o gestor p\u00fablico a somente determinar medidas de enfrentamento com base em \u201cevid\u00eancias cient\u00edficas\u201d e em \u201can\u00e1lises sobre as informa\u00e7\u00f5es estrat\u00e9gicas em sa\u00fade\u201d.<\/p>\n\n\n\n<p>Para o procurador da Rep\u00fablica Francisco de Paula Vitor Santos Pereira, autor da a\u00e7\u00e3o, a pandemia de covid-19 exige respostas com embasamento t\u00e9cnico-cient\u00edfico. O MPF n\u00e3o pretende, de forma alguma, se intrometer na discricionariedade administrativa em decis\u00e3o t\u00e3o complexa. Todavia, n\u00e3o pode o gestor municipal decretar altera\u00e7\u00e3o importante na pol\u00edtica de isolamento social sem a devida fundamenta\u00e7\u00e3o. O cerne desta a\u00e7\u00e3o \u00e9 a completa aus\u00eancia de base t\u00e9cnico-cient\u00edfica.<\/p>\n\n\n\n<p><strong>Outros pedidos &#8211;<\/strong>\u00a0Em rela\u00e7\u00e3o \u00e0 Uni\u00e3o, o MPF pede que, respeitada a reparti\u00e7\u00e3o de compet\u00eancias federativas, providencie o apoio t\u00e9cnico-cient\u00edfico, material e log\u00edstico necess\u00e1rio para que o Munic\u00edpio possa adotar as medidas indispens\u00e1veis para a constru\u00e7\u00e3o de embasamento t\u00e9cnico para eventual flexibiliza\u00e7\u00e3o das medidas de isolamento social que venha a adotar: execu\u00e7\u00e3o de estrat\u00e9gia de testagem em massa, mapeamento da dissemina\u00e7\u00e3o do v\u00edrus na popula\u00e7\u00e3o e monitoramento dos infectados e estrutura\u00e7\u00e3o dos servi\u00e7os de aten\u00e7\u00e3o \u00e0 sa\u00fade da popula\u00e7\u00e3o, suprimento de equipamentos (leitos, EPI, respiradores e testes laboratoriais) e equipes de sa\u00fade (m\u00e9dicos, enfermeiros, demais profissionais de sa\u00fade), entre outros.<\/p>\n\n\n\n<p>Clique\u00a0<a rel=\"noreferrer noopener\" href=\"http:\/\/www.mpf.mp.br\/mg\/sala-de-imprensa\/docs\/2020\/acp-mpf-teofilo-otoni-contra-dec-20-04-covid.pdf\" target=\"_blank\">aqui\u00a0<\/a>para ler a \u00edntegra da a\u00e7\u00e3o.<\/p>\n\n\n\n<p class=\"has-background has-very-light-gray-background-color\">Quer saber as not\u00edcias do <strong>Aconteceu no Vale<\/strong> em primeira m\u00e3o? Siga-nos no Facebook <a rel=\"noreferrer noopener\" href=\"http:\/\/facebook.com\/aconteceunovale\" target=\"_blank\">@aconteceunovale<\/a>, Twitter <a rel=\"noreferrer noopener\" href=\"https:\/\/twitter.com\/noticiadosvales\" target=\"_blank\">@noticiadosvales<\/a> e Instagram <a rel=\"noreferrer noopener\" href=\"https:\/\/www.instagram.com\/aconteceunovale\" target=\"_blank\">@aconteceunovale<\/a>.<\/p>\n","protected":false},"excerpt":{"rendered":"<p>O Minist\u00e9rio P\u00fablico Federal (MPF) ajuizou a\u00e7\u00e3o civil p\u00fablica, com pedido de liminar, contra o munic\u00edpio de Te\u00f3filo Otoni (MG) e a Uni\u00e3o, para que seja suspenso o Decreto Municipal n\u00ba 8.035, de 20 de abril, que alterou pol\u00edtica de Distanciamento Social Ampliado (DSA), prevista no Decreto Municipal n\u00ba 8.028, de 23 de mar\u00e7o, e [&hellip;]<\/p>\n","protected":false},"author":1,"featured_media":152928,"comment_status":"open","ping_status":"closed","sticky":false,"template":"","format":"standard","meta":{"amp_status":"","footnotes":""},"categories":[122],"tags":[220816,214884,220365,216498,220363,220840,220815,220841,5667,220839,18887,220817,220818,164,220813,220814,220812],"class_list":["post-161669","post","type-post","status-publish","format-standard","has-post-thumbnail","hentry","category-mucuri","tag-casos-de-coronavirus-em-teofilo-otoni","tag-coronavirus","tag-coronavirus-em-teofilo-otoni","tag-covid-19","tag-covid-19-em-teofilo-otoni","tag-distanciamento-social-em-teofilo-otoni","tag-infectados-por-coronavirus-em-teofilo-otoni","tag-isolamento-social-em-teofilo-otoni","tag-ministerio-publico-federal","tag-ministerio-publico-federal-ajuiza-acao-contra-flexibilizacao-do-distanciamento-social-em-teofilo-otoni","tag-mpf","tag-pacientes-de-coronavirus-em-teofilo-otoni","tag-profissionais-de-saude-infectados-com-coronavirus-em-teofilo-otoni","tag-teofilo-otoni","tag-teofilo-otoni-confirma-oito-casos-de-coronavirus","tag-teofilo-otoni-coronavirus","tag-teofilo-otoni-covid-19"],"_links":{"self":[{"href":"https:\/\/aconteceunovale.com.br\/portal\/index.php?rest_route=\/wp\/v2\/posts\/161669","targetHints":{"allow":["GET"]}}],"collection":[{"href":"https:\/\/aconteceunovale.com.br\/portal\/index.php?rest_route=\/wp\/v2\/posts"}],"about":[{"href":"https:\/\/aconteceunovale.com.br\/portal\/index.php?rest_route=\/wp\/v2\/types\/post"}],"author":[{"embeddable":true,"href":"https:\/\/aconteceunovale.com.br\/portal\/index.php?rest_route=\/wp\/v2\/users\/1"}],"replies":[{"embeddable":true,"href":"https:\/\/aconteceunovale.com.br\/portal\/index.php?rest_route=%2Fwp%2Fv2%2Fcomments&post=161669"}],"version-history":[{"count":1,"href":"https:\/\/aconteceunovale.com.br\/portal\/index.php?rest_route=\/wp\/v2\/posts\/161669\/revisions"}],"predecessor-version":[{"id":161670,"href":"https:\/\/aconteceunovale.com.br\/portal\/index.php?rest_route=\/wp\/v2\/posts\/161669\/revisions\/161670"}],"wp:featuredmedia":[{"embeddable":true,"href":"https:\/\/aconteceunovale.com.br\/portal\/index.php?rest_route=\/wp\/v2\/media\/152928"}],"wp:attachment":[{"href":"https:\/\/aconteceunovale.com.br\/portal\/index.php?rest_route=%2Fwp%2Fv2%2Fmedia&parent=161669"}],"wp:term":[{"taxonomy":"category","embeddable":true,"href":"https:\/\/aconteceunovale.com.br\/portal\/index.php?rest_route=%2Fwp%2Fv2%2Fcategories&post=161669"},{"taxonomy":"post_tag","embeddable":true,"href":"https:\/\/aconteceunovale.com.br\/portal\/index.php?rest_route=%2Fwp%2Fv2%2Ftags&post=161669"}],"curies":[{"name":"wp","href":"https:\/\/api.w.org\/{rel}","templated":true}]}}