{"id":161666,"date":"2020-04-27T19:26:16","date_gmt":"2020-04-27T22:26:16","guid":{"rendered":"http:\/\/aconteceunovale.com.br\/portal\/?p=161666"},"modified":"2026-09-02T17:01:50","modified_gmt":"2026-09-02T20:01:50","slug":"policia-civil-apura-furtos-e-recupera-motocicletas-subtraidas-em-medina-no-vale-do-jequitinhonha","status":"publish","type":"post","link":"https:\/\/aconteceunovale.com.br\/portal\/?p=161666","title":{"rendered":"Pol\u00edcia Civil apura furtos e recupera motocicletas subtra\u00eddas em Medina, no Vale do Jequitinhonha"},"content":{"rendered":"\n<p class=\"wp-block-paragraph\">A Pol\u00edcia Civil de Minas Gerais (PCMG), por meio da Delegacia de Pol\u00edcia Civil de Medina, concluiu nesta segunda-feira (27\/04\/2020) as investiga\u00e7\u00f5es acerca de dois furtos de motocicletas ocorridos no m\u00eas de mar\u00e7o no munic\u00edpio.<\/p>\n\n\n\n<p class=\"wp-block-paragraph\">Ap\u00f3s levantamentos realizados, ainda no m\u00eas de mar\u00e7o, a PCMG logrou \u00eaxito na localiza\u00e7\u00e3o das duas motocicletas objeto da investiga\u00e7\u00e3o, bem como outras duas que estavam com chassi e motor pinado, indicando serem produtos de furto\/roubo.<\/p>\n\n\n\n<p class=\"wp-block-paragraph\"><em>\u201cAs motocicletas foram localizadas na zona rural do munic\u00edpio de Medina, sendo os envolvidos encaminhados \u00e0 Delegacia. Um suspeito n\u00e3o foi localizado no dia. Todavia, os demais envolvidos o apontaram como sendo o autor dos furtos.\u201d<\/em>, informou o delegado Thiago Carvalho.<\/p>\n\n\n\n<p class=\"wp-block-paragraph\">A PCMG apurou que havia um esquema entre os investigados, no qual subtra\u00edam as motocicletas na cidade e levavam para a zona rural do munic\u00edpio, onde vendiam, trocavam ou mesmo utilizavam em proveito pr\u00f3prio.<\/p>\n\n\n\n<p class=\"wp-block-paragraph\"><em>\u201cNesta data, o suspeito que, at\u00e9 ent\u00e3o n\u00e3o havia sido localizado, foi ouvido e confessou a pr\u00e1tica dos crimes, sendo, assim, conclu\u00eddas as investiga\u00e7\u00f5es. O inqu\u00e9rito policial ser\u00e1 finalizado e remetido \u00e0 Justi\u00e7a nos pr\u00f3ximos dias.\u201d<\/em>, concluiu o delegado.<\/p>\n\n\n\n<figure class=\"wp-block-gallery columns-1 is-cropped wp-block-gallery-1 is-layout-flex wp-block-gallery-is-layout-flex\"><ul class=\"blocks-gallery-grid\"><li class=\"blocks-gallery-item\"><figure><img loading=\"lazy\" decoding=\"async\" width=\"658\" height=\"450\" src=\"http:\/\/aconteceunovale.com.br\/portal\/wp-content\/uploads\/2020\/04\/motos_medina_1.jpg\" alt=\"\" data-id=\"161667\" data-full-url=\"http:\/\/aconteceunovale.com.br\/portal\/wp-content\/uploads\/2020\/04\/motos_medina_1.jpg\" data-link=\"http:\/\/aconteceunovale.com.br\/portal\/?attachment_id=161667\" class=\"wp-image-161667\" srcset=\"https:\/\/aconteceunovale.com.br\/portal\/wp-content\/uploads\/2020\/04\/motos_medina_1.jpg 658w, https:\/\/aconteceunovale.com.br\/portal\/wp-content\/uploads\/2020\/04\/motos_medina_1-300x205.jpg 300w, https:\/\/aconteceunovale.com.br\/portal\/wp-content\/uploads\/2020\/04\/motos_medina_1-218x150.jpg 218w, https:\/\/aconteceunovale.com.br\/portal\/wp-content\/uploads\/2020\/04\/motos_medina_1-614x420.jpg 614w\" sizes=\"auto, (max-width: 658px) 100vw, 658px\" \/><figcaption class=\"blocks-gallery-item__caption\"><em>Foto: Divulga\u00e7\u00e3o \/ PCMG<\/em><\/figcaption><\/figure><\/li><\/ul><\/figure>\n\n\n\n<p class=\"has-background has-very-light-gray-background-color wp-block-paragraph\">Quer saber as not\u00edcias do <strong>Aconteceu no Vale<\/strong> em primeira m\u00e3o? Siga-nos no Facebook <a rel=\"noreferrer noopener\" href=\"http:\/\/facebook.com\/aconteceunovale\" target=\"_blank\">@aconteceunovale<\/a>, Twitter <a rel=\"noreferrer noopener\" href=\"https:\/\/twitter.com\/noticiadosvales\" target=\"_blank\">@noticiadosvales<\/a> e Instagram <a rel=\"noreferrer noopener\" href=\"https:\/\/www.instagram.com\/aconteceunovale\" target=\"_blank\">@aconteceunovale<\/a>.<\/p>\n","protected":false},"excerpt":{"rendered":"<p>A Pol\u00edcia Civil de Minas Gerais (PCMG), por meio da Delegacia de Pol\u00edcia Civil de Medina, concluiu nesta segunda-feira (27\/04\/2020) as investiga\u00e7\u00f5es acerca de dois furtos de motocicletas ocorridos no m\u00eas de mar\u00e7o no munic\u00edpio. Ap\u00f3s levantamentos realizados, ainda no m\u00eas de mar\u00e7o, a PCMG logrou \u00eaxito na localiza\u00e7\u00e3o das duas motocicletas objeto da investiga\u00e7\u00e3o, [&hellip;]<\/p>\n","protected":false},"author":1,"featured_media":161667,"comment_status":"open","ping_status":"closed","sticky":false,"template":"","format":"standard","meta":{"amp_status":"","footnotes":""},"categories":[272560,120],"tags":[131508,220838,220836,389,220833,604,220835,130089,73387,220837,220834],"class_list":["post-161666","post","type-post","status-publish","format-standard","has-post-thumbnail","hentry","category-medina","category-jequi","tag-delegado-de-medina","tag-delegado-thiago-carvalho-medina","tag-furto-de-motos-em-medina","tag-medina","tag-motos-furtadas-em-medina","tag-pcmg","tag-policia-civil-apura-furtos-e-recupera-motocicletas-subtraidas-em-medina","tag-policia-civil-de-medina","tag-presos-em-medina","tag-presos-por-furto-de-motos-em-medina","tag-roubo-de-motos-em-medina"],"yoast_head":"<!-- This site is optimized with the Yoast SEO plugin v28.3 - https:\/\/yoast.com\/product\/yoast-seo-wordpress\/ -->\n<title>Pol\u00edcia Civil apura furtos e recupera motocicletas subtra\u00eddas em Medina, no Vale do Jequitinhonha - Aconteceu no Vale<\/title>\n<meta name=\"robots\" content=\"index, follow, max-snippet:-1, max-image-preview:large, max-video-preview:-1\" \/>\n<link rel=\"canonical\" href=\"https:\/\/aconteceunovale.com.br\/portal\/?p=161666\" \/>\n<meta property=\"og:locale\" content=\"pt_BR\" \/>\n<meta property=\"og:type\" content=\"article\" \/>\n<meta property=\"og:title\" content=\"Pol\u00edcia Civil apura furtos e recupera motocicletas subtra\u00eddas em Medina, no Vale do Jequitinhonha - Aconteceu no Vale\" \/>\n<meta property=\"og:description\" content=\"A Pol\u00edcia Civil de Minas Gerais (PCMG), por meio da Delegacia de Pol\u00edcia Civil de Medina, concluiu nesta segunda-feira (27\/04\/2020) as investiga\u00e7\u00f5es acerca de dois furtos de motocicletas ocorridos no m\u00eas de mar\u00e7o no munic\u00edpio. Ap\u00f3s levantamentos realizados, ainda no m\u00eas de mar\u00e7o, a PCMG logrou \u00eaxito na localiza\u00e7\u00e3o das duas motocicletas objeto da investiga\u00e7\u00e3o, [&hellip;]\" \/>\n<meta property=\"og:url\" content=\"https:\/\/aconteceunovale.com.br\/portal\/?p=161666\" \/>\n<meta property=\"og:site_name\" content=\"Aconteceu no Vale\" \/>\n<meta property=\"article:publisher\" content=\"https:\/\/www.facebook.com\/aconteceunovale\/\" \/>\n<meta property=\"article:published_time\" content=\"2020-04-27T22:26:16+00:00\" \/>\n<meta property=\"article:modified_time\" content=\"2026-09-02T20:01:50+00:00\" \/>\n<meta property=\"og:image\" content=\"https:\/\/aconteceunovale.com.br\/portal\/wp-content\/uploads\/2020\/04\/motos_medina_1.jpg\" \/>\n\t<meta property=\"og:image:width\" content=\"658\" \/>\n\t<meta property=\"og:image:height\" content=\"450\" \/>\n\t<meta property=\"og:image:type\" content=\"image\/jpeg\" \/>\n<meta name=\"author\" content=\"Aconteceu no Vale\" \/>\n<meta name=\"twitter:card\" content=\"summary_large_image\" \/>\n<meta name=\"twitter:creator\" content=\"@noticiadosvales\" \/>\n<meta name=\"twitter:site\" content=\"@noticiadosvales\" \/>\n<meta name=\"twitter:label1\" content=\"Escrito por\" \/>\n\t<meta name=\"twitter:data1\" content=\"Aconteceu no Vale\" \/>\n\t<meta name=\"twitter:label2\" content=\"Est. tempo de leitura\" \/>\n\t<meta name=\"twitter:data2\" content=\"1 minuto\" \/>\n<script type=\"application\/ld+json\" class=\"yoast-schema-graph\">{\"@context\":\"https:\\\/\\\/schema.org\",\"@graph\":[{\"@type\":\"Article\",\"@id\":\"https:\\\/\\\/aconteceunovale.com.br\\\/portal\\\/?p=161666#article\",\"isPartOf\":{\"@id\":\"https:\\\/\\\/aconteceunovale.com.br\\\/portal\\\/?p=161666\"},\"author\":{\"name\":\"Aconteceu no Vale\",\"@id\":\"https:\\\/\\\/aconteceunovale.com.br\\\/portal\\\/#\\\/schema\\\/person\\\/633529146f2c94272bef50ac2953d589\"},\"headline\":\"Pol\u00edcia Civil apura furtos e recupera motocicletas subtra\u00eddas em Medina, no Vale do Jequitinhonha\",\"datePublished\":\"2020-04-27T22:26:16+00:00\",\"dateModified\":\"2026-09-02T20:01:50+00:00\",\"mainEntityOfPage\":{\"@id\":\"https:\\\/\\\/aconteceunovale.com.br\\\/portal\\\/?p=161666\"},\"wordCount\":249,\"commentCount\":0,\"image\":{\"@id\":\"https:\\\/\\\/aconteceunovale.com.br\\\/portal\\\/?p=161666#primaryimage\"},\"thumbnailUrl\":\"https:\\\/\\\/aconteceunovale.com.br\\\/portal\\\/wp-content\\\/uploads\\\/2020\\\/04\\\/motos_medina_1.jpg\",\"keywords\":[\"Delegado de Medina\",\"Delegado Thiago Carvalho Medina\",\"Furto de motos em Medina\",\"Medina\",\"Motos furtadas em Medina\",\"PCMG\",\"Pol\u00edcia Civil apura furtos e recupera motocicletas subtra\u00eddas em Medina\",\"Pol\u00edcia Civil de Medina\",\"presos em Medina\",\"Presos por furto de motos em Medina\",\"Roubo de motos em Medina\"],\"articleSection\":[\"Medina\",\"Vale do Jequitinhonha\"],\"inLanguage\":\"pt-BR\",\"potentialAction\":[{\"@type\":\"CommentAction\",\"name\":\"Comment\",\"target\":[\"https:\\\/\\\/aconteceunovale.com.br\\\/portal\\\/?p=161666#respond\"]}]},{\"@type\":\"WebPage\",\"@id\":\"https:\\\/\\\/aconteceunovale.com.br\\\/portal\\\/?p=161666\",\"url\":\"https:\\\/\\\/aconteceunovale.com.br\\\/portal\\\/?p=161666\",\"name\":\"Pol\u00edcia Civil apura furtos e recupera motocicletas subtra\u00eddas em Medina, no Vale do Jequitinhonha - Aconteceu no Vale\",\"isPartOf\":{\"@id\":\"https:\\\/\\\/aconteceunovale.com.br\\\/portal\\\/#website\"},\"primaryImageOfPage\":{\"@id\":\"https:\\\/\\\/aconteceunovale.com.br\\\/portal\\\/?p=161666#primaryimage\"},\"image\":{\"@id\":\"https:\\\/\\\/aconteceunovale.com.br\\\/portal\\\/?p=161666#primaryimage\"},\"thumbnailUrl\":\"https:\\\/\\\/aconteceunovale.com.br\\\/portal\\\/wp-content\\\/uploads\\\/2020\\\/04\\\/motos_medina_1.jpg\",\"datePublished\":\"2020-04-27T22:26:16+00:00\",\"dateModified\":\"2026-09-02T20:01:50+00:00\",\"author\":{\"@id\":\"https:\\\/\\\/aconteceunovale.com.br\\\/portal\\\/#\\\/schema\\\/person\\\/633529146f2c94272bef50ac2953d589\"},\"breadcrumb\":{\"@id\":\"https:\\\/\\\/aconteceunovale.com.br\\\/portal\\\/?p=161666#breadcrumb\"},\"inLanguage\":\"pt-BR\",\"potentialAction\":[{\"@type\":\"ReadAction\",\"target\":[\"https:\\\/\\\/aconteceunovale.com.br\\\/portal\\\/?p=161666\"]}]},{\"@type\":\"ImageObject\",\"inLanguage\":\"pt-BR\",\"@id\":\"https:\\\/\\\/aconteceunovale.com.br\\\/portal\\\/?p=161666#primaryimage\",\"url\":\"https:\\\/\\\/aconteceunovale.com.br\\\/portal\\\/wp-content\\\/uploads\\\/2020\\\/04\\\/motos_medina_1.jpg\",\"contentUrl\":\"https:\\\/\\\/aconteceunovale.com.br\\\/portal\\\/wp-content\\\/uploads\\\/2020\\\/04\\\/motos_medina_1.jpg\",\"width\":658,\"height\":450},{\"@type\":\"BreadcrumbList\",\"@id\":\"https:\\\/\\\/aconteceunovale.com.br\\\/portal\\\/?p=161666#breadcrumb\",\"itemListElement\":[{\"@type\":\"ListItem\",\"position\":1,\"name\":\"In\u00edcio\",\"item\":\"https:\\\/\\\/aconteceunovale.com.br\\\/portal\\\/\"},{\"@type\":\"ListItem\",\"position\":2,\"name\":\"Pol\u00edcia Civil apura furtos e recupera motocicletas subtra\u00eddas em Medina, no Vale do Jequitinhonha\"}]},{\"@type\":\"WebSite\",\"@id\":\"https:\\\/\\\/aconteceunovale.com.br\\\/portal\\\/#website\",\"url\":\"https:\\\/\\\/aconteceunovale.com.br\\\/portal\\\/\",\"name\":\"Aconteceu no Vale\",\"description\":\"Portal de Not\u00edcias\",\"potentialAction\":[{\"@type\":\"SearchAction\",\"target\":{\"@type\":\"EntryPoint\",\"urlTemplate\":\"https:\\\/\\\/aconteceunovale.com.br\\\/portal\\\/?s={search_term_string}\"},\"query-input\":{\"@type\":\"PropertyValueSpecification\",\"valueRequired\":true,\"valueName\":\"search_term_string\"}}],\"inLanguage\":\"pt-BR\"},{\"@type\":\"Person\",\"@id\":\"https:\\\/\\\/aconteceunovale.com.br\\\/portal\\\/#\\\/schema\\\/person\\\/633529146f2c94272bef50ac2953d589\",\"name\":\"Aconteceu no Vale\",\"description\":\"Equipe de reportagem do Aconteceu no Vale, portal de not\u00edcias do Vale do Jequitinhonha, em Minas Gerais. Cobrimos as 51 cidades do Vale desde 2013. Sugest\u00f5es de pauta e pedidos de corre\u00e7\u00e3o: contato@aconteceunovale.com.br\",\"sameAs\":[\"http:\\\/\\\/www.aconteceunovale.com.br\"],\"url\":\"https:\\\/\\\/aconteceunovale.com.br\\\/portal\\\/?author=1\"}]}<\/script>\n<!-- \/ Yoast SEO plugin. -->","yoast_head_json":{"title":"Pol\u00edcia Civil apura furtos e recupera motocicletas subtra\u00eddas em Medina, no Vale do Jequitinhonha - Aconteceu no Vale","robots":{"index":"index","follow":"follow","max-snippet":"max-snippet:-1","max-image-preview":"max-image-preview:large","max-video-preview":"max-video-preview:-1"},"canonical":"https:\/\/aconteceunovale.com.br\/portal\/?p=161666","og_locale":"pt_BR","og_type":"article","og_title":"Pol\u00edcia Civil apura furtos e recupera motocicletas subtra\u00eddas em Medina, no Vale do Jequitinhonha - Aconteceu no Vale","og_description":"A Pol\u00edcia Civil de Minas Gerais (PCMG), por meio da Delegacia de Pol\u00edcia Civil de Medina, concluiu nesta segunda-feira (27\/04\/2020) as investiga\u00e7\u00f5es acerca de dois furtos de motocicletas ocorridos no m\u00eas de mar\u00e7o no munic\u00edpio. Ap\u00f3s levantamentos realizados, ainda no m\u00eas de mar\u00e7o, a PCMG logrou \u00eaxito na localiza\u00e7\u00e3o das duas motocicletas objeto da investiga\u00e7\u00e3o, [&hellip;]","og_url":"https:\/\/aconteceunovale.com.br\/portal\/?p=161666","og_site_name":"Aconteceu no Vale","article_publisher":"https:\/\/www.facebook.com\/aconteceunovale\/","article_published_time":"2020-04-27T22:26:16+00:00","article_modified_time":"2026-09-02T20:01:50+00:00","og_image":[{"width":658,"height":450,"url":"https:\/\/aconteceunovale.com.br\/portal\/wp-content\/uploads\/2020\/04\/motos_medina_1.jpg","type":"image\/jpeg"}],"author":"Aconteceu no Vale","twitter_card":"summary_large_image","twitter_creator":"@noticiadosvales","twitter_site":"@noticiadosvales","twitter_misc":{"Escrito por":"Aconteceu no Vale","Est. tempo de leitura":"1 minuto"},"schema":{"@context":"https:\/\/schema.org","@graph":[{"@type":"Article","@id":"https:\/\/aconteceunovale.com.br\/portal\/?p=161666#article","isPartOf":{"@id":"https:\/\/aconteceunovale.com.br\/portal\/?p=161666"},"author":{"name":"Aconteceu no Vale","@id":"https:\/\/aconteceunovale.com.br\/portal\/#\/schema\/person\/633529146f2c94272bef50ac2953d589"},"headline":"Pol\u00edcia Civil apura furtos e recupera motocicletas subtra\u00eddas em Medina, no Vale do Jequitinhonha","datePublished":"2020-04-27T22:26:16+00:00","dateModified":"2026-09-02T20:01:50+00:00","mainEntityOfPage":{"@id":"https:\/\/aconteceunovale.com.br\/portal\/?p=161666"},"wordCount":249,"commentCount":0,"image":{"@id":"https:\/\/aconteceunovale.com.br\/portal\/?p=161666#primaryimage"},"thumbnailUrl":"https:\/\/aconteceunovale.com.br\/portal\/wp-content\/uploads\/2020\/04\/motos_medina_1.jpg","keywords":["Delegado de Medina","Delegado Thiago Carvalho Medina","Furto de motos em Medina","Medina","Motos furtadas em Medina","PCMG","Pol\u00edcia Civil apura furtos e recupera motocicletas subtra\u00eddas em Medina","Pol\u00edcia Civil de Medina","presos em Medina","Presos por furto de motos em Medina","Roubo de motos em Medina"],"articleSection":["Medina","Vale do Jequitinhonha"],"inLanguage":"pt-BR","potentialAction":[{"@type":"CommentAction","name":"Comment","target":["https:\/\/aconteceunovale.com.br\/portal\/?p=161666#respond"]}]},{"@type":"WebPage","@id":"https:\/\/aconteceunovale.com.br\/portal\/?p=161666","url":"https:\/\/aconteceunovale.com.br\/portal\/?p=161666","name":"Pol\u00edcia Civil apura furtos e recupera motocicletas subtra\u00eddas em Medina, no Vale do Jequitinhonha - Aconteceu no Vale","isPartOf":{"@id":"https:\/\/aconteceunovale.com.br\/portal\/#website"},"primaryImageOfPage":{"@id":"https:\/\/aconteceunovale.com.br\/portal\/?p=161666#primaryimage"},"image":{"@id":"https:\/\/aconteceunovale.com.br\/portal\/?p=161666#primaryimage"},"thumbnailUrl":"https:\/\/aconteceunovale.com.br\/portal\/wp-content\/uploads\/2020\/04\/motos_medina_1.jpg","datePublished":"2020-04-27T22:26:16+00:00","dateModified":"2026-09-02T20:01:50+00:00","author":{"@id":"https:\/\/aconteceunovale.com.br\/portal\/#\/schema\/person\/633529146f2c94272bef50ac2953d589"},"breadcrumb":{"@id":"https:\/\/aconteceunovale.com.br\/portal\/?p=161666#breadcrumb"},"inLanguage":"pt-BR","potentialAction":[{"@type":"ReadAction","target":["https:\/\/aconteceunovale.com.br\/portal\/?p=161666"]}]},{"@type":"ImageObject","inLanguage":"pt-BR","@id":"https:\/\/aconteceunovale.com.br\/portal\/?p=161666#primaryimage","url":"https:\/\/aconteceunovale.com.br\/portal\/wp-content\/uploads\/2020\/04\/motos_medina_1.jpg","contentUrl":"https:\/\/aconteceunovale.com.br\/portal\/wp-content\/uploads\/2020\/04\/motos_medina_1.jpg","width":658,"height":450},{"@type":"BreadcrumbList","@id":"https:\/\/aconteceunovale.com.br\/portal\/?p=161666#breadcrumb","itemListElement":[{"@type":"ListItem","position":1,"name":"In\u00edcio","item":"https:\/\/aconteceunovale.com.br\/portal\/"},{"@type":"ListItem","position":2,"name":"Pol\u00edcia Civil apura furtos e recupera motocicletas subtra\u00eddas em Medina, no Vale do Jequitinhonha"}]},{"@type":"WebSite","@id":"https:\/\/aconteceunovale.com.br\/portal\/#website","url":"https:\/\/aconteceunovale.com.br\/portal\/","name":"Aconteceu no Vale","description":"Portal de Not\u00edcias","potentialAction":[{"@type":"SearchAction","target":{"@type":"EntryPoint","urlTemplate":"https:\/\/aconteceunovale.com.br\/portal\/?s={search_term_string}"},"query-input":{"@type":"PropertyValueSpecification","valueRequired":true,"valueName":"search_term_string"}}],"inLanguage":"pt-BR"},{"@type":"Person","@id":"https:\/\/aconteceunovale.com.br\/portal\/#\/schema\/person\/633529146f2c94272bef50ac2953d589","name":"Aconteceu no Vale","description":"Equipe de reportagem do Aconteceu no Vale, portal de not\u00edcias do Vale do Jequitinhonha, em Minas Gerais. Cobrimos as 51 cidades do Vale desde 2013. Sugest\u00f5es de pauta e pedidos de corre\u00e7\u00e3o: contato@aconteceunovale.com.br","sameAs":["http:\/\/www.aconteceunovale.com.br"],"url":"https:\/\/aconteceunovale.com.br\/portal\/?author=1"}]}},"_links":{"self":[{"href":"https:\/\/aconteceunovale.com.br\/portal\/index.php?rest_route=\/wp\/v2\/posts\/161666","targetHints":{"allow":["GET"]}}],"collection":[{"href":"https:\/\/aconteceunovale.com.br\/portal\/index.php?rest_route=\/wp\/v2\/posts"}],"about":[{"href":"https:\/\/aconteceunovale.com.br\/portal\/index.php?rest_route=\/wp\/v2\/types\/post"}],"author":[{"embeddable":true,"href":"https:\/\/aconteceunovale.com.br\/portal\/index.php?rest_route=\/wp\/v2\/users\/1"}],"replies":[{"embeddable":true,"href":"https:\/\/aconteceunovale.com.br\/portal\/index.php?rest_route=%2Fwp%2Fv2%2Fcomments&post=161666"}],"version-history":[{"count":1,"href":"https:\/\/aconteceunovale.com.br\/portal\/index.php?rest_route=\/wp\/v2\/posts\/161666\/revisions"}],"predecessor-version":[{"id":161668,"href":"https:\/\/aconteceunovale.com.br\/portal\/index.php?rest_route=\/wp\/v2\/posts\/161666\/revisions\/161668"}],"wp:featuredmedia":[{"embeddable":true,"href":"https:\/\/aconteceunovale.com.br\/portal\/index.php?rest_route=\/wp\/v2\/media\/161667"}],"wp:attachment":[{"href":"https:\/\/aconteceunovale.com.br\/portal\/index.php?rest_route=%2Fwp%2Fv2%2Fmedia&parent=161666"}],"wp:term":[{"taxonomy":"category","embeddable":true,"href":"https:\/\/aconteceunovale.com.br\/portal\/index.php?rest_route=%2Fwp%2Fv2%2Fcategories&post=161666"},{"taxonomy":"post_tag","embeddable":true,"href":"https:\/\/aconteceunovale.com.br\/portal\/index.php?rest_route=%2Fwp%2Fv2%2Ftags&post=161666"}],"curies":[{"name":"wp","href":"https:\/\/api.w.org\/{rel}","templated":true}]}}