{"id":161658,"date":"2020-04-27T17:21:24","date_gmt":"2020-04-27T20:21:24","guid":{"rendered":"http:\/\/aconteceunovale.com.br\/portal\/?p=161658"},"modified":"2020-04-27T17:21:54","modified_gmt":"2020-04-27T20:21:54","slug":"coronavirus-vale-do-mucuri-tem-2-obitos-e-pelo-menos-13-infectados","status":"publish","type":"post","link":"https:\/\/aconteceunovale.com.br\/portal\/?p=161658","title":{"rendered":"Coronav\u00edrus: Vale do Mucuri tem 2 \u00f3bitos e pelo menos 13 infectados"},"content":{"rendered":"\n<p>Boletim da Secretaria de Estado de Sa\u00fade de Minas Gerais (SES-MG), atualizado na manh\u00e3 desta segunda-feira (27\/04\/2020), confirma que a regional de Te\u00f3filo Otoni, no Vale do Mucuri, possui dois \u00f3bitos e seis casos de infec\u00e7\u00e3o humana pelo novo coronav\u00edrus (que causa a doen\u00e7a Covid-19).<\/p>\n\n\n\n<p>J\u00e1 as secretarias municipais de sa\u00fade da regi\u00e3o, em informativos divulgados no \u00faltimo final de semana e nesta segunda-feira, confirmam dois \u00f3bitos e 13 casos. Confira abaixo:<\/p>\n\n\n\n<p><strong>Casos confirmados de Covid-19:<\/strong><\/p>\n\n\n\n<figure class=\"wp-block-table\"><table><tbody><tr><td><strong>Munic\u00edpio<\/strong><\/td><td class=\"has-text-align-center\" data-align=\"center\"><strong>Casos confirmados pela SES-MG<\/strong><\/td><td class=\"has-text-align-center\" data-align=\"center\"><strong>Casos confirmados pelo Munic\u00edpio<\/strong><\/td><\/tr><tr><td>Te\u00f3filo Otoni<\/td><td class=\"has-text-align-center\" data-align=\"center\">4<\/td><td class=\"has-text-align-center\" data-align=\"center\">8<\/td><\/tr><tr><td>Carlos Chagas<\/td><td class=\"has-text-align-center\" data-align=\"center\">1<\/td><td class=\"has-text-align-center\" data-align=\"center\">1<\/td><\/tr><tr><td>Nanuque<\/td><td class=\"has-text-align-center\" data-align=\"center\">1<\/td><td class=\"has-text-align-center\" data-align=\"center\">6 <em>(2 confirmados laboratorialmente, 3 testes r\u00e1pidos positivos (aguardando resultado da Funed) e 1 curado)<\/em><\/td><\/tr><tr><td>Novo Cruzeiro<\/td><td class=\"has-text-align-center\" data-align=\"center\">&#8211;<\/td><td class=\"has-text-align-center\" data-align=\"center\">1<\/td><\/tr><\/tbody><\/table><\/figure>\n\n\n\n<p><strong>\u00d3bitos:<\/strong><\/p>\n\n\n\n<figure class=\"wp-block-table\"><table><tbody><tr><td><strong>Munic\u00edpio<\/strong><\/td><td class=\"has-text-align-center\" data-align=\"center\"><strong>\u00d3bitos confirmados pela SES-MG<\/strong><\/td><\/tr><tr><td>Nanuque<\/td><td class=\"has-text-align-center\" data-align=\"center\">1<\/td><\/tr><tr><td>Novo Cruzeiro<\/td><td class=\"has-text-align-center\" data-align=\"center\">1<\/td><\/tr><\/tbody><\/table><\/figure>\n\n\n\n<p><strong>Casos suspeitos:<\/strong><\/p>\n\n\n\n<p>A SES-MG tamb\u00e9m atualizou o n\u00famero casos suspeitos no Vale do Mucuri. Os munic\u00edpios com mais notifica\u00e7\u00f5es s\u00e3o: Te\u00f3filo Otoni (209), Padre Para\u00edso (54), Pot\u00e9 (50), Nanuque (43), Itambacuri (27), Carlos Chagas (25), \u00c1guas Formosas (23), Santa Helena de Minas (23), Novo Cruzeiro (14), Malacacheta (13), Fronteira dos Vales (12) e Catuji (10). O relat\u00f3rio completo est\u00e1 dispon\u00edvel\u00a0<a rel=\"noreferrer noopener\" href=\"http:\/\/aconteceunovale.com.br\/portal\/?p=159949\" target=\"_blank\"><strong>neste link<\/strong><\/a>.<\/p>\n\n\n\n<p class=\"has-background has-very-light-gray-background-color\">Quer saber as not\u00edcias do <strong>Aconteceu no Vale<\/strong> em primeira m\u00e3o? Siga-nos no Facebook <a rel=\"noreferrer noopener\" href=\"http:\/\/facebook.com\/aconteceunovale\" target=\"_blank\">@aconteceunovale<\/a>, Twitter <a rel=\"noreferrer noopener\" href=\"https:\/\/twitter.com\/noticiadosvales\" target=\"_blank\">@noticiadosvales<\/a> e Instagram <a rel=\"noreferrer noopener\" href=\"https:\/\/www.instagram.com\/aconteceunovale\" target=\"_blank\">@aconteceunovale<\/a>.<\/p>\n","protected":false},"excerpt":{"rendered":"<p>Boletim da Secretaria de Estado de Sa\u00fade de Minas Gerais (SES-MG), atualizado na manh\u00e3 desta segunda-feira (27\/04\/2020), confirma que a regional de Te\u00f3filo Otoni, no Vale do Mucuri, possui dois \u00f3bitos e seis casos de infec\u00e7\u00e3o humana pelo novo coronav\u00edrus (que causa a doen\u00e7a Covid-19). J\u00e1 as secretarias municipais de sa\u00fade da regi\u00e3o, em informativos [&hellip;]<\/p>\n","protected":false},"author":1,"featured_media":159472,"comment_status":"open","ping_status":"closed","sticky":false,"template":"","format":"standard","meta":{"amp_status":"","footnotes":""},"categories":[40242,122],"tags":[1175,220824,220823,219574,220822,219575,252,175,164,166],"class_list":["post-161658","post","type-post","status-publish","format-standard","has-post-thumbnail","hentry","category-saude-2","category-mucuri","tag-carlos-chagas","tag-casos-de-coronavirus-no-vale-do-mucuri","tag-casos-de-covid-19-no-vale-do-mucuri","tag-coronavirus-no-vale-do-mucuri","tag-coronavirus-vale-do-mucuri-tem-2-obitos-e-pelo-menos-13-infectados","tag-covid-19-no-vale-do-mucuri","tag-nanuque","tag-novo-cruzeiro","tag-teofilo-otoni","tag-vale-do-mucuri"],"_links":{"self":[{"href":"https:\/\/aconteceunovale.com.br\/portal\/index.php?rest_route=\/wp\/v2\/posts\/161658","targetHints":{"allow":["GET"]}}],"collection":[{"href":"https:\/\/aconteceunovale.com.br\/portal\/index.php?rest_route=\/wp\/v2\/posts"}],"about":[{"href":"https:\/\/aconteceunovale.com.br\/portal\/index.php?rest_route=\/wp\/v2\/types\/post"}],"author":[{"embeddable":true,"href":"https:\/\/aconteceunovale.com.br\/portal\/index.php?rest_route=\/wp\/v2\/users\/1"}],"replies":[{"embeddable":true,"href":"https:\/\/aconteceunovale.com.br\/portal\/index.php?rest_route=%2Fwp%2Fv2%2Fcomments&post=161658"}],"version-history":[{"count":1,"href":"https:\/\/aconteceunovale.com.br\/portal\/index.php?rest_route=\/wp\/v2\/posts\/161658\/revisions"}],"predecessor-version":[{"id":161659,"href":"https:\/\/aconteceunovale.com.br\/portal\/index.php?rest_route=\/wp\/v2\/posts\/161658\/revisions\/161659"}],"wp:featuredmedia":[{"embeddable":true,"href":"https:\/\/aconteceunovale.com.br\/portal\/index.php?rest_route=\/wp\/v2\/media\/159472"}],"wp:attachment":[{"href":"https:\/\/aconteceunovale.com.br\/portal\/index.php?rest_route=%2Fwp%2Fv2%2Fmedia&parent=161658"}],"wp:term":[{"taxonomy":"category","embeddable":true,"href":"https:\/\/aconteceunovale.com.br\/portal\/index.php?rest_route=%2Fwp%2Fv2%2Fcategories&post=161658"},{"taxonomy":"post_tag","embeddable":true,"href":"https:\/\/aconteceunovale.com.br\/portal\/index.php?rest_route=%2Fwp%2Fv2%2Ftags&post=161658"}],"curies":[{"name":"wp","href":"https:\/\/api.w.org\/{rel}","templated":true}]}}