{"id":161656,"date":"2020-04-27T16:41:39","date_gmt":"2020-04-27T19:41:39","guid":{"rendered":"http:\/\/aconteceunovale.com.br\/portal\/?p=161656"},"modified":"2020-04-27T16:42:40","modified_gmt":"2020-04-27T19:42:40","slug":"vale-do-jequitinhonha-tem-7-casos-confirmados-de-coronavirus","status":"publish","type":"post","link":"https:\/\/aconteceunovale.com.br\/portal\/?p=161656","title":{"rendered":"Vale do Jequitinhonha tem 7 casos confirmados de coronav\u00edrus"},"content":{"rendered":"\n<p class=\"wp-block-paragraph\">Boletim da Secretaria de Estado de Sa\u00fade de Minas Gerais (SES-MG), atualizado na manh\u00e3 desta segunda-feira (27\/04\/2020), confirma que as regionais de Diamantina e Pedra Azul, no Vale do Jequitinhonha, possuem sete casos de infec\u00e7\u00e3o humana pelo novo coronav\u00edrus (que causa a doen\u00e7a Covid-19). Os pacientes s\u00e3o de Almenara (5), Itaobim (1) e Minas Novas (1).<\/p>\n\n\n\n<p class=\"wp-block-paragraph\"><strong>Casos confirmados de Covid-19:<\/strong><\/p>\n\n\n\n<figure class=\"wp-block-table\"><table class=\"has-subtle-pale-green-background-color has-background\"><tbody><tr><td><strong>Munic\u00edpio<\/strong><\/td><td class=\"has-text-align-center\" data-align=\"center\"><strong>Casos confirmados pela SES-MG<\/strong><\/td><td class=\"has-text-align-center\" data-align=\"center\"><strong>Casos confirmados pelo Munic\u00edpio<\/strong><\/td><\/tr><tr><td>Almenara<\/td><td class=\"has-text-align-center\" data-align=\"center\">5<\/td><td class=\"has-text-align-center\" data-align=\"center\">5<\/td><\/tr><tr><td>Itaobim<\/td><td class=\"has-text-align-center\" data-align=\"center\">1<\/td><td class=\"has-text-align-center\" data-align=\"center\">1<\/td><\/tr><tr><td>Minas Novas<\/td><td class=\"has-text-align-center\" data-align=\"center\">1<\/td><td class=\"has-text-align-center\" data-align=\"center\">1<\/td><\/tr><\/tbody><\/table><\/figure>\n\n\n\n<p class=\"wp-block-paragraph\"><strong>Casos suspeitos:<\/strong><\/p>\n\n\n\n<p class=\"wp-block-paragraph\">A SES-MG tamb\u00e9m atualizou o n\u00famero casos suspeitos no Vale do Jequitinhonha. Os munic\u00edpios com mais notifica\u00e7\u00f5es s\u00e3o: Diamantina (121), Concei\u00e7\u00e3o do Mato Dentro (119), Ara\u00e7ua\u00ed (99), Sabin\u00f3polis (78), Couto de Magalh\u00e3es de Minas (61), Almenara (57), Capelinha (54), Turmalina (49) e Serro (43). O relat\u00f3rio completo est\u00e1 dispon\u00edvel <a rel=\"noreferrer noopener\" href=\"http:\/\/aconteceunovale.com.br\/portal\/?p=159949\" target=\"_blank\"><strong>neste link<\/strong><\/a>.<\/p>\n\n\n\n<p class=\"has-background has-very-light-gray-background-color wp-block-paragraph\">Quer saber as not\u00edcias do <strong>Aconteceu no Vale<\/strong> em primeira m\u00e3o? Siga-nos no Facebook <a rel=\"noreferrer noopener\" href=\"http:\/\/facebook.com\/aconteceunovale\" target=\"_blank\">@aconteceunovale<\/a>, Twitter <a rel=\"noreferrer noopener\" href=\"https:\/\/twitter.com\/noticiadosvales\" target=\"_blank\">@noticiadosvales<\/a> e Instagram <a rel=\"noreferrer noopener\" href=\"https:\/\/www.instagram.com\/aconteceunovale\" target=\"_blank\">@aconteceunovale<\/a>.<\/p>\n","protected":false},"excerpt":{"rendered":"<p>Boletim da Secretaria de Estado de Sa\u00fade de Minas Gerais (SES-MG), atualizado na manh\u00e3 desta segunda-feira (27\/04\/2020), confirma que as regionais de Diamantina e Pedra Azul, no Vale do Jequitinhonha, possuem sete casos de infec\u00e7\u00e3o humana pelo novo coronav\u00edrus (que causa a doen\u00e7a Covid-19). Os pacientes s\u00e3o de Almenara (5), Itaobim (1) e Minas Novas [&hellip;]<\/p>\n","protected":false},"author":1,"featured_media":161060,"comment_status":"open","ping_status":"closed","sticky":false,"template":"","format":"standard","meta":{"amp_status":"","footnotes":""},"categories":[40242,120],"tags":[142,220820,220821,218053,218054,1018,391,137,133,220819],"class_list":["post-161656","post","type-post","status-publish","format-standard","has-post-thumbnail","hentry","category-saude-2","category-jequi","tag-almenara","tag-casos-de-coronavirus-no-vale-do-jequitinhonha","tag-casos-de-covid-19-no-vale-do-jequitinhonha","tag-coronavirus-no-vale-do-jequitinhonha","tag-covid-19-no-vale-do-jequitinhonha","tag-destaque","tag-itaobim","tag-minas-novas","tag-vale-do-jequitinhonha","tag-vale-do-jequitinhonha-tem-7-casos-confirmados-de-coronavirus"],"yoast_head":"<!-- This site is optimized with the Yoast SEO plugin v28.3 - https:\/\/yoast.com\/product\/yoast-seo-wordpress\/ -->\n<title>Vale do Jequitinhonha tem 7 casos confirmados de coronav\u00edrus - Aconteceu no Vale<\/title>\n<meta name=\"robots\" content=\"index, follow, max-snippet:-1, max-image-preview:large, max-video-preview:-1\" \/>\n<link rel=\"canonical\" href=\"https:\/\/aconteceunovale.com.br\/portal\/?p=161656\" \/>\n<meta property=\"og:locale\" content=\"pt_BR\" \/>\n<meta property=\"og:type\" content=\"article\" \/>\n<meta property=\"og:title\" content=\"Vale do Jequitinhonha tem 7 casos confirmados de coronav\u00edrus - Aconteceu no Vale\" \/>\n<meta property=\"og:description\" content=\"Boletim da Secretaria de Estado de Sa\u00fade de Minas Gerais (SES-MG), atualizado na manh\u00e3 desta segunda-feira (27\/04\/2020), confirma que as regionais de Diamantina e Pedra Azul, no Vale do Jequitinhonha, possuem sete casos de infec\u00e7\u00e3o humana pelo novo coronav\u00edrus (que causa a doen\u00e7a Covid-19). Os pacientes s\u00e3o de Almenara (5), Itaobim (1) e Minas Novas [&hellip;]\" \/>\n<meta property=\"og:url\" content=\"https:\/\/aconteceunovale.com.br\/portal\/?p=161656\" \/>\n<meta property=\"og:site_name\" content=\"Aconteceu no Vale\" \/>\n<meta property=\"article:publisher\" content=\"https:\/\/www.facebook.com\/aconteceunovale\/\" \/>\n<meta property=\"article:published_time\" content=\"2020-04-27T19:41:39+00:00\" \/>\n<meta property=\"article:modified_time\" content=\"2020-04-27T19:42:40+00:00\" \/>\n<meta property=\"og:image\" content=\"https:\/\/aconteceunovale.com.br\/portal\/wp-content\/uploads\/2020\/04\/covid_corona.jpg\" \/>\n\t<meta property=\"og:image:width\" content=\"678\" \/>\n\t<meta property=\"og:image:height\" content=\"349\" \/>\n\t<meta property=\"og:image:type\" content=\"image\/jpeg\" \/>\n<meta name=\"author\" content=\"Aconteceu no Vale\" \/>\n<meta name=\"twitter:card\" content=\"summary_large_image\" \/>\n<meta name=\"twitter:creator\" content=\"@noticiadosvales\" \/>\n<meta name=\"twitter:site\" content=\"@noticiadosvales\" \/>\n<meta name=\"twitter:label1\" content=\"Escrito por\" \/>\n\t<meta name=\"twitter:data1\" content=\"Aconteceu no Vale\" \/>\n\t<meta name=\"twitter:label2\" content=\"Est. tempo de leitura\" \/>\n\t<meta name=\"twitter:data2\" content=\"1 minuto\" \/>\n<script type=\"application\/ld+json\" class=\"yoast-schema-graph\">{\"@context\":\"https:\\\/\\\/schema.org\",\"@graph\":[{\"@type\":\"Article\",\"@id\":\"https:\\\/\\\/aconteceunovale.com.br\\\/portal\\\/?p=161656#article\",\"isPartOf\":{\"@id\":\"https:\\\/\\\/aconteceunovale.com.br\\\/portal\\\/?p=161656\"},\"author\":{\"name\":\"Aconteceu no Vale\",\"@id\":\"https:\\\/\\\/aconteceunovale.com.br\\\/portal\\\/#\\\/schema\\\/person\\\/633529146f2c94272bef50ac2953d589\"},\"headline\":\"Vale do Jequitinhonha tem 7 casos confirmados de coronav\u00edrus\",\"datePublished\":\"2020-04-27T19:41:39+00:00\",\"dateModified\":\"2020-04-27T19:42:40+00:00\",\"mainEntityOfPage\":{\"@id\":\"https:\\\/\\\/aconteceunovale.com.br\\\/portal\\\/?p=161656\"},\"wordCount\":162,\"commentCount\":0,\"image\":{\"@id\":\"https:\\\/\\\/aconteceunovale.com.br\\\/portal\\\/?p=161656#primaryimage\"},\"thumbnailUrl\":\"https:\\\/\\\/aconteceunovale.com.br\\\/portal\\\/wp-content\\\/uploads\\\/2020\\\/04\\\/covid_corona.jpg\",\"keywords\":[\"Almenara\",\"Casos de coronav\u00edrus no Vale do Jequitinhonha\",\"Casos de covid-19 no Vale do Jequitinhonha\",\"Coronav\u00edrus no Vale do Jequitinhonha\",\"Covid-19 no Vale do Jequitinhonha\",\"destaque\",\"Itaobim\",\"Minas Novas\",\"Vale do Jequitinhonha\",\"Vale do Jequitinhonha tem 7 casos confirmados de coronav\u00edrus\"],\"articleSection\":[\"Sa\u00fade\",\"Vale do Jequitinhonha\"],\"inLanguage\":\"pt-BR\",\"potentialAction\":[{\"@type\":\"CommentAction\",\"name\":\"Comment\",\"target\":[\"https:\\\/\\\/aconteceunovale.com.br\\\/portal\\\/?p=161656#respond\"]}]},{\"@type\":\"WebPage\",\"@id\":\"https:\\\/\\\/aconteceunovale.com.br\\\/portal\\\/?p=161656\",\"url\":\"https:\\\/\\\/aconteceunovale.com.br\\\/portal\\\/?p=161656\",\"name\":\"Vale do Jequitinhonha tem 7 casos confirmados de coronav\u00edrus - Aconteceu no Vale\",\"isPartOf\":{\"@id\":\"https:\\\/\\\/aconteceunovale.com.br\\\/portal\\\/#website\"},\"primaryImageOfPage\":{\"@id\":\"https:\\\/\\\/aconteceunovale.com.br\\\/portal\\\/?p=161656#primaryimage\"},\"image\":{\"@id\":\"https:\\\/\\\/aconteceunovale.com.br\\\/portal\\\/?p=161656#primaryimage\"},\"thumbnailUrl\":\"https:\\\/\\\/aconteceunovale.com.br\\\/portal\\\/wp-content\\\/uploads\\\/2020\\\/04\\\/covid_corona.jpg\",\"datePublished\":\"2020-04-27T19:41:39+00:00\",\"dateModified\":\"2020-04-27T19:42:40+00:00\",\"author\":{\"@id\":\"https:\\\/\\\/aconteceunovale.com.br\\\/portal\\\/#\\\/schema\\\/person\\\/633529146f2c94272bef50ac2953d589\"},\"breadcrumb\":{\"@id\":\"https:\\\/\\\/aconteceunovale.com.br\\\/portal\\\/?p=161656#breadcrumb\"},\"inLanguage\":\"pt-BR\",\"potentialAction\":[{\"@type\":\"ReadAction\",\"target\":[\"https:\\\/\\\/aconteceunovale.com.br\\\/portal\\\/?p=161656\"]}]},{\"@type\":\"ImageObject\",\"inLanguage\":\"pt-BR\",\"@id\":\"https:\\\/\\\/aconteceunovale.com.br\\\/portal\\\/?p=161656#primaryimage\",\"url\":\"https:\\\/\\\/aconteceunovale.com.br\\\/portal\\\/wp-content\\\/uploads\\\/2020\\\/04\\\/covid_corona.jpg\",\"contentUrl\":\"https:\\\/\\\/aconteceunovale.com.br\\\/portal\\\/wp-content\\\/uploads\\\/2020\\\/04\\\/covid_corona.jpg\",\"width\":678,\"height\":349},{\"@type\":\"BreadcrumbList\",\"@id\":\"https:\\\/\\\/aconteceunovale.com.br\\\/portal\\\/?p=161656#breadcrumb\",\"itemListElement\":[{\"@type\":\"ListItem\",\"position\":1,\"name\":\"In\u00edcio\",\"item\":\"https:\\\/\\\/aconteceunovale.com.br\\\/portal\\\/\"},{\"@type\":\"ListItem\",\"position\":2,\"name\":\"Vale do Jequitinhonha tem 7 casos confirmados de coronav\u00edrus\"}]},{\"@type\":\"WebSite\",\"@id\":\"https:\\\/\\\/aconteceunovale.com.br\\\/portal\\\/#website\",\"url\":\"https:\\\/\\\/aconteceunovale.com.br\\\/portal\\\/\",\"name\":\"Aconteceu no Vale\",\"description\":\"Portal de Not\u00edcias\",\"potentialAction\":[{\"@type\":\"SearchAction\",\"target\":{\"@type\":\"EntryPoint\",\"urlTemplate\":\"https:\\\/\\\/aconteceunovale.com.br\\\/portal\\\/?s={search_term_string}\"},\"query-input\":{\"@type\":\"PropertyValueSpecification\",\"valueRequired\":true,\"valueName\":\"search_term_string\"}}],\"inLanguage\":\"pt-BR\"},{\"@type\":\"Person\",\"@id\":\"https:\\\/\\\/aconteceunovale.com.br\\\/portal\\\/#\\\/schema\\\/person\\\/633529146f2c94272bef50ac2953d589\",\"name\":\"Aconteceu no Vale\",\"description\":\"Equipe de reportagem do Aconteceu no Vale, portal de not\u00edcias do Vale do Jequitinhonha, em Minas Gerais. Cobrimos as 51 cidades do Vale desde 2013. Sugest\u00f5es de pauta e pedidos de corre\u00e7\u00e3o: contato@aconteceunovale.com.br\",\"sameAs\":[\"http:\\\/\\\/www.aconteceunovale.com.br\"],\"url\":\"https:\\\/\\\/aconteceunovale.com.br\\\/portal\\\/?author=1\"}]}<\/script>\n<!-- \/ Yoast SEO plugin. -->","yoast_head_json":{"title":"Vale do Jequitinhonha tem 7 casos confirmados de coronav\u00edrus - Aconteceu no Vale","robots":{"index":"index","follow":"follow","max-snippet":"max-snippet:-1","max-image-preview":"max-image-preview:large","max-video-preview":"max-video-preview:-1"},"canonical":"https:\/\/aconteceunovale.com.br\/portal\/?p=161656","og_locale":"pt_BR","og_type":"article","og_title":"Vale do Jequitinhonha tem 7 casos confirmados de coronav\u00edrus - Aconteceu no Vale","og_description":"Boletim da Secretaria de Estado de Sa\u00fade de Minas Gerais (SES-MG), atualizado na manh\u00e3 desta segunda-feira (27\/04\/2020), confirma que as regionais de Diamantina e Pedra Azul, no Vale do Jequitinhonha, possuem sete casos de infec\u00e7\u00e3o humana pelo novo coronav\u00edrus (que causa a doen\u00e7a Covid-19). Os pacientes s\u00e3o de Almenara (5), Itaobim (1) e Minas Novas [&hellip;]","og_url":"https:\/\/aconteceunovale.com.br\/portal\/?p=161656","og_site_name":"Aconteceu no Vale","article_publisher":"https:\/\/www.facebook.com\/aconteceunovale\/","article_published_time":"2020-04-27T19:41:39+00:00","article_modified_time":"2020-04-27T19:42:40+00:00","og_image":[{"width":678,"height":349,"url":"https:\/\/aconteceunovale.com.br\/portal\/wp-content\/uploads\/2020\/04\/covid_corona.jpg","type":"image\/jpeg"}],"author":"Aconteceu no Vale","twitter_card":"summary_large_image","twitter_creator":"@noticiadosvales","twitter_site":"@noticiadosvales","twitter_misc":{"Escrito por":"Aconteceu no Vale","Est. tempo de leitura":"1 minuto"},"schema":{"@context":"https:\/\/schema.org","@graph":[{"@type":"Article","@id":"https:\/\/aconteceunovale.com.br\/portal\/?p=161656#article","isPartOf":{"@id":"https:\/\/aconteceunovale.com.br\/portal\/?p=161656"},"author":{"name":"Aconteceu no Vale","@id":"https:\/\/aconteceunovale.com.br\/portal\/#\/schema\/person\/633529146f2c94272bef50ac2953d589"},"headline":"Vale do Jequitinhonha tem 7 casos confirmados de coronav\u00edrus","datePublished":"2020-04-27T19:41:39+00:00","dateModified":"2020-04-27T19:42:40+00:00","mainEntityOfPage":{"@id":"https:\/\/aconteceunovale.com.br\/portal\/?p=161656"},"wordCount":162,"commentCount":0,"image":{"@id":"https:\/\/aconteceunovale.com.br\/portal\/?p=161656#primaryimage"},"thumbnailUrl":"https:\/\/aconteceunovale.com.br\/portal\/wp-content\/uploads\/2020\/04\/covid_corona.jpg","keywords":["Almenara","Casos de coronav\u00edrus no Vale do Jequitinhonha","Casos de covid-19 no Vale do Jequitinhonha","Coronav\u00edrus no Vale do Jequitinhonha","Covid-19 no Vale do Jequitinhonha","destaque","Itaobim","Minas Novas","Vale do Jequitinhonha","Vale do Jequitinhonha tem 7 casos confirmados de coronav\u00edrus"],"articleSection":["Sa\u00fade","Vale do Jequitinhonha"],"inLanguage":"pt-BR","potentialAction":[{"@type":"CommentAction","name":"Comment","target":["https:\/\/aconteceunovale.com.br\/portal\/?p=161656#respond"]}]},{"@type":"WebPage","@id":"https:\/\/aconteceunovale.com.br\/portal\/?p=161656","url":"https:\/\/aconteceunovale.com.br\/portal\/?p=161656","name":"Vale do Jequitinhonha tem 7 casos confirmados de coronav\u00edrus - Aconteceu no Vale","isPartOf":{"@id":"https:\/\/aconteceunovale.com.br\/portal\/#website"},"primaryImageOfPage":{"@id":"https:\/\/aconteceunovale.com.br\/portal\/?p=161656#primaryimage"},"image":{"@id":"https:\/\/aconteceunovale.com.br\/portal\/?p=161656#primaryimage"},"thumbnailUrl":"https:\/\/aconteceunovale.com.br\/portal\/wp-content\/uploads\/2020\/04\/covid_corona.jpg","datePublished":"2020-04-27T19:41:39+00:00","dateModified":"2020-04-27T19:42:40+00:00","author":{"@id":"https:\/\/aconteceunovale.com.br\/portal\/#\/schema\/person\/633529146f2c94272bef50ac2953d589"},"breadcrumb":{"@id":"https:\/\/aconteceunovale.com.br\/portal\/?p=161656#breadcrumb"},"inLanguage":"pt-BR","potentialAction":[{"@type":"ReadAction","target":["https:\/\/aconteceunovale.com.br\/portal\/?p=161656"]}]},{"@type":"ImageObject","inLanguage":"pt-BR","@id":"https:\/\/aconteceunovale.com.br\/portal\/?p=161656#primaryimage","url":"https:\/\/aconteceunovale.com.br\/portal\/wp-content\/uploads\/2020\/04\/covid_corona.jpg","contentUrl":"https:\/\/aconteceunovale.com.br\/portal\/wp-content\/uploads\/2020\/04\/covid_corona.jpg","width":678,"height":349},{"@type":"BreadcrumbList","@id":"https:\/\/aconteceunovale.com.br\/portal\/?p=161656#breadcrumb","itemListElement":[{"@type":"ListItem","position":1,"name":"In\u00edcio","item":"https:\/\/aconteceunovale.com.br\/portal\/"},{"@type":"ListItem","position":2,"name":"Vale do Jequitinhonha tem 7 casos confirmados de coronav\u00edrus"}]},{"@type":"WebSite","@id":"https:\/\/aconteceunovale.com.br\/portal\/#website","url":"https:\/\/aconteceunovale.com.br\/portal\/","name":"Aconteceu no Vale","description":"Portal de Not\u00edcias","potentialAction":[{"@type":"SearchAction","target":{"@type":"EntryPoint","urlTemplate":"https:\/\/aconteceunovale.com.br\/portal\/?s={search_term_string}"},"query-input":{"@type":"PropertyValueSpecification","valueRequired":true,"valueName":"search_term_string"}}],"inLanguage":"pt-BR"},{"@type":"Person","@id":"https:\/\/aconteceunovale.com.br\/portal\/#\/schema\/person\/633529146f2c94272bef50ac2953d589","name":"Aconteceu no Vale","description":"Equipe de reportagem do Aconteceu no Vale, portal de not\u00edcias do Vale do Jequitinhonha, em Minas Gerais. Cobrimos as 51 cidades do Vale desde 2013. Sugest\u00f5es de pauta e pedidos de corre\u00e7\u00e3o: contato@aconteceunovale.com.br","sameAs":["http:\/\/www.aconteceunovale.com.br"],"url":"https:\/\/aconteceunovale.com.br\/portal\/?author=1"}]}},"_links":{"self":[{"href":"https:\/\/aconteceunovale.com.br\/portal\/index.php?rest_route=\/wp\/v2\/posts\/161656","targetHints":{"allow":["GET"]}}],"collection":[{"href":"https:\/\/aconteceunovale.com.br\/portal\/index.php?rest_route=\/wp\/v2\/posts"}],"about":[{"href":"https:\/\/aconteceunovale.com.br\/portal\/index.php?rest_route=\/wp\/v2\/types\/post"}],"author":[{"embeddable":true,"href":"https:\/\/aconteceunovale.com.br\/portal\/index.php?rest_route=\/wp\/v2\/users\/1"}],"replies":[{"embeddable":true,"href":"https:\/\/aconteceunovale.com.br\/portal\/index.php?rest_route=%2Fwp%2Fv2%2Fcomments&post=161656"}],"version-history":[{"count":1,"href":"https:\/\/aconteceunovale.com.br\/portal\/index.php?rest_route=\/wp\/v2\/posts\/161656\/revisions"}],"predecessor-version":[{"id":161657,"href":"https:\/\/aconteceunovale.com.br\/portal\/index.php?rest_route=\/wp\/v2\/posts\/161656\/revisions\/161657"}],"wp:featuredmedia":[{"embeddable":true,"href":"https:\/\/aconteceunovale.com.br\/portal\/index.php?rest_route=\/wp\/v2\/media\/161060"}],"wp:attachment":[{"href":"https:\/\/aconteceunovale.com.br\/portal\/index.php?rest_route=%2Fwp%2Fv2%2Fmedia&parent=161656"}],"wp:term":[{"taxonomy":"category","embeddable":true,"href":"https:\/\/aconteceunovale.com.br\/portal\/index.php?rest_route=%2Fwp%2Fv2%2Fcategories&post=161656"},{"taxonomy":"post_tag","embeddable":true,"href":"https:\/\/aconteceunovale.com.br\/portal\/index.php?rest_route=%2Fwp%2Fv2%2Ftags&post=161656"}],"curies":[{"name":"wp","href":"https:\/\/api.w.org\/{rel}","templated":true}]}}