{"id":161652,"date":"2020-04-27T15:25:20","date_gmt":"2020-04-27T18:25:20","guid":{"rendered":"http:\/\/aconteceunovale.com.br\/portal\/?p=161652"},"modified":"2020-04-27T15:27:31","modified_gmt":"2020-04-27T18:27:31","slug":"teofilo-otoni-confirma-oito-casos-de-coronavirus","status":"publish","type":"post","link":"https:\/\/aconteceunovale.com.br\/portal\/?p=161652","title":{"rendered":"Te\u00f3filo Otoni confirma oito casos de coronav\u00edrus"},"content":{"rendered":"\n<p class=\"wp-block-paragraph\">Boletim epidemiol\u00f3gico da Prefeitura de Te\u00f3filo Otoni (MG), atualizado na manh\u00e3 desta segunda-feira (27\/04\/2020), confirma que o munic\u00edpio possui oito casos de infec\u00e7\u00e3o humana por coronav\u00edrus (Covid-19). Tr\u00eas pacientes s\u00e3o profissionais da \u00e1rea da sa\u00fade.<\/p>\n\n\n\n<p class=\"wp-block-paragraph\">Segundo a Administra\u00e7\u00e3o Municipal, os quatro novos pacientes s\u00e3o do sexo feminino, com idades entre 24 e 26 anos, e todos seguem em isolamento domiciliar. &nbsp;<\/p>\n\n\n\n<p class=\"wp-block-paragraph\">O primeiro caso de Covid-19 na cidade foi confirmado na \u00faltima quarta-feira (22\/04). A paciente \u00e9 uma profissional de sa\u00fade, de 35 anos, que trabalha na rede p\u00fablica municipal.<\/p>\n\n\n\n<p class=\"wp-block-paragraph\">Na sexta-feira, dia 24, a Prefeitura de Te\u00f3filo Otoni informou que uma segunda profissional de sa\u00fade, de 45 anos, havia sido diagnosticada com a doen\u00e7a.<\/p>\n\n\n\n<p class=\"wp-block-paragraph\">No domingo (26), o munic\u00edpio confirmou o quarto caso positivo de Covid-19 e o terceiro trabalhador da \u00e1rea da sa\u00fade infectado. A paciente tem 40 anos, apresenta sintomas leves e est\u00e1 em isolamento domiciliar.<\/p>\n\n\n\n<h4 class=\"wp-block-heading\"><strong>Coronav\u00edrus em Te\u00f3filo Otoni (27\/04\/2020):<\/strong><\/h4>\n\n\n\n<ul class=\"wp-block-list\"><li>245 notifica\u00e7\u00f5es (casos suspeitos de coronav\u00edrus notificados entre 16\/03 e 27\/04\/2020)<\/li><\/ul>\n\n\n\n<ul class=\"wp-block-list\"><li>101 casos de s\u00edndrome gripal leve (em monitoramento e sem necessidade de coleta de material para exames, conforme protocolo da Secretaria Estadual de Sa\u00fade &#8211; SES\/MG)<\/li><\/ul>\n\n\n\n<ul class=\"wp-block-list\"><li>38 casos sa\u00edram do isolamento (casos de s\u00edndrome gripal leve que encerraram o monitoramento sem a necessidade de coleta de material para exames)<\/li><\/ul>\n\n\n\n<ul class=\"wp-block-list\"><li>08 casos confirmados (pacientes com amostra positiva para Covid-19)<\/li><\/ul>\n\n\n\n<ul class=\"wp-block-list\"><li>67 casos descartados (pacientes com amostra negativa para Covid-19)<\/li><\/ul>\n\n\n\n<ul class=\"wp-block-list\"><li>31 casos suspeitos em investiga\u00e7\u00e3o (pacientes em isolamento e que aguardam resultado de exame)<\/li><\/ul>\n\n\n\n<figure class=\"wp-block-image size-large\"><img decoding=\"async\" src=\"http:\/\/aconteceu.info\/pub\/coronavirus_teo_boletim27abril.jpg\" alt=\"\"\/><\/figure>\n\n\n\n<h2 class=\"wp-block-heading\"><strong>Sanitiza\u00e7\u00e3o de locais p\u00fablicos<\/strong><\/h2>\n\n\n\n<p style=\"background-color:#b4fade\" class=\"has-background wp-block-paragraph\"><em>A Secretaria Municipal de Sa\u00fade de Te\u00f3filo Otoni promove a cada dois dias a sanitiza\u00e7\u00e3o em pra\u00e7as e pr\u00e9dios p\u00fablicos de grande circula\u00e7\u00e3o de pessoas. A medida tenta reduzir a possibilidade de transmiss\u00e3o do Coronav\u00edrus (Covid-19).<br><\/em><br><em>O trabalho utiliza a t\u00e9cnica de varredura \u00famida que \u00e9 eficaz no combate de bact\u00e9rias, fungos e v\u00edrus. Os pontos higienizados s\u00e3o: \u00e1reas externas e internas do Centro Pop, Cevida, Mercado Municipal, Pra\u00e7as, Prefeitura e Secretaria Municipal de Sa\u00fade. J\u00e1 a higieniza\u00e7\u00e3o nos hospitais Raimundo Gobira e UPA acontece todos os dias pela manh\u00e3.<\/em><\/p>\n\n\n\n<p class=\"has-background has-very-light-gray-background-color wp-block-paragraph\">Quer saber as not\u00edcias do <strong>Aconteceu no Vale<\/strong> em primeira m\u00e3o? Siga-nos no Facebook <a rel=\"noreferrer noopener\" href=\"http:\/\/facebook.com\/aconteceunovale\" target=\"_blank\">@aconteceunovale<\/a>, Twitter <a rel=\"noreferrer noopener\" href=\"https:\/\/twitter.com\/noticiadosvales\" target=\"_blank\">@noticiadosvales<\/a> e Instagram <a rel=\"noreferrer noopener\" href=\"https:\/\/www.instagram.com\/aconteceunovale\" target=\"_blank\">@aconteceunovale<\/a>.<\/p>\n","protected":false},"excerpt":{"rendered":"<p>Boletim epidemiol\u00f3gico da Prefeitura de Te\u00f3filo Otoni (MG), atualizado na manh\u00e3 desta segunda-feira (27\/04\/2020), confirma que o munic\u00edpio possui oito casos de infec\u00e7\u00e3o humana por coronav\u00edrus (Covid-19). Tr\u00eas pacientes s\u00e3o profissionais da \u00e1rea da sa\u00fade. Segundo a Administra\u00e7\u00e3o Municipal, os quatro novos pacientes s\u00e3o do sexo feminino, com idades entre 24 e 26 anos, e [&hellip;]<\/p>\n","protected":false},"author":1,"featured_media":161382,"comment_status":"open","ping_status":"closed","sticky":false,"template":"","format":"standard","meta":{"amp_status":"","footnotes":""},"categories":[40242,122],"tags":[220816,214884,220365,216498,220363,1018,220815,220817,220818,164,220813,220814,220812],"class_list":["post-161652","post","type-post","status-publish","format-standard","has-post-thumbnail","hentry","category-saude-2","category-mucuri","tag-casos-de-coronavirus-em-teofilo-otoni","tag-coronavirus","tag-coronavirus-em-teofilo-otoni","tag-covid-19","tag-covid-19-em-teofilo-otoni","tag-destaque","tag-infectados-por-coronavirus-em-teofilo-otoni","tag-pacientes-de-coronavirus-em-teofilo-otoni","tag-profissionais-de-saude-infectados-com-coronavirus-em-teofilo-otoni","tag-teofilo-otoni","tag-teofilo-otoni-confirma-oito-casos-de-coronavirus","tag-teofilo-otoni-coronavirus","tag-teofilo-otoni-covid-19"],"yoast_head":"<!-- This site is optimized with the Yoast SEO plugin v28.3 - https:\/\/yoast.com\/product\/yoast-seo-wordpress\/ -->\n<title>Te\u00f3filo Otoni confirma oito casos de coronav\u00edrus - Aconteceu no Vale<\/title>\n<meta name=\"robots\" content=\"index, follow, max-snippet:-1, max-image-preview:large, max-video-preview:-1\" \/>\n<link rel=\"canonical\" href=\"https:\/\/aconteceunovale.com.br\/portal\/?p=161652\" \/>\n<meta property=\"og:locale\" content=\"pt_BR\" \/>\n<meta property=\"og:type\" content=\"article\" \/>\n<meta property=\"og:title\" content=\"Te\u00f3filo Otoni confirma oito casos de coronav\u00edrus - Aconteceu no Vale\" \/>\n<meta property=\"og:description\" content=\"Boletim epidemiol\u00f3gico da Prefeitura de Te\u00f3filo Otoni (MG), atualizado na manh\u00e3 desta segunda-feira (27\/04\/2020), confirma que o munic\u00edpio possui oito casos de infec\u00e7\u00e3o humana por coronav\u00edrus (Covid-19). Tr\u00eas pacientes s\u00e3o profissionais da \u00e1rea da sa\u00fade. Segundo a Administra\u00e7\u00e3o Municipal, os quatro novos pacientes s\u00e3o do sexo feminino, com idades entre 24 e 26 anos, e [&hellip;]\" \/>\n<meta property=\"og:url\" content=\"https:\/\/aconteceunovale.com.br\/portal\/?p=161652\" \/>\n<meta property=\"og:site_name\" content=\"Aconteceu no Vale\" \/>\n<meta property=\"article:publisher\" content=\"https:\/\/www.facebook.com\/aconteceunovale\/\" \/>\n<meta property=\"article:published_time\" content=\"2020-04-27T18:25:20+00:00\" \/>\n<meta property=\"article:modified_time\" content=\"2020-04-27T18:27:31+00:00\" \/>\n<meta property=\"og:image\" content=\"https:\/\/aconteceunovale.com.br\/portal\/wp-content\/uploads\/2020\/04\/teofilo_otoni.jpg\" \/>\n\t<meta property=\"og:image:width\" content=\"678\" \/>\n\t<meta property=\"og:image:height\" content=\"381\" \/>\n\t<meta property=\"og:image:type\" content=\"image\/jpeg\" \/>\n<meta name=\"author\" content=\"Aconteceu no Vale\" \/>\n<meta name=\"twitter:card\" content=\"summary_large_image\" \/>\n<meta name=\"twitter:creator\" content=\"@noticiadosvales\" \/>\n<meta name=\"twitter:site\" content=\"@noticiadosvales\" \/>\n<meta name=\"twitter:label1\" content=\"Escrito por\" \/>\n\t<meta name=\"twitter:data1\" content=\"Aconteceu no Vale\" \/>\n\t<meta name=\"twitter:label2\" content=\"Est. tempo de leitura\" \/>\n\t<meta name=\"twitter:data2\" content=\"2 minutos\" \/>\n<script type=\"application\/ld+json\" class=\"yoast-schema-graph\">{\"@context\":\"https:\\\/\\\/schema.org\",\"@graph\":[{\"@type\":\"Article\",\"@id\":\"https:\\\/\\\/aconteceunovale.com.br\\\/portal\\\/?p=161652#article\",\"isPartOf\":{\"@id\":\"https:\\\/\\\/aconteceunovale.com.br\\\/portal\\\/?p=161652\"},\"author\":{\"name\":\"Aconteceu no Vale\",\"@id\":\"https:\\\/\\\/aconteceunovale.com.br\\\/portal\\\/#\\\/schema\\\/person\\\/633529146f2c94272bef50ac2953d589\"},\"headline\":\"Te\u00f3filo Otoni confirma oito casos de coronav\u00edrus\",\"datePublished\":\"2020-04-27T18:25:20+00:00\",\"dateModified\":\"2020-04-27T18:27:31+00:00\",\"mainEntityOfPage\":{\"@id\":\"https:\\\/\\\/aconteceunovale.com.br\\\/portal\\\/?p=161652\"},\"wordCount\":396,\"commentCount\":0,\"image\":{\"@id\":\"https:\\\/\\\/aconteceunovale.com.br\\\/portal\\\/?p=161652#primaryimage\"},\"thumbnailUrl\":\"https:\\\/\\\/aconteceunovale.com.br\\\/portal\\\/wp-content\\\/uploads\\\/2020\\\/04\\\/teofilo_otoni.jpg\",\"keywords\":[\"Casos de coronav\u00edrus em Te\u00f3filo Otoni\",\"Coronav\u00edrus\",\"Coronav\u00edrus em Te\u00f3filo Otoni\",\"COVID-19\",\"Covid-19 em Te\u00f3filo Otoni\",\"destaque\",\"Infectados por coronav\u00edrus em Te\u00f3filo Otoni\",\"Pacientes de coronav\u00edrus em Te\u00f3filo Otoni\",\"Profissionais de sa\u00fade infectados com coronav\u00edrus em Te\u00f3filo Otoni\",\"Te\u00f3filo Otoni\",\"Te\u00f3filo Otoni confirma oito casos de coronav\u00edrus\",\"Te\u00f3filo Otoni coronav\u00edrus\",\"Te\u00f3filo Otoni Covid-19\"],\"articleSection\":[\"Sa\u00fade\",\"Vale do Mucuri\"],\"inLanguage\":\"pt-BR\",\"potentialAction\":[{\"@type\":\"CommentAction\",\"name\":\"Comment\",\"target\":[\"https:\\\/\\\/aconteceunovale.com.br\\\/portal\\\/?p=161652#respond\"]}]},{\"@type\":\"WebPage\",\"@id\":\"https:\\\/\\\/aconteceunovale.com.br\\\/portal\\\/?p=161652\",\"url\":\"https:\\\/\\\/aconteceunovale.com.br\\\/portal\\\/?p=161652\",\"name\":\"Te\u00f3filo Otoni confirma oito casos de coronav\u00edrus - Aconteceu no Vale\",\"isPartOf\":{\"@id\":\"https:\\\/\\\/aconteceunovale.com.br\\\/portal\\\/#website\"},\"primaryImageOfPage\":{\"@id\":\"https:\\\/\\\/aconteceunovale.com.br\\\/portal\\\/?p=161652#primaryimage\"},\"image\":{\"@id\":\"https:\\\/\\\/aconteceunovale.com.br\\\/portal\\\/?p=161652#primaryimage\"},\"thumbnailUrl\":\"https:\\\/\\\/aconteceunovale.com.br\\\/portal\\\/wp-content\\\/uploads\\\/2020\\\/04\\\/teofilo_otoni.jpg\",\"datePublished\":\"2020-04-27T18:25:20+00:00\",\"dateModified\":\"2020-04-27T18:27:31+00:00\",\"author\":{\"@id\":\"https:\\\/\\\/aconteceunovale.com.br\\\/portal\\\/#\\\/schema\\\/person\\\/633529146f2c94272bef50ac2953d589\"},\"breadcrumb\":{\"@id\":\"https:\\\/\\\/aconteceunovale.com.br\\\/portal\\\/?p=161652#breadcrumb\"},\"inLanguage\":\"pt-BR\",\"potentialAction\":[{\"@type\":\"ReadAction\",\"target\":[\"https:\\\/\\\/aconteceunovale.com.br\\\/portal\\\/?p=161652\"]}]},{\"@type\":\"ImageObject\",\"inLanguage\":\"pt-BR\",\"@id\":\"https:\\\/\\\/aconteceunovale.com.br\\\/portal\\\/?p=161652#primaryimage\",\"url\":\"https:\\\/\\\/aconteceunovale.com.br\\\/portal\\\/wp-content\\\/uploads\\\/2020\\\/04\\\/teofilo_otoni.jpg\",\"contentUrl\":\"https:\\\/\\\/aconteceunovale.com.br\\\/portal\\\/wp-content\\\/uploads\\\/2020\\\/04\\\/teofilo_otoni.jpg\",\"width\":678,\"height\":381},{\"@type\":\"BreadcrumbList\",\"@id\":\"https:\\\/\\\/aconteceunovale.com.br\\\/portal\\\/?p=161652#breadcrumb\",\"itemListElement\":[{\"@type\":\"ListItem\",\"position\":1,\"name\":\"In\u00edcio\",\"item\":\"https:\\\/\\\/aconteceunovale.com.br\\\/portal\\\/\"},{\"@type\":\"ListItem\",\"position\":2,\"name\":\"Te\u00f3filo Otoni confirma oito casos de coronav\u00edrus\"}]},{\"@type\":\"WebSite\",\"@id\":\"https:\\\/\\\/aconteceunovale.com.br\\\/portal\\\/#website\",\"url\":\"https:\\\/\\\/aconteceunovale.com.br\\\/portal\\\/\",\"name\":\"Aconteceu no Vale\",\"description\":\"Portal de Not\u00edcias\",\"potentialAction\":[{\"@type\":\"SearchAction\",\"target\":{\"@type\":\"EntryPoint\",\"urlTemplate\":\"https:\\\/\\\/aconteceunovale.com.br\\\/portal\\\/?s={search_term_string}\"},\"query-input\":{\"@type\":\"PropertyValueSpecification\",\"valueRequired\":true,\"valueName\":\"search_term_string\"}}],\"inLanguage\":\"pt-BR\"},{\"@type\":\"Person\",\"@id\":\"https:\\\/\\\/aconteceunovale.com.br\\\/portal\\\/#\\\/schema\\\/person\\\/633529146f2c94272bef50ac2953d589\",\"name\":\"Aconteceu no Vale\",\"description\":\"Equipe de reportagem do Aconteceu no Vale, portal de not\u00edcias do Vale do Jequitinhonha, em Minas Gerais. Cobrimos as 51 cidades do Vale desde 2013. Sugest\u00f5es de pauta e pedidos de corre\u00e7\u00e3o: contato@aconteceunovale.com.br\",\"sameAs\":[\"http:\\\/\\\/www.aconteceunovale.com.br\"],\"url\":\"https:\\\/\\\/aconteceunovale.com.br\\\/portal\\\/?author=1\"}]}<\/script>\n<!-- \/ Yoast SEO plugin. -->","yoast_head_json":{"title":"Te\u00f3filo Otoni confirma oito casos de coronav\u00edrus - Aconteceu no Vale","robots":{"index":"index","follow":"follow","max-snippet":"max-snippet:-1","max-image-preview":"max-image-preview:large","max-video-preview":"max-video-preview:-1"},"canonical":"https:\/\/aconteceunovale.com.br\/portal\/?p=161652","og_locale":"pt_BR","og_type":"article","og_title":"Te\u00f3filo Otoni confirma oito casos de coronav\u00edrus - Aconteceu no Vale","og_description":"Boletim epidemiol\u00f3gico da Prefeitura de Te\u00f3filo Otoni (MG), atualizado na manh\u00e3 desta segunda-feira (27\/04\/2020), confirma que o munic\u00edpio possui oito casos de infec\u00e7\u00e3o humana por coronav\u00edrus (Covid-19). Tr\u00eas pacientes s\u00e3o profissionais da \u00e1rea da sa\u00fade. Segundo a Administra\u00e7\u00e3o Municipal, os quatro novos pacientes s\u00e3o do sexo feminino, com idades entre 24 e 26 anos, e [&hellip;]","og_url":"https:\/\/aconteceunovale.com.br\/portal\/?p=161652","og_site_name":"Aconteceu no Vale","article_publisher":"https:\/\/www.facebook.com\/aconteceunovale\/","article_published_time":"2020-04-27T18:25:20+00:00","article_modified_time":"2020-04-27T18:27:31+00:00","og_image":[{"width":678,"height":381,"url":"https:\/\/aconteceunovale.com.br\/portal\/wp-content\/uploads\/2020\/04\/teofilo_otoni.jpg","type":"image\/jpeg"}],"author":"Aconteceu no Vale","twitter_card":"summary_large_image","twitter_creator":"@noticiadosvales","twitter_site":"@noticiadosvales","twitter_misc":{"Escrito por":"Aconteceu no Vale","Est. tempo de leitura":"2 minutos"},"schema":{"@context":"https:\/\/schema.org","@graph":[{"@type":"Article","@id":"https:\/\/aconteceunovale.com.br\/portal\/?p=161652#article","isPartOf":{"@id":"https:\/\/aconteceunovale.com.br\/portal\/?p=161652"},"author":{"name":"Aconteceu no Vale","@id":"https:\/\/aconteceunovale.com.br\/portal\/#\/schema\/person\/633529146f2c94272bef50ac2953d589"},"headline":"Te\u00f3filo Otoni confirma oito casos de coronav\u00edrus","datePublished":"2020-04-27T18:25:20+00:00","dateModified":"2020-04-27T18:27:31+00:00","mainEntityOfPage":{"@id":"https:\/\/aconteceunovale.com.br\/portal\/?p=161652"},"wordCount":396,"commentCount":0,"image":{"@id":"https:\/\/aconteceunovale.com.br\/portal\/?p=161652#primaryimage"},"thumbnailUrl":"https:\/\/aconteceunovale.com.br\/portal\/wp-content\/uploads\/2020\/04\/teofilo_otoni.jpg","keywords":["Casos de coronav\u00edrus em Te\u00f3filo Otoni","Coronav\u00edrus","Coronav\u00edrus em Te\u00f3filo Otoni","COVID-19","Covid-19 em Te\u00f3filo Otoni","destaque","Infectados por coronav\u00edrus em Te\u00f3filo Otoni","Pacientes de coronav\u00edrus em Te\u00f3filo Otoni","Profissionais de sa\u00fade infectados com coronav\u00edrus em Te\u00f3filo Otoni","Te\u00f3filo Otoni","Te\u00f3filo Otoni confirma oito casos de coronav\u00edrus","Te\u00f3filo Otoni coronav\u00edrus","Te\u00f3filo Otoni Covid-19"],"articleSection":["Sa\u00fade","Vale do Mucuri"],"inLanguage":"pt-BR","potentialAction":[{"@type":"CommentAction","name":"Comment","target":["https:\/\/aconteceunovale.com.br\/portal\/?p=161652#respond"]}]},{"@type":"WebPage","@id":"https:\/\/aconteceunovale.com.br\/portal\/?p=161652","url":"https:\/\/aconteceunovale.com.br\/portal\/?p=161652","name":"Te\u00f3filo Otoni confirma oito casos de coronav\u00edrus - Aconteceu no Vale","isPartOf":{"@id":"https:\/\/aconteceunovale.com.br\/portal\/#website"},"primaryImageOfPage":{"@id":"https:\/\/aconteceunovale.com.br\/portal\/?p=161652#primaryimage"},"image":{"@id":"https:\/\/aconteceunovale.com.br\/portal\/?p=161652#primaryimage"},"thumbnailUrl":"https:\/\/aconteceunovale.com.br\/portal\/wp-content\/uploads\/2020\/04\/teofilo_otoni.jpg","datePublished":"2020-04-27T18:25:20+00:00","dateModified":"2020-04-27T18:27:31+00:00","author":{"@id":"https:\/\/aconteceunovale.com.br\/portal\/#\/schema\/person\/633529146f2c94272bef50ac2953d589"},"breadcrumb":{"@id":"https:\/\/aconteceunovale.com.br\/portal\/?p=161652#breadcrumb"},"inLanguage":"pt-BR","potentialAction":[{"@type":"ReadAction","target":["https:\/\/aconteceunovale.com.br\/portal\/?p=161652"]}]},{"@type":"ImageObject","inLanguage":"pt-BR","@id":"https:\/\/aconteceunovale.com.br\/portal\/?p=161652#primaryimage","url":"https:\/\/aconteceunovale.com.br\/portal\/wp-content\/uploads\/2020\/04\/teofilo_otoni.jpg","contentUrl":"https:\/\/aconteceunovale.com.br\/portal\/wp-content\/uploads\/2020\/04\/teofilo_otoni.jpg","width":678,"height":381},{"@type":"BreadcrumbList","@id":"https:\/\/aconteceunovale.com.br\/portal\/?p=161652#breadcrumb","itemListElement":[{"@type":"ListItem","position":1,"name":"In\u00edcio","item":"https:\/\/aconteceunovale.com.br\/portal\/"},{"@type":"ListItem","position":2,"name":"Te\u00f3filo Otoni confirma oito casos de coronav\u00edrus"}]},{"@type":"WebSite","@id":"https:\/\/aconteceunovale.com.br\/portal\/#website","url":"https:\/\/aconteceunovale.com.br\/portal\/","name":"Aconteceu no Vale","description":"Portal de Not\u00edcias","potentialAction":[{"@type":"SearchAction","target":{"@type":"EntryPoint","urlTemplate":"https:\/\/aconteceunovale.com.br\/portal\/?s={search_term_string}"},"query-input":{"@type":"PropertyValueSpecification","valueRequired":true,"valueName":"search_term_string"}}],"inLanguage":"pt-BR"},{"@type":"Person","@id":"https:\/\/aconteceunovale.com.br\/portal\/#\/schema\/person\/633529146f2c94272bef50ac2953d589","name":"Aconteceu no Vale","description":"Equipe de reportagem do Aconteceu no Vale, portal de not\u00edcias do Vale do Jequitinhonha, em Minas Gerais. Cobrimos as 51 cidades do Vale desde 2013. Sugest\u00f5es de pauta e pedidos de corre\u00e7\u00e3o: contato@aconteceunovale.com.br","sameAs":["http:\/\/www.aconteceunovale.com.br"],"url":"https:\/\/aconteceunovale.com.br\/portal\/?author=1"}]}},"_links":{"self":[{"href":"https:\/\/aconteceunovale.com.br\/portal\/index.php?rest_route=\/wp\/v2\/posts\/161652","targetHints":{"allow":["GET"]}}],"collection":[{"href":"https:\/\/aconteceunovale.com.br\/portal\/index.php?rest_route=\/wp\/v2\/posts"}],"about":[{"href":"https:\/\/aconteceunovale.com.br\/portal\/index.php?rest_route=\/wp\/v2\/types\/post"}],"author":[{"embeddable":true,"href":"https:\/\/aconteceunovale.com.br\/portal\/index.php?rest_route=\/wp\/v2\/users\/1"}],"replies":[{"embeddable":true,"href":"https:\/\/aconteceunovale.com.br\/portal\/index.php?rest_route=%2Fwp%2Fv2%2Fcomments&post=161652"}],"version-history":[{"count":1,"href":"https:\/\/aconteceunovale.com.br\/portal\/index.php?rest_route=\/wp\/v2\/posts\/161652\/revisions"}],"predecessor-version":[{"id":161653,"href":"https:\/\/aconteceunovale.com.br\/portal\/index.php?rest_route=\/wp\/v2\/posts\/161652\/revisions\/161653"}],"wp:featuredmedia":[{"embeddable":true,"href":"https:\/\/aconteceunovale.com.br\/portal\/index.php?rest_route=\/wp\/v2\/media\/161382"}],"wp:attachment":[{"href":"https:\/\/aconteceunovale.com.br\/portal\/index.php?rest_route=%2Fwp%2Fv2%2Fmedia&parent=161652"}],"wp:term":[{"taxonomy":"category","embeddable":true,"href":"https:\/\/aconteceunovale.com.br\/portal\/index.php?rest_route=%2Fwp%2Fv2%2Fcategories&post=161652"},{"taxonomy":"post_tag","embeddable":true,"href":"https:\/\/aconteceunovale.com.br\/portal\/index.php?rest_route=%2Fwp%2Fv2%2Ftags&post=161652"}],"curies":[{"name":"wp","href":"https:\/\/api.w.org\/{rel}","templated":true}]}}