{"id":161648,"date":"2020-04-27T13:24:47","date_gmt":"2020-04-27T16:24:47","guid":{"rendered":"http:\/\/aconteceunovale.com.br\/portal\/?p=161648"},"modified":"2020-04-27T13:25:27","modified_gmt":"2020-04-27T16:25:27","slug":"saque-do-auxilio-emergencial-de-r-600-comeca-a-ser-liberado-nesta-segunda-feira","status":"publish","type":"post","link":"https:\/\/aconteceunovale.com.br\/portal\/?p=161648","title":{"rendered":"Saque do aux\u00edlio emergencial de R$ 600 come\u00e7a a ser liberado nesta segunda-feira"},"content":{"rendered":"\n<p class=\"wp-block-paragraph\">A Caixa Econ\u00f4mica Federal come\u00e7a a liberar hoje (27\/04\/2020) o saque do aux\u00edlio emergencial, de forma escalonada, conforme o m\u00eas de nascimento do benefici\u00e1rio. O objetivo da libera\u00e7\u00e3o aos poucos \u00e9 reduzir o n\u00famero de pessoas nas ag\u00eancias e lot\u00e9ricas e, assim, evitar aglomera\u00e7\u00f5es.<\/p>\n\n\n\n<p class=\"wp-block-paragraph\">Os recursos creditados na poupan\u00e7a digital j\u00e1 podiam ser utilizados por meio do aplicativo Caixa Tem para pagamentos e transfer\u00eancias, entre outros servi\u00e7os. Quem indicou conta banc\u00e1ria anterior ou recebeu os R$ 600 em substitui\u00e7\u00e3o ao Bolsa Fam\u00edlia n\u00e3o tem restri\u00e7\u00e3o para saque.<\/p>\n\n\n\n<p class=\"wp-block-paragraph\">Veja o calend\u00e1rio de saque em esp\u00e9cie da poupan\u00e7a digital sem cart\u00e3o nos canais de autoatendimento e lot\u00e9ricas:<\/p>\n\n\n\n<ul class=\"wp-block-list\"><li>27 de abril \u2013 nascidos em janeiro e fevereiro<\/li><li>28 de abril \u2013 nascidos em mar\u00e7o e abril<\/li><li>29 de abril \u2013 nascidos em maio e junho<\/li><li>30 de abril \u2013 nascidos julho e agosto<\/li><li>04 de maio \u2013 nascidos em setembro e outubro<\/li><li>05 de maio \u2013 nascidos em novembro e dezembro<\/li><\/ul>\n\n\n\n<h2 class=\"wp-block-heading\">Balan\u00e7o<\/h2>\n\n\n\n<p class=\"wp-block-paragraph\">At\u00e9 as 21h desse domingo (26), a Caixa havia creditado R$ 26,2 bilh\u00f5es para 37,2 milh\u00f5es de pessoas, grupo formado por benefici\u00e1rios do Bolsa Fam\u00edlia, aqueles que fizeram inscri\u00e7\u00e3o no Cadastro \u00danico para Programas Sociais (Cad\u00danico) e no aplicativo ou site do aux\u00edlio.<\/p>\n\n\n\n<p class=\"wp-block-paragraph\">Pelo calend\u00e1rio da Caixa, foi iniciado o pagamento da segunda parcela no \u00faltimo dia 23, para os benefici\u00e1rios nascidos em janeiro e fevereiro. Hoje \u00e9 a vez dos nascidos em julho e agosto, amanh\u00e3 (28), a segunda parcela ser\u00e1 paga aos nascidos em setembro e outubro e na quarta-feira (29), aos nascidos em novembro e dezembro.<\/p>\n\n\n\n<p class=\"wp-block-paragraph\">O banco tamb\u00e9m segue fazendo pagamento para benefici\u00e1rio do Bolsa Fam\u00edlia, conforme calend\u00e1rio normal do programa. Hoje, ser\u00e1 feito o pagamento para 921.061 pessoas, com N\u00famero de Identifica\u00e7\u00e3o Social (NIS) final 7.&nbsp;<\/p>\n\n\n\n<p class=\"wp-block-paragraph\">Amanh\u00e3 ser\u00e1 creditado o benef\u00edcio para 917.991 pessoas, com NIS final 8. Na quarta-feira, ser\u00e1 feito o pagamento para 920.953 pessoas com NIS final 9, e na quinta-feira (30), ser\u00e1 a vez de 918.047 pessoas, com NIS final 0.<\/p>\n\n\n\n<p class=\"has-background has-very-light-gray-background-color wp-block-paragraph\">Quer saber as not\u00edcias do <strong>Aconteceu no Vale<\/strong> em primeira m\u00e3o? Siga-nos no Facebook <a rel=\"noreferrer noopener\" href=\"http:\/\/facebook.com\/aconteceunovale\" target=\"_blank\">@aconteceunovale<\/a>, Twitter <a rel=\"noreferrer noopener\" href=\"https:\/\/twitter.com\/noticiadosvales\" target=\"_blank\">@noticiadosvales<\/a> e Instagram <a rel=\"noreferrer noopener\" href=\"https:\/\/www.instagram.com\/aconteceunovale\" target=\"_blank\">@aconteceunovale<\/a>.<\/p>\n","protected":false},"excerpt":{"rendered":"<p>A Caixa Econ\u00f4mica Federal come\u00e7a a liberar hoje (27\/04\/2020) o saque do aux\u00edlio emergencial, de forma escalonada, conforme o m\u00eas de nascimento do benefici\u00e1rio. O objetivo da libera\u00e7\u00e3o aos poucos \u00e9 reduzir o n\u00famero de pessoas nas ag\u00eancias e lot\u00e9ricas e, assim, evitar aglomera\u00e7\u00f5es. Os recursos creditados na poupan\u00e7a digital j\u00e1 podiam ser utilizados por [&hellip;]<\/p>\n","protected":false},"author":1,"featured_media":161592,"comment_status":"open","ping_status":"closed","sticky":false,"template":"","format":"standard","meta":{"amp_status":"","footnotes":""},"categories":[6],"tags":[219405,219383,219292,23072,220801,220802,220803,220800,220799,220798,220797],"class_list":["post-161648","post","type-post","status-publish","format-standard","has-post-thumbnail","hentry","category-br","tag-auxilio-de-r-600","tag-auxilio-emergencial","tag-auxilio-emergencial-de-r-600","tag-caixa","tag-calendario-auxilio-emergencial","tag-calendario-para-saque-do-auxilio-emergencial","tag-sacar-auxilio-emergencial","tag-saque-do-auxilio-de-r-600","tag-saque-do-auxilio-emergencial","tag-saque-do-auxilio-emergencial-de-r-600","tag-saque-do-auxilio-emergencial-de-r-600-comeca-a-ser-liberado-nesta-segunda-feira"],"yoast_head":"<!-- This site is optimized with the Yoast SEO plugin v28.3 - https:\/\/yoast.com\/product\/yoast-seo-wordpress\/ -->\n<title>Saque do aux\u00edlio emergencial de R$ 600 come\u00e7a a ser liberado nesta segunda-feira - Aconteceu no Vale<\/title>\n<meta name=\"robots\" content=\"index, follow, max-snippet:-1, max-image-preview:large, max-video-preview:-1\" \/>\n<link rel=\"canonical\" href=\"https:\/\/aconteceunovale.com.br\/portal\/?p=161648\" \/>\n<meta property=\"og:locale\" content=\"pt_BR\" \/>\n<meta property=\"og:type\" content=\"article\" \/>\n<meta property=\"og:title\" content=\"Saque do aux\u00edlio emergencial de R$ 600 come\u00e7a a ser liberado nesta segunda-feira - Aconteceu no Vale\" \/>\n<meta property=\"og:description\" content=\"A Caixa Econ\u00f4mica Federal come\u00e7a a liberar hoje (27\/04\/2020) o saque do aux\u00edlio emergencial, de forma escalonada, conforme o m\u00eas de nascimento do benefici\u00e1rio. O objetivo da libera\u00e7\u00e3o aos poucos \u00e9 reduzir o n\u00famero de pessoas nas ag\u00eancias e lot\u00e9ricas e, assim, evitar aglomera\u00e7\u00f5es. Os recursos creditados na poupan\u00e7a digital j\u00e1 podiam ser utilizados por [&hellip;]\" \/>\n<meta property=\"og:url\" content=\"https:\/\/aconteceunovale.com.br\/portal\/?p=161648\" \/>\n<meta property=\"og:site_name\" content=\"Aconteceu no Vale\" \/>\n<meta property=\"article:publisher\" content=\"https:\/\/www.facebook.com\/aconteceunovale\/\" \/>\n<meta property=\"article:published_time\" content=\"2020-04-27T16:24:47+00:00\" \/>\n<meta property=\"article:modified_time\" content=\"2020-04-27T16:25:27+00:00\" \/>\n<meta property=\"og:image\" content=\"https:\/\/aconteceunovale.com.br\/portal\/wp-content\/uploads\/2020\/04\/auxilio_caixa.jpg\" \/>\n\t<meta property=\"og:image:width\" content=\"780\" \/>\n\t<meta property=\"og:image:height\" content=\"500\" \/>\n\t<meta property=\"og:image:type\" content=\"image\/jpeg\" \/>\n<meta name=\"author\" content=\"Aconteceu no Vale\" \/>\n<meta name=\"twitter:card\" content=\"summary_large_image\" \/>\n<meta name=\"twitter:creator\" content=\"@noticiadosvales\" \/>\n<meta name=\"twitter:site\" content=\"@noticiadosvales\" \/>\n<meta name=\"twitter:label1\" content=\"Escrito por\" \/>\n\t<meta name=\"twitter:data1\" content=\"Aconteceu no Vale\" \/>\n\t<meta name=\"twitter:label2\" content=\"Est. tempo de leitura\" \/>\n\t<meta name=\"twitter:data2\" content=\"2 minutos\" \/>\n<script type=\"application\/ld+json\" class=\"yoast-schema-graph\">{\"@context\":\"https:\\\/\\\/schema.org\",\"@graph\":[{\"@type\":\"Article\",\"@id\":\"https:\\\/\\\/aconteceunovale.com.br\\\/portal\\\/?p=161648#article\",\"isPartOf\":{\"@id\":\"https:\\\/\\\/aconteceunovale.com.br\\\/portal\\\/?p=161648\"},\"author\":{\"name\":\"Aconteceu no Vale\",\"@id\":\"https:\\\/\\\/aconteceunovale.com.br\\\/portal\\\/#\\\/schema\\\/person\\\/633529146f2c94272bef50ac2953d589\"},\"headline\":\"Saque do aux\u00edlio emergencial de R$ 600 come\u00e7a a ser liberado nesta segunda-feira\",\"datePublished\":\"2020-04-27T16:24:47+00:00\",\"dateModified\":\"2020-04-27T16:25:27+00:00\",\"mainEntityOfPage\":{\"@id\":\"https:\\\/\\\/aconteceunovale.com.br\\\/portal\\\/?p=161648\"},\"wordCount\":376,\"commentCount\":0,\"image\":{\"@id\":\"https:\\\/\\\/aconteceunovale.com.br\\\/portal\\\/?p=161648#primaryimage\"},\"thumbnailUrl\":\"https:\\\/\\\/aconteceunovale.com.br\\\/portal\\\/wp-content\\\/uploads\\\/2020\\\/04\\\/auxilio_caixa.jpg\",\"keywords\":[\"Aux\u00edlio de R$ 600\",\"aux\u00edlio emergencial\",\"Aux\u00edlio emergencial de R$ 600\",\"Caixa\",\"Calend\u00e1rio aux\u00edlio emergencial\",\"Calend\u00e1rio para saque do aux\u00edlio emergencial\",\"Sacar aux\u00edlio emergencial\",\"Saque do aux\u00edlio de R$ 600\",\"Saque do aux\u00edlio emergencial\",\"Saque do aux\u00edlio emergencial de R$ 600\",\"Saque do aux\u00edlio emergencial de R$ 600 come\u00e7a a ser liberado nesta segunda-feira\"],\"articleSection\":[\"Brasil\"],\"inLanguage\":\"pt-BR\",\"potentialAction\":[{\"@type\":\"CommentAction\",\"name\":\"Comment\",\"target\":[\"https:\\\/\\\/aconteceunovale.com.br\\\/portal\\\/?p=161648#respond\"]}]},{\"@type\":\"WebPage\",\"@id\":\"https:\\\/\\\/aconteceunovale.com.br\\\/portal\\\/?p=161648\",\"url\":\"https:\\\/\\\/aconteceunovale.com.br\\\/portal\\\/?p=161648\",\"name\":\"Saque do aux\u00edlio emergencial de R$ 600 come\u00e7a a ser liberado nesta segunda-feira - Aconteceu no Vale\",\"isPartOf\":{\"@id\":\"https:\\\/\\\/aconteceunovale.com.br\\\/portal\\\/#website\"},\"primaryImageOfPage\":{\"@id\":\"https:\\\/\\\/aconteceunovale.com.br\\\/portal\\\/?p=161648#primaryimage\"},\"image\":{\"@id\":\"https:\\\/\\\/aconteceunovale.com.br\\\/portal\\\/?p=161648#primaryimage\"},\"thumbnailUrl\":\"https:\\\/\\\/aconteceunovale.com.br\\\/portal\\\/wp-content\\\/uploads\\\/2020\\\/04\\\/auxilio_caixa.jpg\",\"datePublished\":\"2020-04-27T16:24:47+00:00\",\"dateModified\":\"2020-04-27T16:25:27+00:00\",\"author\":{\"@id\":\"https:\\\/\\\/aconteceunovale.com.br\\\/portal\\\/#\\\/schema\\\/person\\\/633529146f2c94272bef50ac2953d589\"},\"breadcrumb\":{\"@id\":\"https:\\\/\\\/aconteceunovale.com.br\\\/portal\\\/?p=161648#breadcrumb\"},\"inLanguage\":\"pt-BR\",\"potentialAction\":[{\"@type\":\"ReadAction\",\"target\":[\"https:\\\/\\\/aconteceunovale.com.br\\\/portal\\\/?p=161648\"]}]},{\"@type\":\"ImageObject\",\"inLanguage\":\"pt-BR\",\"@id\":\"https:\\\/\\\/aconteceunovale.com.br\\\/portal\\\/?p=161648#primaryimage\",\"url\":\"https:\\\/\\\/aconteceunovale.com.br\\\/portal\\\/wp-content\\\/uploads\\\/2020\\\/04\\\/auxilio_caixa.jpg\",\"contentUrl\":\"https:\\\/\\\/aconteceunovale.com.br\\\/portal\\\/wp-content\\\/uploads\\\/2020\\\/04\\\/auxilio_caixa.jpg\",\"width\":780,\"height\":500},{\"@type\":\"BreadcrumbList\",\"@id\":\"https:\\\/\\\/aconteceunovale.com.br\\\/portal\\\/?p=161648#breadcrumb\",\"itemListElement\":[{\"@type\":\"ListItem\",\"position\":1,\"name\":\"In\u00edcio\",\"item\":\"https:\\\/\\\/aconteceunovale.com.br\\\/portal\\\/\"},{\"@type\":\"ListItem\",\"position\":2,\"name\":\"Saque do aux\u00edlio emergencial de R$ 600 come\u00e7a a ser liberado nesta segunda-feira\"}]},{\"@type\":\"WebSite\",\"@id\":\"https:\\\/\\\/aconteceunovale.com.br\\\/portal\\\/#website\",\"url\":\"https:\\\/\\\/aconteceunovale.com.br\\\/portal\\\/\",\"name\":\"Aconteceu no Vale\",\"description\":\"Portal de Not\u00edcias\",\"potentialAction\":[{\"@type\":\"SearchAction\",\"target\":{\"@type\":\"EntryPoint\",\"urlTemplate\":\"https:\\\/\\\/aconteceunovale.com.br\\\/portal\\\/?s={search_term_string}\"},\"query-input\":{\"@type\":\"PropertyValueSpecification\",\"valueRequired\":true,\"valueName\":\"search_term_string\"}}],\"inLanguage\":\"pt-BR\"},{\"@type\":\"Person\",\"@id\":\"https:\\\/\\\/aconteceunovale.com.br\\\/portal\\\/#\\\/schema\\\/person\\\/633529146f2c94272bef50ac2953d589\",\"name\":\"Aconteceu no Vale\",\"description\":\"Equipe de reportagem do Aconteceu no Vale, portal de not\u00edcias do Vale do Jequitinhonha, em Minas Gerais. Cobrimos as 51 cidades do Vale desde 2013. Sugest\u00f5es de pauta e pedidos de corre\u00e7\u00e3o: contato@aconteceunovale.com.br\",\"sameAs\":[\"http:\\\/\\\/www.aconteceunovale.com.br\"],\"url\":\"https:\\\/\\\/aconteceunovale.com.br\\\/portal\\\/?author=1\"}]}<\/script>\n<!-- \/ Yoast SEO plugin. -->","yoast_head_json":{"title":"Saque do aux\u00edlio emergencial de R$ 600 come\u00e7a a ser liberado nesta segunda-feira - Aconteceu no Vale","robots":{"index":"index","follow":"follow","max-snippet":"max-snippet:-1","max-image-preview":"max-image-preview:large","max-video-preview":"max-video-preview:-1"},"canonical":"https:\/\/aconteceunovale.com.br\/portal\/?p=161648","og_locale":"pt_BR","og_type":"article","og_title":"Saque do aux\u00edlio emergencial de R$ 600 come\u00e7a a ser liberado nesta segunda-feira - Aconteceu no Vale","og_description":"A Caixa Econ\u00f4mica Federal come\u00e7a a liberar hoje (27\/04\/2020) o saque do aux\u00edlio emergencial, de forma escalonada, conforme o m\u00eas de nascimento do benefici\u00e1rio. O objetivo da libera\u00e7\u00e3o aos poucos \u00e9 reduzir o n\u00famero de pessoas nas ag\u00eancias e lot\u00e9ricas e, assim, evitar aglomera\u00e7\u00f5es. Os recursos creditados na poupan\u00e7a digital j\u00e1 podiam ser utilizados por [&hellip;]","og_url":"https:\/\/aconteceunovale.com.br\/portal\/?p=161648","og_site_name":"Aconteceu no Vale","article_publisher":"https:\/\/www.facebook.com\/aconteceunovale\/","article_published_time":"2020-04-27T16:24:47+00:00","article_modified_time":"2020-04-27T16:25:27+00:00","og_image":[{"width":780,"height":500,"url":"https:\/\/aconteceunovale.com.br\/portal\/wp-content\/uploads\/2020\/04\/auxilio_caixa.jpg","type":"image\/jpeg"}],"author":"Aconteceu no Vale","twitter_card":"summary_large_image","twitter_creator":"@noticiadosvales","twitter_site":"@noticiadosvales","twitter_misc":{"Escrito por":"Aconteceu no Vale","Est. tempo de leitura":"2 minutos"},"schema":{"@context":"https:\/\/schema.org","@graph":[{"@type":"Article","@id":"https:\/\/aconteceunovale.com.br\/portal\/?p=161648#article","isPartOf":{"@id":"https:\/\/aconteceunovale.com.br\/portal\/?p=161648"},"author":{"name":"Aconteceu no Vale","@id":"https:\/\/aconteceunovale.com.br\/portal\/#\/schema\/person\/633529146f2c94272bef50ac2953d589"},"headline":"Saque do aux\u00edlio emergencial de R$ 600 come\u00e7a a ser liberado nesta segunda-feira","datePublished":"2020-04-27T16:24:47+00:00","dateModified":"2020-04-27T16:25:27+00:00","mainEntityOfPage":{"@id":"https:\/\/aconteceunovale.com.br\/portal\/?p=161648"},"wordCount":376,"commentCount":0,"image":{"@id":"https:\/\/aconteceunovale.com.br\/portal\/?p=161648#primaryimage"},"thumbnailUrl":"https:\/\/aconteceunovale.com.br\/portal\/wp-content\/uploads\/2020\/04\/auxilio_caixa.jpg","keywords":["Aux\u00edlio de R$ 600","aux\u00edlio emergencial","Aux\u00edlio emergencial de R$ 600","Caixa","Calend\u00e1rio aux\u00edlio emergencial","Calend\u00e1rio para saque do aux\u00edlio emergencial","Sacar aux\u00edlio emergencial","Saque do aux\u00edlio de R$ 600","Saque do aux\u00edlio emergencial","Saque do aux\u00edlio emergencial de R$ 600","Saque do aux\u00edlio emergencial de R$ 600 come\u00e7a a ser liberado nesta segunda-feira"],"articleSection":["Brasil"],"inLanguage":"pt-BR","potentialAction":[{"@type":"CommentAction","name":"Comment","target":["https:\/\/aconteceunovale.com.br\/portal\/?p=161648#respond"]}]},{"@type":"WebPage","@id":"https:\/\/aconteceunovale.com.br\/portal\/?p=161648","url":"https:\/\/aconteceunovale.com.br\/portal\/?p=161648","name":"Saque do aux\u00edlio emergencial de R$ 600 come\u00e7a a ser liberado nesta segunda-feira - Aconteceu no Vale","isPartOf":{"@id":"https:\/\/aconteceunovale.com.br\/portal\/#website"},"primaryImageOfPage":{"@id":"https:\/\/aconteceunovale.com.br\/portal\/?p=161648#primaryimage"},"image":{"@id":"https:\/\/aconteceunovale.com.br\/portal\/?p=161648#primaryimage"},"thumbnailUrl":"https:\/\/aconteceunovale.com.br\/portal\/wp-content\/uploads\/2020\/04\/auxilio_caixa.jpg","datePublished":"2020-04-27T16:24:47+00:00","dateModified":"2020-04-27T16:25:27+00:00","author":{"@id":"https:\/\/aconteceunovale.com.br\/portal\/#\/schema\/person\/633529146f2c94272bef50ac2953d589"},"breadcrumb":{"@id":"https:\/\/aconteceunovale.com.br\/portal\/?p=161648#breadcrumb"},"inLanguage":"pt-BR","potentialAction":[{"@type":"ReadAction","target":["https:\/\/aconteceunovale.com.br\/portal\/?p=161648"]}]},{"@type":"ImageObject","inLanguage":"pt-BR","@id":"https:\/\/aconteceunovale.com.br\/portal\/?p=161648#primaryimage","url":"https:\/\/aconteceunovale.com.br\/portal\/wp-content\/uploads\/2020\/04\/auxilio_caixa.jpg","contentUrl":"https:\/\/aconteceunovale.com.br\/portal\/wp-content\/uploads\/2020\/04\/auxilio_caixa.jpg","width":780,"height":500},{"@type":"BreadcrumbList","@id":"https:\/\/aconteceunovale.com.br\/portal\/?p=161648#breadcrumb","itemListElement":[{"@type":"ListItem","position":1,"name":"In\u00edcio","item":"https:\/\/aconteceunovale.com.br\/portal\/"},{"@type":"ListItem","position":2,"name":"Saque do aux\u00edlio emergencial de R$ 600 come\u00e7a a ser liberado nesta segunda-feira"}]},{"@type":"WebSite","@id":"https:\/\/aconteceunovale.com.br\/portal\/#website","url":"https:\/\/aconteceunovale.com.br\/portal\/","name":"Aconteceu no Vale","description":"Portal de Not\u00edcias","potentialAction":[{"@type":"SearchAction","target":{"@type":"EntryPoint","urlTemplate":"https:\/\/aconteceunovale.com.br\/portal\/?s={search_term_string}"},"query-input":{"@type":"PropertyValueSpecification","valueRequired":true,"valueName":"search_term_string"}}],"inLanguage":"pt-BR"},{"@type":"Person","@id":"https:\/\/aconteceunovale.com.br\/portal\/#\/schema\/person\/633529146f2c94272bef50ac2953d589","name":"Aconteceu no Vale","description":"Equipe de reportagem do Aconteceu no Vale, portal de not\u00edcias do Vale do Jequitinhonha, em Minas Gerais. Cobrimos as 51 cidades do Vale desde 2013. Sugest\u00f5es de pauta e pedidos de corre\u00e7\u00e3o: contato@aconteceunovale.com.br","sameAs":["http:\/\/www.aconteceunovale.com.br"],"url":"https:\/\/aconteceunovale.com.br\/portal\/?author=1"}]}},"_links":{"self":[{"href":"https:\/\/aconteceunovale.com.br\/portal\/index.php?rest_route=\/wp\/v2\/posts\/161648","targetHints":{"allow":["GET"]}}],"collection":[{"href":"https:\/\/aconteceunovale.com.br\/portal\/index.php?rest_route=\/wp\/v2\/posts"}],"about":[{"href":"https:\/\/aconteceunovale.com.br\/portal\/index.php?rest_route=\/wp\/v2\/types\/post"}],"author":[{"embeddable":true,"href":"https:\/\/aconteceunovale.com.br\/portal\/index.php?rest_route=\/wp\/v2\/users\/1"}],"replies":[{"embeddable":true,"href":"https:\/\/aconteceunovale.com.br\/portal\/index.php?rest_route=%2Fwp%2Fv2%2Fcomments&post=161648"}],"version-history":[{"count":1,"href":"https:\/\/aconteceunovale.com.br\/portal\/index.php?rest_route=\/wp\/v2\/posts\/161648\/revisions"}],"predecessor-version":[{"id":161649,"href":"https:\/\/aconteceunovale.com.br\/portal\/index.php?rest_route=\/wp\/v2\/posts\/161648\/revisions\/161649"}],"wp:featuredmedia":[{"embeddable":true,"href":"https:\/\/aconteceunovale.com.br\/portal\/index.php?rest_route=\/wp\/v2\/media\/161592"}],"wp:attachment":[{"href":"https:\/\/aconteceunovale.com.br\/portal\/index.php?rest_route=%2Fwp%2Fv2%2Fmedia&parent=161648"}],"wp:term":[{"taxonomy":"category","embeddable":true,"href":"https:\/\/aconteceunovale.com.br\/portal\/index.php?rest_route=%2Fwp%2Fv2%2Fcategories&post=161648"},{"taxonomy":"post_tag","embeddable":true,"href":"https:\/\/aconteceunovale.com.br\/portal\/index.php?rest_route=%2Fwp%2Fv2%2Ftags&post=161648"}],"curies":[{"name":"wp","href":"https:\/\/api.w.org\/{rel}","templated":true}]}}