{"id":161633,"date":"2020-04-27T12:17:18","date_gmt":"2020-04-27T15:17:18","guid":{"rendered":"http:\/\/aconteceunovale.com.br\/portal\/?p=161633"},"modified":"2020-04-27T12:19:37","modified_gmt":"2020-04-27T15:19:37","slug":"confins-se-torna-o-primeiro-aeroporto-industrial-do-brasil","status":"publish","type":"post","link":"https:\/\/aconteceunovale.com.br\/portal\/?p=161633","title":{"rendered":"Confins se torna o primeiro aeroporto industrial do Brasil"},"content":{"rendered":"\n<p class=\"wp-block-paragraph\">Em meio a esse momento turbulento, em fun\u00e7\u00e3o da pandemia do novo coronav\u00edrus (Covid-19), o Aeroporto Internacional Tancredo Neves, em Confins, na Regi\u00e3o Metropolitana de Belo Horizonte (RMBH), tem uma boa not\u00edcia, sobretudo para a economia de Minas Gerais. Ap\u00f3s cumprir uma s\u00e9rie de exig\u00eancias, o terminal acaba de ser certificado pela Receita Federal e est\u00e1 credenciado a iniciar a opera\u00e7\u00e3o do primeiro Aeroporto Industrial do pa\u00eds. O projeto in\u00e9dito tem como objetivo principal aumentar a competitividade das empresas brasileiras no contexto internacional e atrair investimentos externos para o Brasil.<\/p>\n\n\n\n<p class=\"wp-block-paragraph\">Com a homologa\u00e7\u00e3o do sistema de gest\u00e3o do processo alfandeg\u00e1rio junto \u00e0 Receita, ser\u00e1 poss\u00edvel garantir a conex\u00e3o das&nbsp;empresas que forem atuar no aeroporto com o \u00f3rg\u00e3o, o que traz ganhos em log\u00edstica e mais seguran\u00e7a. Com isso, as mercadorias admitidas neste regime podem ser submetidas \u00e0s opera\u00e7\u00f5es de exposi\u00e7\u00e3o, demonstra\u00e7\u00e3o e teste de funcionamento; industrializa\u00e7\u00e3o e manuten\u00e7\u00e3o ou reparo, com suspens\u00e3o do pagamento dos impostos incidentes na importa\u00e7\u00e3o e na exporta\u00e7\u00e3o, bem como suspens\u00e3o de impostos ou utiliza\u00e7\u00e3o de benef\u00edcios fiscais.<\/p>\n\n\n\n<p class=\"wp-block-paragraph\">\u201cA certifica\u00e7\u00e3o da Receita Federal e homologa\u00e7\u00e3o do sistema \u00e9 um passo de extrema import\u00e2ncia para darmos andamento \u00e0 opera\u00e7\u00e3o do Aeroporto Industrial. Embora o pa\u00eds passe por um momento delicado, temos certeza de que o projeto ser\u00e1 fundamental para a retomada da economia mineira e tamb\u00e9m do pa\u00eds\u201d, ressalta Rafael Laranjeira, gestor Executivo de Solu\u00e7\u00f5es Log\u00edsticas da BH Airport.<\/p>\n\n\n\n<p class=\"wp-block-paragraph\">Maria Carmen Fantini de Castro, auditora-fiscal da Receita Federal, acompanhou todo o processo de certifica\u00e7\u00e3o e ressalta a import\u00e2ncia do projeto. \u201cO Aeroporto Industrial \u00e9 uma iniciativa pioneira e inovadora, que possibilitar\u00e1 aos benefici\u00e1rios do regime desenvolver suas atividades em zona prim\u00e1ria, com ganhos expressivos em log\u00edstica e seguran\u00e7a. Al\u00e9m dos benef\u00edcios da suspens\u00e3o tribut\u00e1ria, o uso da zona aeroportu\u00e1ria permitir\u00e1 mais agilidade no fluxo de importa\u00e7\u00e3o e exporta\u00e7\u00e3o das mercadorias, garantindo ainda a seguran\u00e7a e o controle aduaneiros\u201d, avalia ela que tamb\u00e9m \u00e9 presidente da Comiss\u00e3o de Alfandegamento que credenciou o Aeroporto Industrial.<\/p>\n\n\n\n<figure class=\"wp-block-gallery columns-1 is-cropped wp-block-gallery-1 is-layout-flex wp-block-gallery-is-layout-flex\"><ul class=\"blocks-gallery-grid\"><li class=\"blocks-gallery-item\"><figure><img loading=\"lazy\" decoding=\"async\" width=\"674\" height=\"450\" src=\"http:\/\/aconteceunovale.com.br\/portal\/wp-content\/uploads\/2020\/04\/aeroporto_industrial_confins.jpg\" alt=\"\" data-id=\"161634\" data-full-url=\"http:\/\/aconteceunovale.com.br\/portal\/wp-content\/uploads\/2020\/04\/aeroporto_industrial_confins.jpg\" data-link=\"http:\/\/aconteceunovale.com.br\/portal\/?attachment_id=161634\" class=\"wp-image-161634\" srcset=\"https:\/\/aconteceunovale.com.br\/portal\/wp-content\/uploads\/2020\/04\/aeroporto_industrial_confins.jpg 674w, https:\/\/aconteceunovale.com.br\/portal\/wp-content\/uploads\/2020\/04\/aeroporto_industrial_confins-300x200.jpg 300w, https:\/\/aconteceunovale.com.br\/portal\/wp-content\/uploads\/2020\/04\/aeroporto_industrial_confins-629x420.jpg 629w\" sizes=\"auto, (max-width: 674px) 100vw, 674px\" \/><figcaption class=\"blocks-gallery-item__caption\"><em>Foto: Divulga\u00e7\u00e3o \/ BH Airport<\/em><\/figcaption><\/figure><\/li><\/ul><\/figure>\n\n\n\n<h2 class=\"wp-block-heading\"><strong>Governo de Minas comemora<\/strong><\/h2>\n\n\n\n<p class=\"wp-block-paragraph\">A novidade integra o Projeto Aerotr\u00f3pole Mineira, gerenciado pela Ag\u00eancia de Desenvolvimento da Regi\u00e3o Metropolitana de Belo Horizonte (Ag\u00eancia RMBH), vinculada \u00e0&nbsp;Secretaria de Desenvolvimento Econ\u00f4mico do Governo de Minas Gerais (Sede). A aerotr\u00f3pole, definida como uma regi\u00e3o econ\u00f4mica urbana centrada no aeroporto, pretende ser base de uma pol\u00edtica de diversifica\u00e7\u00e3o econ\u00f4mica e voltada para agregar valor \u00e0 economia mineira.<\/p>\n\n\n\n<p class=\"wp-block-paragraph\">O diretor de Desenvolvimento Log\u00edstico da Sede, Frederico Amaral, destaca a import\u00e2ncia da conquista. \u201cO ineditismo de estruturas semelhantes foi um dos maiores desafios \u00e0 implementa\u00e7\u00e3o do aeroporto industrial. O&nbsp;Estado de Minas Gerais&nbsp;n\u00e3o mediu esfor\u00e7os para viabilizar o conceito, em que players interessados em operar e diversas empresas poder\u00e3o se instalar no aeroporto ind\u00fastria, melhorando a competitividade e aumentando a capacidade de integra\u00e7\u00e3o com o mercado internacional\u201d.<\/p>\n\n\n\n<p class=\"wp-block-paragraph\">O Projeto Aerotr\u00f3pole fortalece a log\u00edstica e seguran\u00e7a das opera\u00e7\u00f5es, aumenta a import\u00e2ncia das empresas brasileiras no contexto internacional e possibilita a inser\u00e7\u00e3o competitiva de Minas Gerais no cen\u00e1rio econ\u00f4mico mundial.<\/p>\n\n\n\n<p class=\"wp-block-paragraph\">\u201cO aeroporto Industrial \u00e9 uma zona de suspens\u00e3o tribut\u00e1ria, sob regime de entreposto aduaneiro especial. Isso significa que os impostos sobre os produtos importados e nacionais ficam suspensos, at\u00e9 que sejam destinados ao mercado interno, ou isentos, em caso de serem exportados (ou re-exportados). A localiza\u00e7\u00e3o deste equipamento no Aeroporto Internacional Tancredo Neves \u00e9 tamb\u00e9m um componente estrat\u00e9gico, por facilitar o fluxo de entrada e sa\u00edda de mercadorias, agilizando a cadeia produtiva. Espera-se que se instalem l\u00e1 empresas voltadas principalmente para a exporta\u00e7\u00e3o, e cuja produ\u00e7\u00e3o utilize intensivamente o modal a\u00e9reo, de modo a assegurar rapidez, agilidade e acessibilidade, tanto aos fornecedores quanto aos consumidores\u201d, finaliza Frederico Amaral.<\/p>\n\n\n\n<h2 class=\"wp-block-heading\"><strong>O que \u00e9 o Aeroporto Industrial?<\/strong><\/h2>\n\n\n\n<p class=\"wp-block-paragraph\">O Aeroporto Internacional de Belo Horizonte se prepara para ser o primeiro do pa\u00eds a transformar o projeto Aeroporto Industrial em realidade. A iniciativa tem o objetivo principal de aumentar a competitividade das empresas brasileiras no contexto internacional e atrair investimentos externos para o Brasil e para o estado de Minas Gerais. A ideia \u00e9 que o Aeroporto Industrial seja destinado, principalmente, \u00e0 instala\u00e7\u00e3o de empresas de que tenham como foco principal a exporta\u00e7\u00e3o de produtos manufaturados, utilizando mat\u00e9rias-primas importadas em seu processo produtivo.<\/p>\n\n\n\n<p class=\"wp-block-paragraph\">\u200bAo manufaturar seus produtos dentro do Aeroporto Industrial, as empresas ter\u00e3o os benef\u00edcios das isen\u00e7\u00f5es ficais quando exportarem seus produtos acabados. Al\u00e9m disso, ter\u00e3o a facilidade de importar mat\u00e9rias-primas e exportar sua produ\u00e7\u00e3o utilizando o modal a\u00e9reo para acessar mercados internacionais e nacionais de forma r\u00e1pida, eliminando o custo e o risco com o transporte rodovi\u00e1rio em seus processos log\u00edsticos. \u200b<\/p>\n\n\n\n<p class=\"wp-block-paragraph\">De acordo com a gest\u00e3o da BH Airport, a inaugura\u00e7\u00e3o est\u00e1 prevista para a segunda quinzena de maio e o in\u00edcio da opera\u00e7\u00e3o dever\u00e1 acontecer no segundo semestre deste ano.<\/p>\n\n\n\n<p class=\"has-background has-very-light-gray-background-color wp-block-paragraph\">Quer saber as not\u00edcias do <strong>Aconteceu no Vale<\/strong> em primeira m\u00e3o? Siga-nos no Facebook <a rel=\"noreferrer noopener\" href=\"http:\/\/facebook.com\/aconteceunovale\" target=\"_blank\">@aconteceunovale<\/a>, Twitter <a rel=\"noreferrer noopener\" href=\"https:\/\/twitter.com\/noticiadosvales\" target=\"_blank\">@noticiadosvales<\/a> e Instagram <a rel=\"noreferrer noopener\" href=\"https:\/\/www.instagram.com\/aconteceunovale\" target=\"_blank\">@aconteceunovale<\/a>.<\/p>\n","protected":false},"excerpt":{"rendered":"<p>Em meio a esse momento turbulento, em fun\u00e7\u00e3o da pandemia do novo coronav\u00edrus (Covid-19), o Aeroporto Internacional Tancredo Neves, em Confins, na Regi\u00e3o Metropolitana de Belo Horizonte (RMBH), tem uma boa not\u00edcia, sobretudo para a economia de Minas Gerais. Ap\u00f3s cumprir uma s\u00e9rie de exig\u00eancias, o terminal acaba de ser certificado pela Receita Federal e [&hellip;]<\/p>\n","protected":false},"author":1,"featured_media":161634,"comment_status":"open","ping_status":"closed","sticky":false,"template":"","format":"standard","meta":{"amp_status":"","footnotes":""},"categories":[6,123],"tags":[213828,38323,220767,220760,135718,220762,194,1017,38695,22090,220771,220766,1018,220765,220769,220770,5550,220768,18655,220761,220764,220763,220758,220759],"class_list":["post-161633","post","type-post","status-publish","format-standard","has-post-thumbnail","hentry","category-br","category-gerais","tag-aeroporto-de-belo-horizonte","tag-aeroporto-de-confins","tag-aeroporto-industrial","tag-aeroporto-industrial-de-confins","tag-aeroporto-internacional-de-belo-horizonte","tag-aerotropole-mineira","tag-belo-horizonte","tag-bh","tag-bh-airport","tag-confins","tag-confins-se-torna-o-primeiro-aeroporto-industrial-do-brasil","tag-desenvolvimento-logistico-da-sede","tag-destaque","tag-frederico-amaral","tag-maria-carmen-fantini-de-castro","tag-o-que-e-o-aeroporto-industrial","tag-primeiro-aeroporto-industrial-do-brasil","tag-rafael-laranjeira","tag-rmbh","tag-secretaria-de-desenvolvimento-economico-do-governo-de-minas-gerais","tag-sede-mg","tag-terminal-internacional-tancredo-neves","tag-zona-de-suspensao-tributaria","tag-zona-de-suspensao-tributaria-de-confins"],"yoast_head":"<!-- This site is optimized with the Yoast SEO plugin v28.3 - https:\/\/yoast.com\/product\/yoast-seo-wordpress\/ -->\n<title>Confins se torna o primeiro aeroporto industrial do Brasil - Aconteceu no Vale<\/title>\n<meta name=\"robots\" content=\"index, follow, max-snippet:-1, max-image-preview:large, max-video-preview:-1\" \/>\n<link rel=\"canonical\" href=\"https:\/\/aconteceunovale.com.br\/portal\/?p=161633\" \/>\n<meta property=\"og:locale\" content=\"pt_BR\" \/>\n<meta property=\"og:type\" content=\"article\" \/>\n<meta property=\"og:title\" content=\"Confins se torna o primeiro aeroporto industrial do Brasil - Aconteceu no Vale\" \/>\n<meta property=\"og:description\" content=\"Em meio a esse momento turbulento, em fun\u00e7\u00e3o da pandemia do novo coronav\u00edrus (Covid-19), o Aeroporto Internacional Tancredo Neves, em Confins, na Regi\u00e3o Metropolitana de Belo Horizonte (RMBH), tem uma boa not\u00edcia, sobretudo para a economia de Minas Gerais. Ap\u00f3s cumprir uma s\u00e9rie de exig\u00eancias, o terminal acaba de ser certificado pela Receita Federal e [&hellip;]\" \/>\n<meta property=\"og:url\" content=\"https:\/\/aconteceunovale.com.br\/portal\/?p=161633\" \/>\n<meta property=\"og:site_name\" content=\"Aconteceu no Vale\" \/>\n<meta property=\"article:publisher\" content=\"https:\/\/www.facebook.com\/aconteceunovale\/\" \/>\n<meta property=\"article:published_time\" content=\"2020-04-27T15:17:18+00:00\" \/>\n<meta property=\"article:modified_time\" content=\"2020-04-27T15:19:37+00:00\" \/>\n<meta property=\"og:image\" content=\"https:\/\/aconteceunovale.com.br\/portal\/wp-content\/uploads\/2020\/04\/aeroporto_industrial_confins.jpg\" \/>\n\t<meta property=\"og:image:width\" content=\"674\" \/>\n\t<meta property=\"og:image:height\" content=\"450\" \/>\n\t<meta property=\"og:image:type\" content=\"image\/jpeg\" \/>\n<meta name=\"author\" content=\"Aconteceu no Vale\" \/>\n<meta name=\"twitter:card\" content=\"summary_large_image\" \/>\n<meta name=\"twitter:creator\" content=\"@noticiadosvales\" \/>\n<meta name=\"twitter:site\" content=\"@noticiadosvales\" \/>\n<meta name=\"twitter:label1\" content=\"Escrito por\" \/>\n\t<meta name=\"twitter:data1\" content=\"Aconteceu no Vale\" \/>\n\t<meta name=\"twitter:label2\" content=\"Est. tempo de leitura\" \/>\n\t<meta name=\"twitter:data2\" content=\"5 minutos\" \/>\n<script type=\"application\/ld+json\" class=\"yoast-schema-graph\">{\"@context\":\"https:\\\/\\\/schema.org\",\"@graph\":[{\"@type\":\"Article\",\"@id\":\"https:\\\/\\\/aconteceunovale.com.br\\\/portal\\\/?p=161633#article\",\"isPartOf\":{\"@id\":\"https:\\\/\\\/aconteceunovale.com.br\\\/portal\\\/?p=161633\"},\"author\":{\"name\":\"Aconteceu no Vale\",\"@id\":\"https:\\\/\\\/aconteceunovale.com.br\\\/portal\\\/#\\\/schema\\\/person\\\/633529146f2c94272bef50ac2953d589\"},\"headline\":\"Confins se torna o primeiro aeroporto industrial do Brasil\",\"datePublished\":\"2020-04-27T15:17:18+00:00\",\"dateModified\":\"2020-04-27T15:19:37+00:00\",\"mainEntityOfPage\":{\"@id\":\"https:\\\/\\\/aconteceunovale.com.br\\\/portal\\\/?p=161633\"},\"wordCount\":915,\"commentCount\":0,\"image\":{\"@id\":\"https:\\\/\\\/aconteceunovale.com.br\\\/portal\\\/?p=161633#primaryimage\"},\"thumbnailUrl\":\"https:\\\/\\\/aconteceunovale.com.br\\\/portal\\\/wp-content\\\/uploads\\\/2020\\\/04\\\/aeroporto_industrial_confins.jpg\",\"keywords\":[\"Aeroporto de Belo Horizonte\",\"aeroporto de Confins\",\"Aeroporto Industrial\",\"Aeroporto industrial de Confins\",\"Aeroporto Internacional de Belo Horizonte\",\"Aerotr\u00f3pole Mineira\",\"Belo Horizonte\",\"bh\",\"BH Airport\",\"Confins\",\"Confins se torna o primeiro aeroporto industrial do Brasil\",\"Desenvolvimento Log\u00edstico da Sede\",\"destaque\",\"Frederico Amaral\",\"Maria Carmen Fantini de Castro\",\"O que \u00e9 o Aeroporto Industrial\",\"Primeiro aeroporto industrial do Brasil\",\"Rafael Laranjeira\",\"RMBH\",\"Secretaria de Desenvolvimento Econ\u00f4mico do Governo de Minas Gerais\",\"Sede-MG\",\"Terminal internacional Tancredo Neves\",\"Zona de suspens\u00e3o tribut\u00e1ria\",\"Zona de suspens\u00e3o tribut\u00e1ria de Confins\"],\"articleSection\":[\"Brasil\",\"Minas Gerais\"],\"inLanguage\":\"pt-BR\",\"potentialAction\":[{\"@type\":\"CommentAction\",\"name\":\"Comment\",\"target\":[\"https:\\\/\\\/aconteceunovale.com.br\\\/portal\\\/?p=161633#respond\"]}]},{\"@type\":\"WebPage\",\"@id\":\"https:\\\/\\\/aconteceunovale.com.br\\\/portal\\\/?p=161633\",\"url\":\"https:\\\/\\\/aconteceunovale.com.br\\\/portal\\\/?p=161633\",\"name\":\"Confins se torna o primeiro aeroporto industrial do Brasil - Aconteceu no Vale\",\"isPartOf\":{\"@id\":\"https:\\\/\\\/aconteceunovale.com.br\\\/portal\\\/#website\"},\"primaryImageOfPage\":{\"@id\":\"https:\\\/\\\/aconteceunovale.com.br\\\/portal\\\/?p=161633#primaryimage\"},\"image\":{\"@id\":\"https:\\\/\\\/aconteceunovale.com.br\\\/portal\\\/?p=161633#primaryimage\"},\"thumbnailUrl\":\"https:\\\/\\\/aconteceunovale.com.br\\\/portal\\\/wp-content\\\/uploads\\\/2020\\\/04\\\/aeroporto_industrial_confins.jpg\",\"datePublished\":\"2020-04-27T15:17:18+00:00\",\"dateModified\":\"2020-04-27T15:19:37+00:00\",\"author\":{\"@id\":\"https:\\\/\\\/aconteceunovale.com.br\\\/portal\\\/#\\\/schema\\\/person\\\/633529146f2c94272bef50ac2953d589\"},\"breadcrumb\":{\"@id\":\"https:\\\/\\\/aconteceunovale.com.br\\\/portal\\\/?p=161633#breadcrumb\"},\"inLanguage\":\"pt-BR\",\"potentialAction\":[{\"@type\":\"ReadAction\",\"target\":[\"https:\\\/\\\/aconteceunovale.com.br\\\/portal\\\/?p=161633\"]}]},{\"@type\":\"ImageObject\",\"inLanguage\":\"pt-BR\",\"@id\":\"https:\\\/\\\/aconteceunovale.com.br\\\/portal\\\/?p=161633#primaryimage\",\"url\":\"https:\\\/\\\/aconteceunovale.com.br\\\/portal\\\/wp-content\\\/uploads\\\/2020\\\/04\\\/aeroporto_industrial_confins.jpg\",\"contentUrl\":\"https:\\\/\\\/aconteceunovale.com.br\\\/portal\\\/wp-content\\\/uploads\\\/2020\\\/04\\\/aeroporto_industrial_confins.jpg\",\"width\":674,\"height\":450},{\"@type\":\"BreadcrumbList\",\"@id\":\"https:\\\/\\\/aconteceunovale.com.br\\\/portal\\\/?p=161633#breadcrumb\",\"itemListElement\":[{\"@type\":\"ListItem\",\"position\":1,\"name\":\"In\u00edcio\",\"item\":\"https:\\\/\\\/aconteceunovale.com.br\\\/portal\\\/\"},{\"@type\":\"ListItem\",\"position\":2,\"name\":\"Confins se torna o primeiro aeroporto industrial do Brasil\"}]},{\"@type\":\"WebSite\",\"@id\":\"https:\\\/\\\/aconteceunovale.com.br\\\/portal\\\/#website\",\"url\":\"https:\\\/\\\/aconteceunovale.com.br\\\/portal\\\/\",\"name\":\"Aconteceu no Vale\",\"description\":\"Portal de Not\u00edcias\",\"potentialAction\":[{\"@type\":\"SearchAction\",\"target\":{\"@type\":\"EntryPoint\",\"urlTemplate\":\"https:\\\/\\\/aconteceunovale.com.br\\\/portal\\\/?s={search_term_string}\"},\"query-input\":{\"@type\":\"PropertyValueSpecification\",\"valueRequired\":true,\"valueName\":\"search_term_string\"}}],\"inLanguage\":\"pt-BR\"},{\"@type\":\"Person\",\"@id\":\"https:\\\/\\\/aconteceunovale.com.br\\\/portal\\\/#\\\/schema\\\/person\\\/633529146f2c94272bef50ac2953d589\",\"name\":\"Aconteceu no Vale\",\"description\":\"Equipe de reportagem do Aconteceu no Vale, portal de not\u00edcias do Vale do Jequitinhonha, em Minas Gerais. Cobrimos as 51 cidades do Vale desde 2013. Sugest\u00f5es de pauta e pedidos de corre\u00e7\u00e3o: contato@aconteceunovale.com.br\",\"sameAs\":[\"http:\\\/\\\/www.aconteceunovale.com.br\"],\"url\":\"https:\\\/\\\/aconteceunovale.com.br\\\/portal\\\/?author=1\"}]}<\/script>\n<!-- \/ Yoast SEO plugin. -->","yoast_head_json":{"title":"Confins se torna o primeiro aeroporto industrial do Brasil - Aconteceu no Vale","robots":{"index":"index","follow":"follow","max-snippet":"max-snippet:-1","max-image-preview":"max-image-preview:large","max-video-preview":"max-video-preview:-1"},"canonical":"https:\/\/aconteceunovale.com.br\/portal\/?p=161633","og_locale":"pt_BR","og_type":"article","og_title":"Confins se torna o primeiro aeroporto industrial do Brasil - Aconteceu no Vale","og_description":"Em meio a esse momento turbulento, em fun\u00e7\u00e3o da pandemia do novo coronav\u00edrus (Covid-19), o Aeroporto Internacional Tancredo Neves, em Confins, na Regi\u00e3o Metropolitana de Belo Horizonte (RMBH), tem uma boa not\u00edcia, sobretudo para a economia de Minas Gerais. Ap\u00f3s cumprir uma s\u00e9rie de exig\u00eancias, o terminal acaba de ser certificado pela Receita Federal e [&hellip;]","og_url":"https:\/\/aconteceunovale.com.br\/portal\/?p=161633","og_site_name":"Aconteceu no Vale","article_publisher":"https:\/\/www.facebook.com\/aconteceunovale\/","article_published_time":"2020-04-27T15:17:18+00:00","article_modified_time":"2020-04-27T15:19:37+00:00","og_image":[{"width":674,"height":450,"url":"https:\/\/aconteceunovale.com.br\/portal\/wp-content\/uploads\/2020\/04\/aeroporto_industrial_confins.jpg","type":"image\/jpeg"}],"author":"Aconteceu no Vale","twitter_card":"summary_large_image","twitter_creator":"@noticiadosvales","twitter_site":"@noticiadosvales","twitter_misc":{"Escrito por":"Aconteceu no Vale","Est. tempo de leitura":"5 minutos"},"schema":{"@context":"https:\/\/schema.org","@graph":[{"@type":"Article","@id":"https:\/\/aconteceunovale.com.br\/portal\/?p=161633#article","isPartOf":{"@id":"https:\/\/aconteceunovale.com.br\/portal\/?p=161633"},"author":{"name":"Aconteceu no Vale","@id":"https:\/\/aconteceunovale.com.br\/portal\/#\/schema\/person\/633529146f2c94272bef50ac2953d589"},"headline":"Confins se torna o primeiro aeroporto industrial do Brasil","datePublished":"2020-04-27T15:17:18+00:00","dateModified":"2020-04-27T15:19:37+00:00","mainEntityOfPage":{"@id":"https:\/\/aconteceunovale.com.br\/portal\/?p=161633"},"wordCount":915,"commentCount":0,"image":{"@id":"https:\/\/aconteceunovale.com.br\/portal\/?p=161633#primaryimage"},"thumbnailUrl":"https:\/\/aconteceunovale.com.br\/portal\/wp-content\/uploads\/2020\/04\/aeroporto_industrial_confins.jpg","keywords":["Aeroporto de Belo Horizonte","aeroporto de Confins","Aeroporto Industrial","Aeroporto industrial de Confins","Aeroporto Internacional de Belo Horizonte","Aerotr\u00f3pole Mineira","Belo Horizonte","bh","BH Airport","Confins","Confins se torna o primeiro aeroporto industrial do Brasil","Desenvolvimento Log\u00edstico da Sede","destaque","Frederico Amaral","Maria Carmen Fantini de Castro","O que \u00e9 o Aeroporto Industrial","Primeiro aeroporto industrial do Brasil","Rafael Laranjeira","RMBH","Secretaria de Desenvolvimento Econ\u00f4mico do Governo de Minas Gerais","Sede-MG","Terminal internacional Tancredo Neves","Zona de suspens\u00e3o tribut\u00e1ria","Zona de suspens\u00e3o tribut\u00e1ria de Confins"],"articleSection":["Brasil","Minas Gerais"],"inLanguage":"pt-BR","potentialAction":[{"@type":"CommentAction","name":"Comment","target":["https:\/\/aconteceunovale.com.br\/portal\/?p=161633#respond"]}]},{"@type":"WebPage","@id":"https:\/\/aconteceunovale.com.br\/portal\/?p=161633","url":"https:\/\/aconteceunovale.com.br\/portal\/?p=161633","name":"Confins se torna o primeiro aeroporto industrial do Brasil - Aconteceu no Vale","isPartOf":{"@id":"https:\/\/aconteceunovale.com.br\/portal\/#website"},"primaryImageOfPage":{"@id":"https:\/\/aconteceunovale.com.br\/portal\/?p=161633#primaryimage"},"image":{"@id":"https:\/\/aconteceunovale.com.br\/portal\/?p=161633#primaryimage"},"thumbnailUrl":"https:\/\/aconteceunovale.com.br\/portal\/wp-content\/uploads\/2020\/04\/aeroporto_industrial_confins.jpg","datePublished":"2020-04-27T15:17:18+00:00","dateModified":"2020-04-27T15:19:37+00:00","author":{"@id":"https:\/\/aconteceunovale.com.br\/portal\/#\/schema\/person\/633529146f2c94272bef50ac2953d589"},"breadcrumb":{"@id":"https:\/\/aconteceunovale.com.br\/portal\/?p=161633#breadcrumb"},"inLanguage":"pt-BR","potentialAction":[{"@type":"ReadAction","target":["https:\/\/aconteceunovale.com.br\/portal\/?p=161633"]}]},{"@type":"ImageObject","inLanguage":"pt-BR","@id":"https:\/\/aconteceunovale.com.br\/portal\/?p=161633#primaryimage","url":"https:\/\/aconteceunovale.com.br\/portal\/wp-content\/uploads\/2020\/04\/aeroporto_industrial_confins.jpg","contentUrl":"https:\/\/aconteceunovale.com.br\/portal\/wp-content\/uploads\/2020\/04\/aeroporto_industrial_confins.jpg","width":674,"height":450},{"@type":"BreadcrumbList","@id":"https:\/\/aconteceunovale.com.br\/portal\/?p=161633#breadcrumb","itemListElement":[{"@type":"ListItem","position":1,"name":"In\u00edcio","item":"https:\/\/aconteceunovale.com.br\/portal\/"},{"@type":"ListItem","position":2,"name":"Confins se torna o primeiro aeroporto industrial do Brasil"}]},{"@type":"WebSite","@id":"https:\/\/aconteceunovale.com.br\/portal\/#website","url":"https:\/\/aconteceunovale.com.br\/portal\/","name":"Aconteceu no Vale","description":"Portal de Not\u00edcias","potentialAction":[{"@type":"SearchAction","target":{"@type":"EntryPoint","urlTemplate":"https:\/\/aconteceunovale.com.br\/portal\/?s={search_term_string}"},"query-input":{"@type":"PropertyValueSpecification","valueRequired":true,"valueName":"search_term_string"}}],"inLanguage":"pt-BR"},{"@type":"Person","@id":"https:\/\/aconteceunovale.com.br\/portal\/#\/schema\/person\/633529146f2c94272bef50ac2953d589","name":"Aconteceu no Vale","description":"Equipe de reportagem do Aconteceu no Vale, portal de not\u00edcias do Vale do Jequitinhonha, em Minas Gerais. Cobrimos as 51 cidades do Vale desde 2013. Sugest\u00f5es de pauta e pedidos de corre\u00e7\u00e3o: contato@aconteceunovale.com.br","sameAs":["http:\/\/www.aconteceunovale.com.br"],"url":"https:\/\/aconteceunovale.com.br\/portal\/?author=1"}]}},"_links":{"self":[{"href":"https:\/\/aconteceunovale.com.br\/portal\/index.php?rest_route=\/wp\/v2\/posts\/161633","targetHints":{"allow":["GET"]}}],"collection":[{"href":"https:\/\/aconteceunovale.com.br\/portal\/index.php?rest_route=\/wp\/v2\/posts"}],"about":[{"href":"https:\/\/aconteceunovale.com.br\/portal\/index.php?rest_route=\/wp\/v2\/types\/post"}],"author":[{"embeddable":true,"href":"https:\/\/aconteceunovale.com.br\/portal\/index.php?rest_route=\/wp\/v2\/users\/1"}],"replies":[{"embeddable":true,"href":"https:\/\/aconteceunovale.com.br\/portal\/index.php?rest_route=%2Fwp%2Fv2%2Fcomments&post=161633"}],"version-history":[{"count":2,"href":"https:\/\/aconteceunovale.com.br\/portal\/index.php?rest_route=\/wp\/v2\/posts\/161633\/revisions"}],"predecessor-version":[{"id":161637,"href":"https:\/\/aconteceunovale.com.br\/portal\/index.php?rest_route=\/wp\/v2\/posts\/161633\/revisions\/161637"}],"wp:featuredmedia":[{"embeddable":true,"href":"https:\/\/aconteceunovale.com.br\/portal\/index.php?rest_route=\/wp\/v2\/media\/161634"}],"wp:attachment":[{"href":"https:\/\/aconteceunovale.com.br\/portal\/index.php?rest_route=%2Fwp%2Fv2%2Fmedia&parent=161633"}],"wp:term":[{"taxonomy":"category","embeddable":true,"href":"https:\/\/aconteceunovale.com.br\/portal\/index.php?rest_route=%2Fwp%2Fv2%2Fcategories&post=161633"},{"taxonomy":"post_tag","embeddable":true,"href":"https:\/\/aconteceunovale.com.br\/portal\/index.php?rest_route=%2Fwp%2Fv2%2Ftags&post=161633"}],"curies":[{"name":"wp","href":"https:\/\/api.w.org\/{rel}","templated":true}]}}