{"id":161557,"date":"2020-04-25T13:01:06","date_gmt":"2020-04-25T16:01:06","guid":{"rendered":"http:\/\/aconteceunovale.com.br\/portal\/?p=161557"},"modified":"2020-04-25T13:01:35","modified_gmt":"2020-04-25T16:01:35","slug":"fratricidio-e-registrado-no-municipio-de-turmalina-no-vale-do-jequitinhonha","status":"publish","type":"post","link":"https:\/\/aconteceunovale.com.br\/portal\/?p=161557","title":{"rendered":"Fratric\u00eddio \u00e9 registrado no munic\u00edpio de Turmalina, no Vale do Jequitinhonha"},"content":{"rendered":"\n<p>Um homem de 43 anos foi assassinado com golpes de foice na comunidade de Olhos D&#8217;\u00e1gua, zona rural de Turmalina (MG), na tarde dessa sexta-feira (25\/04\/2020). O principal suspeito do crime \u00e9 um irm\u00e3o da v\u00edtima, de 46, que foi preso pela pol\u00edcia local.<\/p>\n\n\n\n<p>Segundo informa\u00e7\u00f5es da Pol\u00edcia Militar, os envolvidos eram vizinhos e estavam usando bebidas alco\u00f3licas. A v\u00edtima teria recebido R$ 500 por um trabalho, perdeu a quantia e alegou que o irm\u00e3o teria roubado. Armado com uma faca, segundo a ocorr\u00eancia, a v\u00edtima foi at\u00e9 a casa do suspeito.<\/p>\n\n\n\n<p>Com medo, conforme registrado pela pol\u00edcia, o suspeito se armou com uma foice e golpeou o irm\u00e3o D\u00edlson Jos\u00e9 Alves da Silva, que n\u00e3o resistiu e veio a \u00f3bito no local. O corpo foi encaminhado ao Instituto M\u00e9dico Legal (IML) de Capelinha.<\/p>\n\n\n\n<p>O suspeito foi preso em flagrante e encaminhado \u00e0 Delegacia de Plant\u00e3o em Capelinha, onde foi autuado. O fratric\u00eddio (delito de homic\u00eddio cometido contra o pr\u00f3prio irm\u00e3o ou irm\u00e3) ser\u00e1 investigado pela Pol\u00edcia Civil.<\/p>\n\n\n\n<figure class=\"wp-block-gallery columns-1 is-cropped wp-block-gallery-1 is-layout-flex wp-block-gallery-is-layout-flex\"><ul class=\"blocks-gallery-grid\"><li class=\"blocks-gallery-item\"><figure><img loading=\"lazy\" decoding=\"async\" width=\"661\" height=\"450\" src=\"http:\/\/aconteceunovale.com.br\/portal\/wp-content\/uploads\/2020\/04\/policia_turmalina.jpg\" alt=\"\" data-id=\"161558\" class=\"wp-image-161558\" srcset=\"https:\/\/aconteceunovale.com.br\/portal\/wp-content\/uploads\/2020\/04\/policia_turmalina.jpg 661w, https:\/\/aconteceunovale.com.br\/portal\/wp-content\/uploads\/2020\/04\/policia_turmalina-300x204.jpg 300w, https:\/\/aconteceunovale.com.br\/portal\/wp-content\/uploads\/2020\/04\/policia_turmalina-617x420.jpg 617w\" sizes=\"auto, (max-width: 661px) 100vw, 661px\" \/><figcaption class=\"blocks-gallery-item__caption\"><em>Foto: Reprodu\u00e7\u00e3o \/ WhatsApp<\/em><\/figcaption><\/figure><\/li><\/ul><\/figure>\n\n\n\n<h4 class=\"wp-block-heading\"><strong>Outras informa\u00e7\u00f5es no v\u00eddeo do <a rel=\"noreferrer noopener\" href=\"https:\/\/www.facebook.com\/pg\/cidadeemalertamg\/posts\/\" target=\"_blank\">@cidadeemalertamg<\/a><\/strong><\/h4>\n\n\n\n<figure><iframe loading=\"lazy\" src=\"https:\/\/www.facebook.com\/plugins\/video.php?href=https%3A%2F%2Fwww.facebook.com%2Fcidadeemalertamg%2Fvideos%2F3206501269373460%2F&amp;show_text=0&amp;width=560\" width=\"100%\" height=\"400\" allowfullscreen=\"true\"><\/iframe><\/figure>\n\n\n\n<p class=\"has-background has-very-light-gray-background-color\">Quer saber as not\u00edcias do <strong>Aconteceu no Vale<\/strong> em primeira m\u00e3o? Siga-nos no Facebook <a rel=\"noreferrer noopener\" href=\"http:\/\/facebook.com\/aconteceunovale\" target=\"_blank\">@aconteceunovale<\/a>, Twitter <a rel=\"noreferrer noopener\" href=\"https:\/\/twitter.com\/noticiadosvales\" target=\"_blank\">@noticiadosvales<\/a> e Instagram <a rel=\"noreferrer noopener\" href=\"https:\/\/www.instagram.com\/aconteceunovale\" target=\"_blank\">@aconteceunovale<\/a>.<\/p>\n","protected":false},"excerpt":{"rendered":"<p>Um homem de 43 anos foi assassinado com golpes de foice na comunidade de Olhos D&#8217;\u00e1gua, zona rural de Turmalina (MG), na tarde dessa sexta-feira (25\/04\/2020). O principal suspeito do crime \u00e9 um irm\u00e3o da v\u00edtima, de 46, que foi preso pela pol\u00edcia local. Segundo informa\u00e7\u00f5es da Pol\u00edcia Militar, os envolvidos eram vizinhos e estavam [&hellip;]<\/p>\n","protected":false},"author":1,"featured_media":161558,"comment_status":"open","ping_status":"closed","sticky":false,"template":"","format":"standard","meta":{"amp_status":"","footnotes":""},"categories":[120],"tags":[220644,1018,220650,220649,220645,220646,52761,220648,220647,220643,178],"class_list":["post-161557","post","type-post","status-publish","format-standard","has-post-thumbnail","hentry","category-jequi","tag-briga-entre-irmaos-em-turmalina","tag-destaque","tag-dilson-jose-alves-da-silva","tag-fratricidio-e-registrado-no-municipio-de-turmalina","tag-fratricidio-em-turmalina","tag-homem-mata-o-irmao-em-turmalina","tag-homicidio-em-turmalina","tag-morto-a-golpes-de-foice-em-turmalina","tag-morto-pelo-irmao-em-turmalina","tag-preso-apos-matar-o-irmao-em-turmalina","tag-turmalina"],"_links":{"self":[{"href":"https:\/\/aconteceunovale.com.br\/portal\/index.php?rest_route=\/wp\/v2\/posts\/161557","targetHints":{"allow":["GET"]}}],"collection":[{"href":"https:\/\/aconteceunovale.com.br\/portal\/index.php?rest_route=\/wp\/v2\/posts"}],"about":[{"href":"https:\/\/aconteceunovale.com.br\/portal\/index.php?rest_route=\/wp\/v2\/types\/post"}],"author":[{"embeddable":true,"href":"https:\/\/aconteceunovale.com.br\/portal\/index.php?rest_route=\/wp\/v2\/users\/1"}],"replies":[{"embeddable":true,"href":"https:\/\/aconteceunovale.com.br\/portal\/index.php?rest_route=%2Fwp%2Fv2%2Fcomments&post=161557"}],"version-history":[{"count":1,"href":"https:\/\/aconteceunovale.com.br\/portal\/index.php?rest_route=\/wp\/v2\/posts\/161557\/revisions"}],"predecessor-version":[{"id":161559,"href":"https:\/\/aconteceunovale.com.br\/portal\/index.php?rest_route=\/wp\/v2\/posts\/161557\/revisions\/161559"}],"wp:featuredmedia":[{"embeddable":true,"href":"https:\/\/aconteceunovale.com.br\/portal\/index.php?rest_route=\/wp\/v2\/media\/161558"}],"wp:attachment":[{"href":"https:\/\/aconteceunovale.com.br\/portal\/index.php?rest_route=%2Fwp%2Fv2%2Fmedia&parent=161557"}],"wp:term":[{"taxonomy":"category","embeddable":true,"href":"https:\/\/aconteceunovale.com.br\/portal\/index.php?rest_route=%2Fwp%2Fv2%2Fcategories&post=161557"},{"taxonomy":"post_tag","embeddable":true,"href":"https:\/\/aconteceunovale.com.br\/portal\/index.php?rest_route=%2Fwp%2Fv2%2Ftags&post=161557"}],"curies":[{"name":"wp","href":"https:\/\/api.w.org\/{rel}","templated":true}]}}