{"id":161547,"date":"2020-04-25T00:01:08","date_gmt":"2020-04-25T03:01:08","guid":{"rendered":"http:\/\/aconteceunovale.com.br\/portal\/?p=161547"},"modified":"2020-04-25T20:04:29","modified_gmt":"2020-04-25T23:04:29","slug":"moro-divulga-mensagem-em-que-bolsonaro-critica-policia-federal-por-acao-contra-aliados","status":"publish","type":"post","link":"https:\/\/aconteceunovale.com.br\/portal\/?p=161547","title":{"rendered":"Moro divulga mensagem em que Bolsonaro critica Pol\u00edcia Federal por a\u00e7\u00e3o contra aliados"},"content":{"rendered":"\n<p>O pedido de demiss\u00e3o de S\u00e9rgio Moro do Minist\u00e9rio da Justi\u00e7a e da Seguran\u00e7a P\u00fablica promete render ainda v\u00e1rios cap\u00edtulos. Nessa sexta-feira (24), o ex-ministro mostrou ao Jornal Nacional, da TV Globo, uma suposta troca de mensagens entre ele e Jair Bolsonaro, que teria ocorrido na quinta (23). Nela, o presidente cobra mudan\u00e7as no comando da Pol\u00edcia Federal.<\/p>\n\n\n\n<p>Em uma parte do di\u00e1logo, Bolsonaro teria enviou o link de uma reportagem do portal O Antagonista que diz: &#8220;PF na cola de dez a 12 deputados bolsonaristas&#8221;. O presidente, ent\u00e3o, escreveu: &#8220;Mais um motivo para troca&#8221;, se referindo \u00e0\u00a0poss\u00edvel exonera\u00e7\u00e3o de Maur\u00edcio Valeixo, diretor-geral da Pol\u00edcia Federal (PF).<\/p>\n\n\n\n<p>Nesta suposta conversa, Moro diz que a investiga\u00e7\u00e3o n\u00e3o tinha sido pedida por Valeixo. &#8220;Esse inqu\u00e9rito \u00e9 conduzido pelo ministro Alexandre, no STF\u201d.&nbsp;O ex-ministro prossegue: &#8220;Dilig\u00eancias por ele determinadas, quebras por ele determinadas, buscas por ele determinadas&#8221;. E finaliza: &#8220;Conversamos em seguida, \u00e0s 0900&#8221;, referindo-se ao encontro que os dois teriam.<\/p>\n\n\n\n<p>Em outra imagem entregue por Moro ao<em>&nbsp;Jornal Nacional<\/em>, a deputada Carla Zambelli (PSL), aliada de Bolsonaro, pede que Moro &#8220;aceite Ramagem&#8221; (em refer\u00eancia a Alexandre Ramagem, diretor da Ag\u00eancia Brasileira de Intelig\u00eancia, cotado para assumir o cargo de diretor geral da Pol\u00edcia Federal).&nbsp;<\/p>\n\n\n\n<p>Foi a deputada que teria sugerido&nbsp;que Moro fizesse dessa negocia\u00e7\u00e3o uma moeda de troca para que o presidente Jair Bolsonaro o indicasse ao STF em setembro. &#8220;Eu me comprometo&#8221;, teria escrito a deputada.<\/p>\n\n\n\n<p>Nas mensagens, Moro responde. &#8220;Prezada, n\u00e3o estou \u00e0 venda&#8221;. Zambelli insiste e e argumenta: &#8220;Ministro, por favor, milh\u00f5es de brasileiros v\u00e3o se desfazer&#8221;.<\/p>\n\n\n\n<p>Moro se esquiva e encerra a conversa: &#8220;Vamos aguardar, j\u00e1 h\u00e1 pessoas conversando l\u00e1&#8221;, fazendo men\u00e7\u00e3o \u00e0 tentativa de aliados de fazer o presidente mudar de ideia sobre a exonera\u00e7\u00e3o de Valeixo<\/p>\n\n\n\n<p>A exposi\u00e7\u00e3o no Jornal Nacional do di\u00e1logo de Moro e Bolsonaro aconteceu duas horas ap\u00f3s o presidente da Rep\u00fablica ter afirmado, em pronunciamento no fim da tarde dessa sexta, que o ex ministro havia exigido uma indica\u00e7\u00e3o ao STF para aceitar a troca da dire\u00e7\u00e3o da Pol\u00edcia Federal.<\/p>\n\n\n\n<div class=\"wp-block-image\"><figure class=\"aligncenter size-large\"><img decoding=\"async\" src=\"http:\/\/aconteceu.info\/pub\/moro_jb_1.jpg\" alt=\"\"\/><figcaption><em>Reprodu\u00e7\u00e3o de conversa entre Moro e Bolsonaro &#8211; Foto: Reprodu\u00e7\u00e3o<\/em><\/figcaption><\/figure><\/div>\n\n\n\n<div class=\"wp-block-image\"><figure class=\"aligncenter size-large\"><img decoding=\"async\" src=\"http:\/\/aconteceu.info\/pub\/moro_jb_2.jpg\" alt=\"\"\/><figcaption><em>Reprodu\u00e7\u00e3o de conversa entre Moro e Carla Zambelli &#8211; Foto: Reprodu\u00e7\u00e3o<\/em><\/figcaption><\/figure><\/div>\n\n\n\n<ul class=\"wp-block-list\"><li><a rel=\"noreferrer noopener\" href=\"http:\/\/aconteceunovale.com.br\/portal\/wp-admin\/post.php?post=161489&amp;action=edit\" target=\"_blank\">Moro pede demiss\u00e3o do governo Bolsonaro<\/a><\/li><\/ul>\n\n\n\n<ul class=\"wp-block-list\"><li><a rel=\"noreferrer noopener\" href=\"http:\/\/aconteceunovale.com.br\/portal\/wp-admin\/post.php?post=161527&amp;action=edit\" target=\"_blank\">Augusto Aras pede abertura de inqu\u00e9rito para apurar declara\u00e7\u00f5es de Moro<\/a><\/li><\/ul>\n\n\n\n<ul class=\"wp-block-list\"><li><a rel=\"noreferrer noopener\" href=\"http:\/\/aconteceunovale.com.br\/portal\/wp-admin\/post.php?post=161529&amp;action=edit\" target=\"_blank\">Jair Bolsonaro diz que n\u00e3o houve interven\u00e7\u00e3o pol\u00edtica na PF<\/a><\/li><\/ul>\n\n\n\n<p class=\"has-background has-very-light-gray-background-color\">Quer saber as not\u00edcias do <strong>Aconteceu no Vale<\/strong> em primeira m\u00e3o? Siga-nos no Facebook <a rel=\"noreferrer noopener\" href=\"http:\/\/facebook.com\/aconteceunovale\" target=\"_blank\">@aconteceunovale<\/a>, Twitter <a rel=\"noreferrer noopener\" href=\"https:\/\/twitter.com\/noticiadosvales\" target=\"_blank\">@noticiadosvales<\/a> e Instagram <a rel=\"noreferrer noopener\" href=\"https:\/\/www.instagram.com\/aconteceunovale\" target=\"_blank\">@aconteceunovale<\/a>.<\/p>\n","protected":false},"excerpt":{"rendered":"<p>O pedido de demiss\u00e3o de S\u00e9rgio Moro do Minist\u00e9rio da Justi\u00e7a e da Seguran\u00e7a P\u00fablica promete render ainda v\u00e1rios cap\u00edtulos. Nessa sexta-feira (24), o ex-ministro mostrou ao Jornal Nacional, da TV Globo, uma suposta troca de mensagens entre ele e Jair Bolsonaro, que teria ocorrido na quinta (23). Nela, o presidente cobra mudan\u00e7as no comando [&hellip;]<\/p>\n","protected":false},"author":1,"featured_media":161548,"comment_status":"open","ping_status":"closed","sticky":false,"template":"","format":"standard","meta":{"amp_status":"","footnotes":""},"categories":[6,40240],"tags":[207806,220609,100375,220627,220635,220638,220630,220549,220553,80126,220554,1018,220608,184405,220607,220612,220611,26436,220610,220626,220634,220637,220629,220625,220633,220636,220628,19903,150851,220623,220552,220551,36446,220624,220632,220639,220631,35052,220550,28511,28510],"class_list":["post-161547","post","type-post","status-publish","format-standard","has-post-thumbnail","hentry","category-br","category-politica-2","tag-augusto-aras","tag-augusto-aras-pede-abertura-de-inquerito-para-apurar-declaracoes-de-moro","tag-bolsonaro","tag-conversa-entre-moro-e-bolsonaro","tag-conversa-entre-moro-e-carla-zambelli","tag-conversa-entre-sergio-moro-e-carla-zambelli","tag-conversa-entre-sergio-moro-e-jair-bolsonaro","tag-demissao-de-moro","tag-demissao-de-sergio-moro","tag-demissao-do-ministro-da-justica","tag-demissao-do-ministro-da-justica-e-da-seguranca-publica","tag-destaque","tag-falas-de-moro","tag-governo-bolsonaro","tag-inquerito-para-apurar-falas-de-moro","tag-interferencia-de-bolsonaro-na-pf","tag-interferencia-na-pf","tag-jair-bolsonaro","tag-jb-diz-que-nao-houve-intervencao-politica-na-pf","tag-mensagem-de-whatsapp-entre-moro-e-bolsonaro","tag-mensagem-de-whatsapp-entre-moro-e-carla-zambelli","tag-mensagem-de-whatsapp-entre-sergio-moro-e-carla-zambelli","tag-mensagem-de-whatsapp-entre-sergio-moro-e-jair-bolsonaro","tag-mensagem-entre-moro-e-bolsonaro","tag-mensagem-entre-moro-e-carla-zambelli","tag-mensagem-entre-sergio-moro-e-carla-zambelli","tag-mensagem-entre-sergio-moro-e-jair-bolsonaro","tag-ministerio-da-justica","tag-ministerio-da-justica-e-seguranca-publica","tag-moro-divulga-mensagem-em-que-bolsonaro-critica-policia-federal-por-acao-contra-aliados","tag-moro-pede-demissao","tag-moro-pede-demissao-do-governo-bolsonaro","tag-procurador-geral-da-republica","tag-reproducao-de-conversa-entre-moro-e-bolsonaro-no-whatsapp","tag-reproducao-de-conversa-entre-moro-e-carla-zambelli-no-whatsapp","tag-reproducao-de-conversa-entre-sergio-moro-e-carla-zambelli-no-whatsapp","tag-reproducao-de-conversa-entre-sergio-moro-e-jair-bolsonaro-no-whatsapp","tag-sergio-moro","tag-sergio-moro-pede-demissao","tag-stf","tag-supremo-tribunal-federal"],"_links":{"self":[{"href":"https:\/\/aconteceunovale.com.br\/portal\/index.php?rest_route=\/wp\/v2\/posts\/161547","targetHints":{"allow":["GET"]}}],"collection":[{"href":"https:\/\/aconteceunovale.com.br\/portal\/index.php?rest_route=\/wp\/v2\/posts"}],"about":[{"href":"https:\/\/aconteceunovale.com.br\/portal\/index.php?rest_route=\/wp\/v2\/types\/post"}],"author":[{"embeddable":true,"href":"https:\/\/aconteceunovale.com.br\/portal\/index.php?rest_route=\/wp\/v2\/users\/1"}],"replies":[{"embeddable":true,"href":"https:\/\/aconteceunovale.com.br\/portal\/index.php?rest_route=%2Fwp%2Fv2%2Fcomments&post=161547"}],"version-history":[{"count":4,"href":"https:\/\/aconteceunovale.com.br\/portal\/index.php?rest_route=\/wp\/v2\/posts\/161547\/revisions"}],"predecessor-version":[{"id":161570,"href":"https:\/\/aconteceunovale.com.br\/portal\/index.php?rest_route=\/wp\/v2\/posts\/161547\/revisions\/161570"}],"wp:featuredmedia":[{"embeddable":true,"href":"https:\/\/aconteceunovale.com.br\/portal\/index.php?rest_route=\/wp\/v2\/media\/161548"}],"wp:attachment":[{"href":"https:\/\/aconteceunovale.com.br\/portal\/index.php?rest_route=%2Fwp%2Fv2%2Fmedia&parent=161547"}],"wp:term":[{"taxonomy":"category","embeddable":true,"href":"https:\/\/aconteceunovale.com.br\/portal\/index.php?rest_route=%2Fwp%2Fv2%2Fcategories&post=161547"},{"taxonomy":"post_tag","embeddable":true,"href":"https:\/\/aconteceunovale.com.br\/portal\/index.php?rest_route=%2Fwp%2Fv2%2Ftags&post=161547"}],"curies":[{"name":"wp","href":"https:\/\/api.w.org\/{rel}","templated":true}]}}