{"id":161541,"date":"2020-04-24T23:05:18","date_gmt":"2020-04-25T02:05:18","guid":{"rendered":"http:\/\/aconteceunovale.com.br\/portal\/?p=161541"},"modified":"2020-04-27T22:38:38","modified_gmt":"2020-04-28T01:38:38","slug":"policia-civil-conclui-inquerito-sobre-morte-de-crianca-em-montes-claros","status":"publish","type":"post","link":"https:\/\/aconteceunovale.com.br\/portal\/?p=161541","title":{"rendered":"Pol\u00edcia Civil conclui inqu\u00e9rito sobre morte de crian\u00e7a em Montes Claros"},"content":{"rendered":"\n<p>A Pol\u00edcia Civil de Minas Gerais (PCMG) concluiu, nesta sexta-feira (24\/04\/2020), inqu\u00e9rito policial que apurou a morte de uma crian\u00e7a em Montes Claros. A m\u00e3e da v\u00edtima foi presa no dia 10\/04, quando a PC cumpriu mandado de pris\u00e3o tempor\u00e1ria pelo crime b\u00e1rbaro que chocou a popula\u00e7\u00e3o.<\/p>\n\n\n\n<p>A crian\u00e7a faleceu em 20 de fevereiro deste ano e o laudo de necropsia apontou &#8220;morte em decorr\u00eancia de traumatismo abdominal&#8221;. Ao longo da investiga\u00e7\u00e3o, al\u00e9m das dilig\u00eancias realizadas, testemunhas e parentes da v\u00edtima e suspeita foram ouvidos e relataram \u00e0 Pol\u00edcia Civil que a v\u00edtima era submetida a agress\u00f5es constantes por parte da m\u00e3e.<\/p>\n\n\n\n<p>Com os depoimentos, a Pol\u00edcia Civil confirmou o cen\u00e1rio de espancamento em que a v\u00edtima foi submetida antes de falecer. Relatos indicam que a m\u00e3e agredia o filho com socos, e ainda, com golpes de sand\u00e1lias no rosto, o que corrobora com as provas do inqu\u00e9rito.<\/p>\n\n\n\n<p>Demonstrando insensibilidade e crueldade anormais, a suspeita mostrou resist\u00eancia em acompanhar a crian\u00e7a quando foi socorrida, bem como durante os dias em que ficou internada. E, ainda, ap\u00f3s o vel\u00f3rio, foi vista, juntamente com o pai do menino, em um bar.<\/p>\n\n\n\n<p>Em suas declara\u00e7\u00f5es, a mulher relatou que o agravamento do estado de sa\u00fade da crian\u00e7a foi ocasionado por uma queda que a v\u00edtima sofreu de uma cadeira, &#8220;na qual ela teria batido com a barriga no ch\u00e3o&#8221;.<\/p>\n\n\n\n<p>A Pol\u00edcia Civil tamb\u00e9m encontrou incoer\u00eancia nas declara\u00e7\u00f5es do pai e m\u00e3e, a\u00e7\u00e3o e omiss\u00e3o, condutas que culminaram com a morte da v\u00edtima.<\/p>\n\n\n\n<p>No relat\u00f3rio, o Delegado Bruno Rezende entendeu que pai e av\u00f3 foram omissos em n\u00e3o socorrer a v\u00edtima prontamente. &#8220;Com a piora do quadro cl\u00ednico, eles foram orientados a levar com urg\u00eancia a crian\u00e7a para atendimento m\u00e9dico, entretanto, s\u00f3 acionaram o Samu 24 horas depois, diminuindo a expectativa de sobreviv\u00eancia da v\u00edtima&#8221; disse.<\/p>\n\n\n\n<p>O Delegado Bruno Rezende indiciou a genitora por homic\u00eddio triplamente qualificado, dada a gravidade dos atos. &#8220;Pai e av\u00f3 foram omissos e praticaram conduta descrita no artigo 135 do C\u00f3digo Penal, deixando de prestar assist\u00eancia \u00e0 crian\u00e7a, sendo ambos indiciados por este delito&#8221;, afirmou. Al\u00e9m disso, o Delegado representou pela convers\u00e3o da pris\u00e3o tempor\u00e1ria em preventiva da indiciada, concluindo o trabalho da Pol\u00edcia Civil na elucida\u00e7\u00e3o deste crime. Rezende ressalta que omiss\u00e3o tamb\u00e9m \u00e9 uma decis\u00e3o. &#8220;O ato por si s\u00f3 pode resultar em morte, por isso den\u00fancias s\u00e3o imprescind\u00edveis para que a Pol\u00edcia possa agir e evitar crimes semelhantes&#8221;, finaliza.<\/p>\n\n\n\n<p class=\"has-background has-very-light-gray-background-color\">Quer saber as not\u00edcias do <strong>Aconteceu no Vale<\/strong> em primeira m\u00e3o? Siga-nos no Facebook <a rel=\"noreferrer noopener\" href=\"http:\/\/facebook.com\/aconteceunovale\" target=\"_blank\">@aconteceunovale<\/a>, Twitter <a rel=\"noreferrer noopener\" href=\"https:\/\/twitter.com\/noticiadosvales\" target=\"_blank\">@noticiadosvales<\/a> e Instagram <a rel=\"noreferrer noopener\" href=\"https:\/\/www.instagram.com\/aconteceunovale\" target=\"_blank\">@aconteceunovale<\/a>.<\/p>\n","protected":false},"excerpt":{"rendered":"<p>A Pol\u00edcia Civil de Minas Gerais (PCMG) concluiu, nesta sexta-feira (24\/04\/2020), inqu\u00e9rito policial que apurou a morte de uma crian\u00e7a em Montes Claros. A m\u00e3e da v\u00edtima foi presa no dia 10\/04, quando a PC cumpriu mandado de pris\u00e3o tempor\u00e1ria pelo crime b\u00e1rbaro que chocou a popula\u00e7\u00e3o. A crian\u00e7a faleceu em 20 de fevereiro deste [&hellip;]<\/p>\n","protected":false},"author":1,"featured_media":160828,"comment_status":"open","ping_status":"closed","sticky":false,"template":"","format":"standard","meta":{"amp_status":"","footnotes":""},"categories":[1236],"tags":[157105,68567,220617,204383,86200,1018,210,165013,109589,219673,604,219671,220618,44644,219672],"class_list":{"0":"post-161541","1":"post","2":"type-post","3":"status-publish","4":"format-standard","5":"has-post-thumbnail","6":"hentry","7":"category-norte_de_minas","8":"tag-assassinato-de-crianca-em-montes-claros","9":"tag-bruno-rezende","11":"tag-crime-barbaro-em-montes-claros","12":"tag-delegado-bruno-rezende","13":"tag-destaque","14":"tag-montes-claros","15":"tag-morte-de-crianca-em-montes-claros","16":"tag-mulher-presa-em-montes-claros","17":"tag-mulher-presa-por-mata-crianca-em-montes-claros","18":"tag-pcmg","19":"tag-policia-civil-apura-morte-de-crianca-em-montes-claros-e-prende-a-mae-da-vitima","20":"tag-policia-civil-conclui-inquerito-sobre-morte-de-crianca-em-montes-claros","21":"tag-policia-civil-de-minas-gerais","22":"tag-prisao-de-mulher-em-montes-claros"},"_links":{"self":[{"href":"https:\/\/aconteceunovale.com.br\/portal\/index.php?rest_route=\/wp\/v2\/posts\/161541","targetHints":{"allow":["GET"]}}],"collection":[{"href":"https:\/\/aconteceunovale.com.br\/portal\/index.php?rest_route=\/wp\/v2\/posts"}],"about":[{"href":"https:\/\/aconteceunovale.com.br\/portal\/index.php?rest_route=\/wp\/v2\/types\/post"}],"author":[{"embeddable":true,"href":"https:\/\/aconteceunovale.com.br\/portal\/index.php?rest_route=\/wp\/v2\/users\/1"}],"replies":[{"embeddable":true,"href":"https:\/\/aconteceunovale.com.br\/portal\/index.php?rest_route=%2Fwp%2Fv2%2Fcomments&post=161541"}],"version-history":[{"count":2,"href":"https:\/\/aconteceunovale.com.br\/portal\/index.php?rest_route=\/wp\/v2\/posts\/161541\/revisions"}],"predecessor-version":[{"id":161701,"href":"https:\/\/aconteceunovale.com.br\/portal\/index.php?rest_route=\/wp\/v2\/posts\/161541\/revisions\/161701"}],"wp:featuredmedia":[{"embeddable":true,"href":"https:\/\/aconteceunovale.com.br\/portal\/index.php?rest_route=\/wp\/v2\/media\/160828"}],"wp:attachment":[{"href":"https:\/\/aconteceunovale.com.br\/portal\/index.php?rest_route=%2Fwp%2Fv2%2Fmedia&parent=161541"}],"wp:term":[{"taxonomy":"category","embeddable":true,"href":"https:\/\/aconteceunovale.com.br\/portal\/index.php?rest_route=%2Fwp%2Fv2%2Fcategories&post=161541"},{"taxonomy":"post_tag","embeddable":true,"href":"https:\/\/aconteceunovale.com.br\/portal\/index.php?rest_route=%2Fwp%2Fv2%2Ftags&post=161541"}],"curies":[{"name":"wp","href":"https:\/\/api.w.org\/{rel}","templated":true}]}}