{"id":161533,"date":"2020-04-24T21:53:11","date_gmt":"2020-04-25T00:53:11","guid":{"rendered":"http:\/\/aconteceunovale.com.br\/portal\/?p=161533"},"modified":"2020-04-24T21:54:29","modified_gmt":"2020-04-25T00:54:29","slug":"dolar-bate-recorde-em-dia-de-demissao-de-ministro","status":"publish","type":"post","link":"https:\/\/aconteceunovale.com.br\/portal\/?p=161533","title":{"rendered":"D\u00f3lar bate recorde em dia de demiss\u00e3o de ministro"},"content":{"rendered":"\n<p>Num dia de nervosismo no mercado brasileiro, o d\u00f3lar comercial ultrapassou a barreira de R$ 5,60 e fechou no maior valor nominal \u2013 sem considerar a infla\u00e7\u00e3o \u2013 desde a cria\u00e7\u00e3o do real. A moeda encerrou esta&nbsp;sexta-feira (24) vendida a R$ 5,668, com alta de R$ 0,14 (+2,54%). O euro comercial foi vendido a R$ 6,116, fechando acima dos R$ 6 pela primeira vez na hist\u00f3ria.<\/p>\n\n\n\n<p>A bolsa operou o dia inteiro em queda, mas despencou depois do an\u00fancio da demiss\u00e3o do ministro da Justi\u00e7a e Seguran\u00e7a P\u00fablica, Sergio Moro. O \u00edndice Ibovespa, da B3, a bolsa de valores brasileira, caiu 5,45%, fechando aos 75.331 pontos, no menor n\u00edvel desde&nbsp;6 de abril. Por volta das 12h30, o \u00edndice chegou a cair 9,5%, amea\u00e7ando o acionamento do&nbsp;<em>circuit breaker<\/em>, quando as negocia\u00e7\u00f5es s\u00e3o interrompidas por meia hora quando o recuo supera os 10%.<\/p>\n\n\n\n<p>Em rela\u00e7\u00e3o ao d\u00f3lar, a cota\u00e7\u00e3o come\u00e7ou o dia em torno de R$ 5,55, mas aproximou-se de R$ 5,70 ap\u00f3s a demiss\u00e3o do ministro. Na m\u00e1xima do dia, por volta das 14h50, a moeda chegou a ser vendida a R$ 5,74.<\/p>\n\n\n\n<p>A alta poderia&nbsp;ter&nbsp;sido maior caso o Banco Central (BC) n\u00e3o tivesse intervindo no mercado. A autoridade monet\u00e1ria fez quatro leil\u00f5es de venda direta de US$ 2,175 bilh\u00f5es das reservas internacionais e dois leil\u00f5es de venda com compromisso de recompra de US$ 700 milh\u00f5es. O BC fez ainda leil\u00f5es de contratos novos de&nbsp;<em>swap<\/em>&nbsp;(venda de d\u00f3lares no mercado futuro), mas o resultado n\u00e3o foi divulgado. A divisa acumula alta de 41,25% em 2020.<\/p>\n\n\n\n<p>Al\u00e9m da ren\u00fancia de Moro, o mercado est\u00e1 sendo influenciado pela perspectiva de queda dos juros. Na \u00faltima&nbsp;quarta-feira (22), o presidente do Banco Central (BC), Roberto Campos Neto, disse que o cen\u00e1rio para a Selic (taxa b\u00e1sica de juros) mudou depois da \u00faltima reuni\u00e3o do Comit\u00ea de Pol\u00edtica Monet\u00e1ria (Copom). Juros mais baixos tornam menos atrativos os investimentos em pa\u00edses emergentes, como o Brasil, estimulando a retirada de capitais por estrangeiros. As tens\u00f5es pol\u00edticas internas tamb\u00e9m interferiram no mercado.<\/p>\n\n\n\n<h2 class=\"wp-block-heading\">No exterior<\/h2>\n\n\n\n<p>Em rela\u00e7\u00e3o aos demais pa\u00edses emergentes, o real foi a moeda que mais se desvalorizou&nbsp;hoje. O Ibovespa descolou-se do mercado externo. Influenciado pela recupera\u00e7\u00e3o da crise de petr\u00f3leo e por um pacote de ajuda a empresas norte-americanas, o \u00edndice Dow Jones, da Bolsa de Nova York, encerrou o dia com ganhos de 1,11%.<\/p>\n\n\n\n<p>H\u00e1 v\u00e1rias semanas, mercados financeiros em todo o planeta atravessam um per\u00edodo de nervosismo por causa da recess\u00e3o global provocada pelo agravamento da pandemia do novo coronav\u00edrus. As interrup\u00e7\u00f5es na atividade econ\u00f4mica associadas \u00e0 restri\u00e7\u00e3o de atividades sociais travam a produ\u00e7\u00e3o e o consumo, provocando instabilidades. No entanto, a perspectiva de que v\u00e1rios pa\u00edses da Europa e regi\u00f5es dos Estados Unidos relaxem as restri\u00e7\u00f5es ap\u00f3s a supera\u00e7\u00e3o do pico da pandemia anima os mercados.<\/p>\n\n\n\n<h2 class=\"wp-block-heading\">Petr\u00f3leo<\/h2>\n\n\n\n<p>Os pre\u00e7os internacionais do petr\u00f3leo, que despencaram nos \u00faltimos dois dias, continuaram a recuperar-se&nbsp;hoje. Os contratos futuros dos barris do tipo WTI para junho, que servem como referencial para o mercado norte-americano, encerraram o dia em US$ 17,11, com alta de 3,7%.<\/p>\n\n\n\n<p>Na&nbsp;segunda-feira (20), os contratos do WTI para maio, que n\u00e3o est\u00e3o mais ativos, fecharam com pre\u00e7os negativos pela primeira vez na hist\u00f3ria, afetados pela baixa demanda e pelos altos estoques de petr\u00f3leo.<\/p>\n\n\n\n<p>As cota\u00e7\u00f5es do barril do tipo Brent, que servem de referencial para o mercado internacional e para a Petrobras, tamb\u00e9m se recuperaram. Por volta das 18h, o Brent era vendido a US$ 21,83, com alta de 2,34%.<\/p>\n\n\n\n<p>O desempenho do mercado internacional, no entanto, n\u00e3o se refletiu nas a\u00e7\u00f5es da Petrobras, as mais negociadas na bolsa. Afetados pelas tens\u00f5es pol\u00edticas internas, os pap\u00e9is ordin\u00e1rios (com direito a voto em assembleia de acionistas) desvalorizaram-se 5,9% nesta&nbsp;sexta. Os pap\u00e9is preferenciais (com prioridade na distribui\u00e7\u00e3o de dividendos) tiveram perda de 7,32%.<\/p>\n\n\n\n<p>A guerra de pre\u00e7os de petr\u00f3leo come\u00e7ou h\u00e1 um m\u00eas, quando Ar\u00e1bia Saudita e R\u00fassia aumentaram a produ\u00e7\u00e3o, mesmo com os pre\u00e7os em queda. Segundo a Petrobras, a extra\u00e7\u00e3o do petr\u00f3leo s\u00f3 \u00e9 vi\u00e1vel no longo prazo para cota\u00e7\u00f5es a partir de US$ 45. No curto prazo, a companhia pode extrair petr\u00f3leo a US$ 19, no limite dos custos da empresa.<\/p>\n\n\n\n<p class=\"has-background has-very-light-gray-background-color\">Quer saber as not\u00edcias do <strong>Aconteceu no Vale<\/strong> em primeira m\u00e3o? Siga-nos no Facebook <a rel=\"noreferrer noopener\" href=\"http:\/\/facebook.com\/aconteceunovale\" target=\"_blank\">@aconteceunovale<\/a>, Twitter <a rel=\"noreferrer noopener\" href=\"https:\/\/twitter.com\/noticiadosvales\" target=\"_blank\">@noticiadosvales<\/a> e Instagram <a rel=\"noreferrer noopener\" href=\"https:\/\/www.instagram.com\/aconteceunovale\" target=\"_blank\">@aconteceunovale<\/a>.<\/p>\n","protected":false},"excerpt":{"rendered":"<p>Num dia de nervosismo no mercado brasileiro, o d\u00f3lar comercial ultrapassou a barreira de R$ 5,60 e fechou no maior valor nominal \u2013 sem considerar a infla\u00e7\u00e3o \u2013 desde a cria\u00e7\u00e3o do real. A moeda encerrou esta&nbsp;sexta-feira (24) vendida a R$ 5,668, com alta de R$ 0,14 (+2,54%). O euro comercial foi vendido a R$ [&hellip;]<\/p>\n","protected":false},"author":1,"featured_media":161534,"comment_status":"open","ping_status":"closed","sticky":false,"template":"","format":"standard","meta":{"amp_status":"","footnotes":""},"categories":[6,28848,40240],"tags":[34428,207806,220609,100375,60204,20088,220549,220553,80126,220554,173682,20087,220613,220614,220608,184405,220607,220612,220611,26436,220610,19903,150851,220552,220551,36446,211240,35052,220550,28511,216657,28510,30962,37630],"class_list":["post-161533","post","type-post","status-publish","format-standard","has-post-thumbnail","hentry","category-br","category-mundo","category-politica-2","tag-alta-do-dolar","tag-augusto-aras","tag-augusto-aras-pede-abertura-de-inquerito-para-apurar-declaracoes-de-moro","tag-bolsonaro","tag-cambio-dolar","tag-cotacao-do-dolar","tag-demissao-de-moro","tag-demissao-de-sergio-moro","tag-demissao-do-ministro-da-justica","tag-demissao-do-ministro-da-justica-e-da-seguranca-publica","tag-desvalorizacao-do-real","tag-dolar","tag-dolar-bate-recorde-em-dia-de-demissao-de-ministro","tag-dolar-cambio","tag-falas-de-moro","tag-governo-bolsonaro","tag-inquerito-para-apurar-falas-de-moro","tag-interferencia-de-bolsonaro-na-pf","tag-interferencia-na-pf","tag-jair-bolsonaro","tag-jb-diz-que-nao-houve-intervencao-politica-na-pf","tag-ministerio-da-justica","tag-ministerio-da-justica-e-seguranca-publica","tag-moro-pede-demissao","tag-moro-pede-demissao-do-governo-bolsonaro","tag-procurador-geral-da-republica","tag-real","tag-sergio-moro","tag-sergio-moro-pede-demissao","tag-stf","tag-super-valorizacao-do-dolar","tag-supremo-tribunal-federal","tag-valor-do-dolar","tag-valorizacao-do-dolar"],"_links":{"self":[{"href":"https:\/\/aconteceunovale.com.br\/portal\/index.php?rest_route=\/wp\/v2\/posts\/161533","targetHints":{"allow":["GET"]}}],"collection":[{"href":"https:\/\/aconteceunovale.com.br\/portal\/index.php?rest_route=\/wp\/v2\/posts"}],"about":[{"href":"https:\/\/aconteceunovale.com.br\/portal\/index.php?rest_route=\/wp\/v2\/types\/post"}],"author":[{"embeddable":true,"href":"https:\/\/aconteceunovale.com.br\/portal\/index.php?rest_route=\/wp\/v2\/users\/1"}],"replies":[{"embeddable":true,"href":"https:\/\/aconteceunovale.com.br\/portal\/index.php?rest_route=%2Fwp%2Fv2%2Fcomments&post=161533"}],"version-history":[{"count":1,"href":"https:\/\/aconteceunovale.com.br\/portal\/index.php?rest_route=\/wp\/v2\/posts\/161533\/revisions"}],"predecessor-version":[{"id":161535,"href":"https:\/\/aconteceunovale.com.br\/portal\/index.php?rest_route=\/wp\/v2\/posts\/161533\/revisions\/161535"}],"wp:featuredmedia":[{"embeddable":true,"href":"https:\/\/aconteceunovale.com.br\/portal\/index.php?rest_route=\/wp\/v2\/media\/161534"}],"wp:attachment":[{"href":"https:\/\/aconteceunovale.com.br\/portal\/index.php?rest_route=%2Fwp%2Fv2%2Fmedia&parent=161533"}],"wp:term":[{"taxonomy":"category","embeddable":true,"href":"https:\/\/aconteceunovale.com.br\/portal\/index.php?rest_route=%2Fwp%2Fv2%2Fcategories&post=161533"},{"taxonomy":"post_tag","embeddable":true,"href":"https:\/\/aconteceunovale.com.br\/portal\/index.php?rest_route=%2Fwp%2Fv2%2Ftags&post=161533"}],"curies":[{"name":"wp","href":"https:\/\/api.w.org\/{rel}","templated":true}]}}