{"id":161527,"date":"2020-04-24T18:32:31","date_gmt":"2020-04-24T21:32:31","guid":{"rendered":"http:\/\/aconteceunovale.com.br\/portal\/?p=161527"},"modified":"2020-04-24T18:33:26","modified_gmt":"2020-04-24T21:33:26","slug":"augusto-aras-pede-abertura-de-inquerito-para-apurar-declaracoes-de-moro","status":"publish","type":"post","link":"https:\/\/aconteceunovale.com.br\/portal\/?p=161527","title":{"rendered":"Augusto Aras pede abertura de inqu\u00e9rito para apurar declara\u00e7\u00f5es de Moro"},"content":{"rendered":"\n<p>O procurador-geral da Rep\u00fablica, Augusto Aras, pediu hoje (24\/04\/2020) ao Supremo Tribunal Federal (STF) a abertura de um inqu\u00e9rito para apurar as declara\u00e7\u00f5es feitas pelo ex-ministro da Justi\u00e7a e Seguran\u00e7a P\u00fablica Sergio Moro, que pediu demiss\u00e3o do cargo e fez acusa\u00e7\u00f5es contra o presidente Jair Bolsonaro.\u00a0Entre as medidas solicitadas ao STF, Aras pediu que seja determinado o depoimento de Moro.<\/p>\n\n\n\n<p>De acordo com o procurador, os fatos evidenciam supostos crimes de falsidade ideol\u00f3gica, obstru\u00e7\u00e3o de Justi\u00e7a, corrup\u00e7\u00e3o passiva privilegiada, coa\u00e7\u00e3o no curso do processo ou denuncia\u00e7\u00e3o caluniosa e crime contra a honra.<\/p>\n\n\n\n<p>\u201cIndica-se, como dilig\u00eancia inicial, a oitiva de Sergio Fernando Moro, a fim de que apresente manifesta\u00e7\u00e3o detalhada sobre os termos do pronunciamento, com a exibi\u00e7\u00e3o de documenta\u00e7\u00e3o id\u00f4nea que eventualmente possua acerca dos eventos em quest\u00e3o. Uma vez instaurado o inqu\u00e9rito, e na certeza da dilig\u00eancia policial para o n\u00e3o perecimento de elementos probat\u00f3rios, o procurador-geral da Rep\u00fablica reserva-se para acompanhar o apurat\u00f3rio e, se for o caso, oferecer den\u00fancia\u201d, disse Aras no pedido.<\/p>\n\n\n\n<p>Mais cedo, ao anunciar a demiss\u00e3o,\u00a0Moro afirmou que pesou para sua decis\u00e3o\u00a0o fato de o governo federal ter decidido exonerar o diretor-geral da Pol\u00edcia Federal (PF), Maur\u00edcio Valeixo.<\/p>\n\n\n\n<p class=\"has-background has-very-light-gray-background-color\">Quer saber as not\u00edcias do <strong>Aconteceu no Vale<\/strong> em primeira m\u00e3o? Siga-nos no Facebook <a rel=\"noreferrer noopener\" href=\"http:\/\/facebook.com\/aconteceunovale\" target=\"_blank\">@aconteceunovale<\/a>, Twitter <a rel=\"noreferrer noopener\" href=\"https:\/\/twitter.com\/noticiadosvales\" target=\"_blank\">@noticiadosvales<\/a> e Instagram <a rel=\"noreferrer noopener\" href=\"https:\/\/www.instagram.com\/aconteceunovale\" target=\"_blank\">@aconteceunovale<\/a>.<\/p>\n","protected":false},"excerpt":{"rendered":"<p>O procurador-geral da Rep\u00fablica, Augusto Aras, pediu hoje (24\/04\/2020) ao Supremo Tribunal Federal (STF) a abertura de um inqu\u00e9rito para apurar as declara\u00e7\u00f5es feitas pelo ex-ministro da Justi\u00e7a e Seguran\u00e7a P\u00fablica Sergio Moro, que pediu demiss\u00e3o do cargo e fez acusa\u00e7\u00f5es contra o presidente Jair Bolsonaro.\u00a0Entre as medidas solicitadas ao STF, Aras pediu que seja [&hellip;]<\/p>\n","protected":false},"author":1,"featured_media":161250,"comment_status":"open","ping_status":"closed","sticky":false,"template":"","format":"standard","meta":{"amp_status":"","footnotes":""},"categories":[6,40240],"tags":[207806,220609,100375,220549,220553,80126,220554,220608,184405,220607,26436,19903,150851,220552,220551,36446,35052,220550,28511,28510],"class_list":["post-161527","post","type-post","status-publish","format-standard","has-post-thumbnail","hentry","category-br","category-politica-2","tag-augusto-aras","tag-augusto-aras-pede-abertura-de-inquerito-para-apurar-declaracoes-de-moro","tag-bolsonaro","tag-demissao-de-moro","tag-demissao-de-sergio-moro","tag-demissao-do-ministro-da-justica","tag-demissao-do-ministro-da-justica-e-da-seguranca-publica","tag-falas-de-moro","tag-governo-bolsonaro","tag-inquerito-para-apurar-falas-de-moro","tag-jair-bolsonaro","tag-ministerio-da-justica","tag-ministerio-da-justica-e-seguranca-publica","tag-moro-pede-demissao","tag-moro-pede-demissao-do-governo-bolsonaro","tag-procurador-geral-da-republica","tag-sergio-moro","tag-sergio-moro-pede-demissao","tag-stf","tag-supremo-tribunal-federal"],"_links":{"self":[{"href":"https:\/\/aconteceunovale.com.br\/portal\/index.php?rest_route=\/wp\/v2\/posts\/161527","targetHints":{"allow":["GET"]}}],"collection":[{"href":"https:\/\/aconteceunovale.com.br\/portal\/index.php?rest_route=\/wp\/v2\/posts"}],"about":[{"href":"https:\/\/aconteceunovale.com.br\/portal\/index.php?rest_route=\/wp\/v2\/types\/post"}],"author":[{"embeddable":true,"href":"https:\/\/aconteceunovale.com.br\/portal\/index.php?rest_route=\/wp\/v2\/users\/1"}],"replies":[{"embeddable":true,"href":"https:\/\/aconteceunovale.com.br\/portal\/index.php?rest_route=%2Fwp%2Fv2%2Fcomments&post=161527"}],"version-history":[{"count":1,"href":"https:\/\/aconteceunovale.com.br\/portal\/index.php?rest_route=\/wp\/v2\/posts\/161527\/revisions"}],"predecessor-version":[{"id":161528,"href":"https:\/\/aconteceunovale.com.br\/portal\/index.php?rest_route=\/wp\/v2\/posts\/161527\/revisions\/161528"}],"wp:featuredmedia":[{"embeddable":true,"href":"https:\/\/aconteceunovale.com.br\/portal\/index.php?rest_route=\/wp\/v2\/media\/161250"}],"wp:attachment":[{"href":"https:\/\/aconteceunovale.com.br\/portal\/index.php?rest_route=%2Fwp%2Fv2%2Fmedia&parent=161527"}],"wp:term":[{"taxonomy":"category","embeddable":true,"href":"https:\/\/aconteceunovale.com.br\/portal\/index.php?rest_route=%2Fwp%2Fv2%2Fcategories&post=161527"},{"taxonomy":"post_tag","embeddable":true,"href":"https:\/\/aconteceunovale.com.br\/portal\/index.php?rest_route=%2Fwp%2Fv2%2Ftags&post=161527"}],"curies":[{"name":"wp","href":"https:\/\/api.w.org\/{rel}","templated":true}]}}