{"id":161522,"date":"2020-04-24T18:21:44","date_gmt":"2020-04-24T21:21:44","guid":{"rendered":"http:\/\/aconteceunovale.com.br\/portal\/?p=161522"},"modified":"2020-04-24T18:22:21","modified_gmt":"2020-04-24T21:22:21","slug":"aneel-mantem-bandeira-verde-nas-contas-de-energia-de-maio","status":"publish","type":"post","link":"https:\/\/aconteceunovale.com.br\/portal\/?p=161522","title":{"rendered":"Aneel mant\u00e9m bandeira verde nas contas de energia de maio"},"content":{"rendered":"\n<p>A Ag\u00eancia Nacional de Energia El\u00e9trica (Aneel) informou, hoje (24\/04\/2020), que manter\u00e1 no m\u00eas de maio a bandeira tarif\u00e1ria na cor verde, sem cobran\u00e7a extra na conta do consumidor. A bandeira foi a mesma aplicada em abril. Este \u00e9 o quarto m\u00eas consecutivo que a bandeira segue no mesmo patamar.<\/p>\n\n\n\n<p>De acordo com a ag\u00eancia, a decis\u00e3o de&nbsp; manter a bandeira na cor verde se deve \u00e0 recupera\u00e7\u00e3o nos n\u00edveis dos reservat\u00f3rios em virtude do volume de chuvas pr\u00f3ximo ao padr\u00e3o hist\u00f3rico do m\u00eas de abril.<\/p>\n\n\n\n<p>&#8220;Em abril, os principais reservat\u00f3rios de hidrel\u00e9tricas do Sistema Interligado Nacional (SIN) apresentaram recupera\u00e7\u00e3o de n\u00edveis em raz\u00e3o do volume de chuvas pr\u00f3ximo ao padr\u00e3o hist\u00f3rico do m\u00eas. A combina\u00e7\u00e3o de reservat\u00f3rios mais elevados com o impacto das medidas de combate \u00e0 pandemia do Covid-19 sobre o consumo de eletricidade sinaliza manuten\u00e7\u00e3o da elevada participa\u00e7\u00e3o das hidrel\u00e9tricas no atendimento \u00e0 demanda de energia do SIN, sem a necessidade de acionamento do parque termel\u00e9trico de forma sist\u00eamica&#8221;, informou a Aneel.<\/p>\n\n\n\n<p>Segundo a ag\u00eancia, o volume de chuvas refletiu-se na manuten\u00e7\u00e3o do pre\u00e7o da energia no mercado de curto prazo (PLD) e dos custos relacionados ao risco hidrol\u00f3gico (GSF). O PLD e o GSF s\u00e3o as duas vari\u00e1veis que determinam a cor da bandeira a ser acionada.<\/p>\n\n\n\n<p>Criado pela Aneel, o sistema de bandeiras tarif\u00e1rias sinaliza o custo real da energia gerada, &#8220;possibilitando aos consumidores o bom uso da energia el\u00e9trica. O funcionamento das bandeiras tarif\u00e1rias tem tr\u00eas cores: verde, amarela ou vermelha (nos patamares 1 e 2) que indicam se a energia custar\u00e1 mais ou menos em fun\u00e7\u00e3o das condi\u00e7\u00f5es de gera\u00e7\u00e3o.<\/p>\n\n\n\n<p>O acr\u00e9scimo cobrado na conta pelo acionamento da bandeira amarela passou \u00e9 R$ 1,34 a cada 100 kWh consumidos. J\u00e1 a bandeira vermelha patamar 1, o valor a mais cobrado \u00e9 R$ 4,16 a cada 100 kWh e no patamar 2 da bandeira o valor \u00e9 R$ 6,24 por 100 kWh consumidos. A bandeira verde n\u00e3o tem cobran\u00e7a extra.<\/p>\n\n\n\n<p class=\"has-background has-very-light-gray-background-color\">Quer saber as not\u00edcias do <strong>Aconteceu no Vale<\/strong> em primeira m\u00e3o? Siga-nos no Facebook <a rel=\"noreferrer noopener\" href=\"http:\/\/facebook.com\/aconteceunovale\" target=\"_blank\">@aconteceunovale<\/a>, Twitter <a rel=\"noreferrer noopener\" href=\"https:\/\/twitter.com\/noticiadosvales\" target=\"_blank\">@noticiadosvales<\/a> e Instagram <a rel=\"noreferrer noopener\" href=\"https:\/\/www.instagram.com\/aconteceunovale\" target=\"_blank\">@aconteceunovale<\/a>.<\/p>\n","protected":false},"excerpt":{"rendered":"<p>A Ag\u00eancia Nacional de Energia El\u00e9trica (Aneel) informou, hoje (24\/04\/2020), que manter\u00e1 no m\u00eas de maio a bandeira tarif\u00e1ria na cor verde, sem cobran\u00e7a extra na conta do consumidor. A bandeira foi a mesma aplicada em abril. Este \u00e9 o quarto m\u00eas consecutivo que a bandeira segue no mesmo patamar. De acordo com a ag\u00eancia, [&hellip;]<\/p>\n","protected":false},"author":1,"featured_media":136246,"comment_status":"open","ping_status":"closed","sticky":false,"template":"","format":"standard","meta":{"amp_status":"","footnotes":""},"categories":[6],"tags":[26917,26918,220598,220601,220600,31752,220599,214884,216498,35418,140166],"class_list":["post-161522","post","type-post","status-publish","format-standard","has-post-thumbnail","hentry","category-br","tag-agencia-nacional-de-energia-eletrica","tag-aneel","tag-aneel-mantem-bandeira-verde-nas-contas-de-energia-de-maio","tag-bandeira-das-contas-de-energia-eletrica-em-maio","tag-bandeira-das-contas-de-luz-em-maio","tag-bandeira-tarifaria","tag-bandeira-verde-nas-contas-de-maio","tag-coronavirus","tag-covid-19","tag-energia-eletrica","tag-pandemia"],"_links":{"self":[{"href":"https:\/\/aconteceunovale.com.br\/portal\/index.php?rest_route=\/wp\/v2\/posts\/161522","targetHints":{"allow":["GET"]}}],"collection":[{"href":"https:\/\/aconteceunovale.com.br\/portal\/index.php?rest_route=\/wp\/v2\/posts"}],"about":[{"href":"https:\/\/aconteceunovale.com.br\/portal\/index.php?rest_route=\/wp\/v2\/types\/post"}],"author":[{"embeddable":true,"href":"https:\/\/aconteceunovale.com.br\/portal\/index.php?rest_route=\/wp\/v2\/users\/1"}],"replies":[{"embeddable":true,"href":"https:\/\/aconteceunovale.com.br\/portal\/index.php?rest_route=%2Fwp%2Fv2%2Fcomments&post=161522"}],"version-history":[{"count":1,"href":"https:\/\/aconteceunovale.com.br\/portal\/index.php?rest_route=\/wp\/v2\/posts\/161522\/revisions"}],"predecessor-version":[{"id":161523,"href":"https:\/\/aconteceunovale.com.br\/portal\/index.php?rest_route=\/wp\/v2\/posts\/161522\/revisions\/161523"}],"wp:featuredmedia":[{"embeddable":true,"href":"https:\/\/aconteceunovale.com.br\/portal\/index.php?rest_route=\/wp\/v2\/media\/136246"}],"wp:attachment":[{"href":"https:\/\/aconteceunovale.com.br\/portal\/index.php?rest_route=%2Fwp%2Fv2%2Fmedia&parent=161522"}],"wp:term":[{"taxonomy":"category","embeddable":true,"href":"https:\/\/aconteceunovale.com.br\/portal\/index.php?rest_route=%2Fwp%2Fv2%2Fcategories&post=161522"},{"taxonomy":"post_tag","embeddable":true,"href":"https:\/\/aconteceunovale.com.br\/portal\/index.php?rest_route=%2Fwp%2Fv2%2Ftags&post=161522"}],"curies":[{"name":"wp","href":"https:\/\/api.w.org\/{rel}","templated":true}]}}