{"id":161517,"date":"2020-04-24T18:06:06","date_gmt":"2020-04-24T21:06:06","guid":{"rendered":"http:\/\/aconteceunovale.com.br\/portal\/?p=161517"},"modified":"2020-04-24T18:06:31","modified_gmt":"2020-04-24T21:06:31","slug":"familias-colombianas-penduram-panos-vermelhos-nas-janelas-para-sinalizar-fome","status":"publish","type":"post","link":"https:\/\/aconteceunovale.com.br\/portal\/?p=161517","title":{"rendered":"Fam\u00edlias colombianas penduram panos vermelhos nas janelas para sinalizar fome"},"content":{"rendered":"\n<p>Roupas e panos vermelhos pendurados nas janelas se converteram em um s\u00edmbolo contra a pobreza na Col\u00f4mbia. Em plena pandemia, fam\u00edlias com poucos recursos encaram a escassez de alimentos e a fome. Com a ajuda de doa\u00e7\u00f5es, muitas vezes dos pr\u00f3prios vizinhos, os colombianos tentam atravessar a crise.<\/p>\n\n\n\n<p>A Col\u00f4mbia tem uma popula\u00e7\u00e3o de 49,9 milh\u00f5es de habitantes. Segundo o Censo de 2018, 40% da popula\u00e7\u00e3o s\u00e3o de vulner\u00e1veis e 19,6% vivem na pobreza multidimensional, ou seja, n\u00e3o t\u00eam acesso \u00e0 educa\u00e7\u00e3o, sa\u00fade, emprego, servi\u00e7os p\u00fablicos e moradia, entre outros.&nbsp;<\/p>\n\n\n\n<p>Quanto \u00e0 renda, 27% da popula\u00e7\u00e3o s\u00e3o pobres (eles t\u00eam renda menor que 257 mil pesos colombianos, o que equivale a cerca de R$ 364) e 7% vivem em pobreza extrema, com menos de 118 mil pesos colombianos (cerca de R$ 167) mensais.<\/p>\n\n\n\n<p>As cifras da covid-19, at\u00e9 o momento, indicam 4.561 casos confirmados, 927 recuperados e 215 mortes. No entanto, especialistas afirmam que o pa\u00eds tem uma subnotifica\u00e7\u00e3o dos casos por falta de ampla testagem.<\/p>\n\n\n\n<figure class=\"wp-block-gallery columns-1 is-cropped wp-block-gallery-1 is-layout-flex wp-block-gallery-is-layout-flex\"><ul class=\"blocks-gallery-grid\"><li class=\"blocks-gallery-item\"><figure><img loading=\"lazy\" decoding=\"async\" width=\"678\" height=\"406\" src=\"http:\/\/aconteceunovale.com.br\/portal\/wp-content\/uploads\/2020\/04\/fome_colombia.jpg\" alt=\"\" data-id=\"161518\" data-full-url=\"http:\/\/aconteceunovale.com.br\/portal\/wp-content\/uploads\/2020\/04\/fome_colombia.jpg\" data-link=\"http:\/\/aconteceunovale.com.br\/portal\/?attachment_id=161518\" class=\"wp-image-161518\" srcset=\"https:\/\/aconteceunovale.com.br\/portal\/wp-content\/uploads\/2020\/04\/fome_colombia.jpg 678w, https:\/\/aconteceunovale.com.br\/portal\/wp-content\/uploads\/2020\/04\/fome_colombia-300x180.jpg 300w\" sizes=\"auto, (max-width: 678px) 100vw, 678px\" \/><figcaption class=\"blocks-gallery-item__caption\"><em>Foto: REUTERS\/Luisa Gonzalez\/Reprodu\u00e7\u00e3o Ag\u00eancia Brasil<\/em><\/figcaption><\/figure><\/li><\/ul><\/figure>\n\n\n\n<h2 class=\"wp-block-heading\">Panos vermelhos<\/h2>\n\n\n\n<p>Os panos vermelhos s\u00e3o um item t\u00edpico em milhares de casas colombianas. Esses panos s\u00e3o chamados por alguns de &#8220;bayetilla&#8221; (paninho, em tradu\u00e7\u00e3o livre), &#8220;dulceabrigo&#8221; (tecido de flanela) e &#8220;panola&#8221; (l\u00e3 de ovelha). S\u00e3o comumente usados para tirar o p\u00f3 dos m\u00f3veis, limpar vidros e janelas, ou at\u00e9 mesmo na limpeza de carros.<\/p>\n\n\n\n<p>Os trapos pendurados nas janelas s\u00e3o vistos em diversas cidades da Col\u00f4mbia, mas o movimento come\u00e7ou na cidade de Soacha, vizinha a Bogot\u00e1, a partir de uma iniciativa do prefeito do munic\u00edpio, Juan Saldarriaga. Soacha tem uma popula\u00e7\u00e3o composta por pessoas em condi\u00e7\u00e3o de pobreza, deslocadas por conflitos e migrantes, principalmente, venezuelanos.<\/p>\n\n\n\n<p>Em Soacha, como em outros munic\u00edpios, a prefeitura entrega cestas com arroz, lentilhas, \u00f3leo, a\u00e7\u00facar, macarr\u00e3o e farinha em escolas e pra\u00e7as. Empres\u00e1rios, autoridades e artistas, muito comumente, fazem doa\u00e7\u00f5es para as cestas b\u00e1sicas, que duram, em m\u00e9dia, uma semana.<\/p>\n\n\n\n<p>O prefeito do munic\u00edpio, respons\u00e1vel pela iniciativa dos panos nas janelas, afirma que pensou na estrat\u00e9gia para facilitar a identifica\u00e7\u00e3o das fam\u00edlias mais vulner\u00e1veis e poder entregar as cestas b\u00e1sicas sem a necessidade de entrevistas e burocracia. Saldarriaga disse ainda que o pano n\u00e3o apenas serve para localizar a fome, mas tamb\u00e9m para gerar solidariedade entre os vizinhos.<\/p>\n\n\n\n<p>Segundo o Departamento Administrativo Nacional de Estat\u00edstica da Col\u00f4mbia, Soacha registra uma pobreza multidimensional de 60%, ou seja, uma pobreza tr\u00eas vezes maior do que a m\u00e9dia nacional. A maioria dos habitantes do munic\u00edpio, de acordo com o prefeito, vive de trabalhos como vendedores ambulantes, faxineiras e diaristas em casas de Bogot\u00e1.<\/p>\n\n\n\n<p>Atualmente, com o isolamento devido ao novo coronav\u00edrus, muitas pessoas n\u00e3o conseguem trabalhar e levar alimentos para casa. Desta forma, os panos vermelhos indicam que naquela casa h\u00e1 quem precise de comida urgente.<\/p>\n\n\n\n<p>Em um comunicado oficial na p\u00e1gina da prefeitura de Soacha, Saldarriaga afirma: \u201cn\u00e3o vamos descansar at\u00e9 chegarmos a todos os cantos de Soacha para apoiar os mais vulner\u00e1veis. Nestas primeiras semanas, fomos a todos os bairros e entregamos cestas b\u00e1sicas a pessoas que precisam e tamb\u00e9m para as que colocaram o pano vermelho nas fachadas de suas casas&#8221;.<\/p>\n\n\n\n<p>O prefeito disse j\u00e1 ter distribu\u00eddo 200 mil cestas b\u00e1sicas. No entanto, em Soacha, existem pelo menos 300 mil fam\u00edlias necessitando de comida.&nbsp;<\/p>\n\n\n\n<h2 class=\"wp-block-heading\">Estado de emerg\u00eancia<\/h2>\n\n\n\n<p>No dia 17 de mar\u00e7o, o presidente colombiano, Iv\u00e1n Duque, decretou Estado de Emerg\u00eancia Econ\u00f4mica, Social e Ecol\u00f3gica em todo o territ\u00f3rio nacional. A quarentena no pa\u00eds ir\u00e1, a princ\u00edpio, at\u00e9 o dia 27 de abril.<\/p>\n\n\n\n<p>Al\u00e9m dos tr\u00eas programas de assist\u00eancia j\u00e1 existentes na Col\u00f4mbia (Familias en Acci\u00f3n, Colombia Mayor e J\u00f3venes en Acci\u00f3n), o governo de Duque criou um outro programa, chamado Ingresso Solid\u00e1rio, para tr\u00eas milh\u00f5es de pessoas que n\u00e3o estavam cadastrados em nenhum dos outros benef\u00edcios.<\/p>\n\n\n\n<p>Os benefici\u00e1rios do Programa Ingresso Solid\u00e1rio receber\u00e3o 160 mil pesos colombianos (cerca de R$ 266), a princ\u00edpio em uma \u00fanica vez. Segundo o Banco Mundial, a Col\u00f4mbia \u00e9 o segundo pa\u00eds mais desigual da Am\u00e9rica Latina e o s\u00e9timo do mundo (dados de 2017).<\/p>\n\n\n\n<p class=\"has-background has-very-light-gray-background-color\">Quer saber as not\u00edcias do <strong>Aconteceu no Vale<\/strong> em primeira m\u00e3o? Siga-nos no Facebook <a rel=\"noreferrer noopener\" href=\"http:\/\/facebook.com\/aconteceunovale\" target=\"_blank\">@aconteceunovale<\/a>, Twitter <a rel=\"noreferrer noopener\" href=\"https:\/\/twitter.com\/noticiadosvales\" target=\"_blank\">@noticiadosvales<\/a> e Instagram <a rel=\"noreferrer noopener\" href=\"https:\/\/www.instagram.com\/aconteceunovale\" target=\"_blank\">@aconteceunovale<\/a>.<\/p>\n","protected":false},"excerpt":{"rendered":"<p>Roupas e panos vermelhos pendurados nas janelas se converteram em um s\u00edmbolo contra a pobreza na Col\u00f4mbia. Em plena pandemia, fam\u00edlias com poucos recursos encaram a escassez de alimentos e a fome. Com a ajuda de doa\u00e7\u00f5es, muitas vezes dos pr\u00f3prios vizinhos, os colombianos tentam atravessar a crise. A Col\u00f4mbia tem uma popula\u00e7\u00e3o de 49,9 [&hellip;]<\/p>\n","protected":false},"author":1,"featured_media":161518,"comment_status":"open","ping_status":"closed","sticky":false,"template":"","format":"standard","meta":{"amp_status":"","footnotes":""},"categories":[28848,40242],"tags":[15464,214884,216498,220597,105528,220595,140166,220596,220594],"class_list":["post-161517","post","type-post","status-publish","format-standard","has-post-thumbnail","hentry","category-mundo","category-saude-2","tag-colombia","tag-coronavirus","tag-covid-19","tag-familias-colombianas-penduram-panos-vermelhos-nas-janelas-para-sinalizar-fome","tag-fome","tag-fome-na-colombia","tag-pandemia","tag-panos-vermelhos","tag-pobreza-na-colombia"],"_links":{"self":[{"href":"https:\/\/aconteceunovale.com.br\/portal\/index.php?rest_route=\/wp\/v2\/posts\/161517","targetHints":{"allow":["GET"]}}],"collection":[{"href":"https:\/\/aconteceunovale.com.br\/portal\/index.php?rest_route=\/wp\/v2\/posts"}],"about":[{"href":"https:\/\/aconteceunovale.com.br\/portal\/index.php?rest_route=\/wp\/v2\/types\/post"}],"author":[{"embeddable":true,"href":"https:\/\/aconteceunovale.com.br\/portal\/index.php?rest_route=\/wp\/v2\/users\/1"}],"replies":[{"embeddable":true,"href":"https:\/\/aconteceunovale.com.br\/portal\/index.php?rest_route=%2Fwp%2Fv2%2Fcomments&post=161517"}],"version-history":[{"count":1,"href":"https:\/\/aconteceunovale.com.br\/portal\/index.php?rest_route=\/wp\/v2\/posts\/161517\/revisions"}],"predecessor-version":[{"id":161519,"href":"https:\/\/aconteceunovale.com.br\/portal\/index.php?rest_route=\/wp\/v2\/posts\/161517\/revisions\/161519"}],"wp:featuredmedia":[{"embeddable":true,"href":"https:\/\/aconteceunovale.com.br\/portal\/index.php?rest_route=\/wp\/v2\/media\/161518"}],"wp:attachment":[{"href":"https:\/\/aconteceunovale.com.br\/portal\/index.php?rest_route=%2Fwp%2Fv2%2Fmedia&parent=161517"}],"wp:term":[{"taxonomy":"category","embeddable":true,"href":"https:\/\/aconteceunovale.com.br\/portal\/index.php?rest_route=%2Fwp%2Fv2%2Fcategories&post=161517"},{"taxonomy":"post_tag","embeddable":true,"href":"https:\/\/aconteceunovale.com.br\/portal\/index.php?rest_route=%2Fwp%2Fv2%2Ftags&post=161517"}],"curies":[{"name":"wp","href":"https:\/\/api.w.org\/{rel}","templated":true}]}}