{"id":161449,"date":"2020-04-23T18:35:32","date_gmt":"2020-04-23T21:35:32","guid":{"rendered":"http:\/\/aconteceunovale.com.br\/portal\/?p=161449"},"modified":"2020-04-23T18:37:40","modified_gmt":"2020-04-23T21:37:40","slug":"brasil-registra-mais-de-400-obitos-por-coronavirus-em-24h","status":"publish","type":"post","link":"https:\/\/aconteceunovale.com.br\/portal\/?p=161449","title":{"rendered":"Brasil registra mais de 400 \u00f3bitos por coronav\u00edrus em 24h"},"content":{"rendered":"\n<p>O Brasil teve 407 novas mortes nas \u00faltimas 24 horas em raz\u00e3o da pandemia do novo coronav\u00edrus (covid-19), o maior n\u00famero neste per\u00edodo desde o in\u00edcio da contagem. No total, o pa\u00eds soma 3.313 \u00f3bitos,&nbsp;49.492 mil casos confirmados da doen\u00e7a e 26.573 pacientes recuperados. Ainda de acordo com os dados divulgados hoje (23\/04\/2020) pelo Minist\u00e9rio da Sa\u00fade, 19.606 casos est\u00e3o em acompanhamento.<\/p>\n\n\n\n<p>As novas mortes marcaram um aumento de 14% em rela\u00e7\u00e3o a ontem quando foram registrados 2.906 falecimentos. O percentual de acr\u00e9scimo foi mais do que o dobro do divulgado ontem em rela\u00e7\u00e3o a ter\u00e7a-feira, de 6%.<\/p>\n\n\n\n<p>J\u00e1 a quantidade de pessoas infectadas teve uma eleva\u00e7\u00e3o de 8,2% em rela\u00e7\u00e3o a ontem, quando foram contabilizados 45.757 pacientes nessa condi\u00e7\u00e3o.<\/p>\n\n\n\n<p>S\u00e3o Paulo se mant\u00e9m como epicentro da pandemia no pa\u00eds, concentrando o maior n\u00famero de falecimentos (1.345). O estado \u00e9 seguido pelo Rio de Janeiro (530), Pernambuco (312), Cear\u00e1 (266) e Amazonas (234). \u00a0<\/p>\n\n\n\n<h2 class=\"wp-block-heading\"><strong>Casos e \u00f3bitos por estado<\/strong><\/h2>\n\n\n\n<figure class=\"wp-block-table\"><table><tbody><tr><td>&nbsp;<\/td><td class=\"has-text-align-center\" data-align=\"center\"><strong>CASOS CONFIRMADOS<\/strong><\/td><td class=\"has-text-align-center\" data-align=\"center\"><strong>\u00d3BITOS CONFIRMADOS<\/strong><\/td><\/tr><tr><td>BRASIL<\/td><td class=\"has-text-align-center\" data-align=\"center\">49.492<\/td><td class=\"has-text-align-center\" data-align=\"center\">3.313<\/td><\/tr><tr><td>&nbsp;<\/td><td class=\"has-text-align-center\" data-align=\"center\">&nbsp;<\/td><td class=\"has-text-align-center\" data-align=\"center\">&nbsp;<\/td><\/tr><tr><td><strong>ESTADO<\/strong><\/td><td class=\"has-text-align-center\" data-align=\"center\"><strong>CASOS CONFIRMADOS<\/strong><\/td><td class=\"has-text-align-center\" data-align=\"center\"><strong>\u00d3BITOS CONFIRMADOS<\/strong><\/td><\/tr><tr><td>Acre<\/td><td class=\"has-text-align-center\" data-align=\"center\">227<\/td><td class=\"has-text-align-center\" data-align=\"center\">10<\/td><\/tr><tr><td>Alagoas<\/td><td class=\"has-text-align-center\" data-align=\"center\">324<\/td><td class=\"has-text-align-center\" data-align=\"center\">22<\/td><\/tr><tr><td>Amap\u00e1<\/td><td class=\"has-text-align-center\" data-align=\"center\">548<\/td><td class=\"has-text-align-center\" data-align=\"center\">16<\/td><\/tr><tr><td>Amazonas<\/td><td class=\"has-text-align-center\" data-align=\"center\">2888<\/td><td class=\"has-text-align-center\" data-align=\"center\">234<\/td><\/tr><tr><td>Bahia<\/td><td class=\"has-text-align-center\" data-align=\"center\">1789<\/td><td class=\"has-text-align-center\" data-align=\"center\">59<\/td><\/tr><tr><td>Cear\u00e1<\/td><td class=\"has-text-align-center\" data-align=\"center\">4598<\/td><td class=\"has-text-align-center\" data-align=\"center\">266<\/td><\/tr><tr><td>Distrito Federal<\/td><td class=\"has-text-align-center\" data-align=\"center\">963<\/td><td class=\"has-text-align-center\" data-align=\"center\">25<\/td><\/tr><tr><td>Esp\u00edrito Santo<\/td><td class=\"has-text-align-center\" data-align=\"center\">1363<\/td><td class=\"has-text-align-center\" data-align=\"center\">42<\/td><\/tr><tr><td>Goi\u00e1s<\/td><td class=\"has-text-align-center\" data-align=\"center\">453<\/td><td class=\"has-text-align-center\" data-align=\"center\">23<\/td><\/tr><tr><td>Maranh\u00e3o<\/td><td class=\"has-text-align-center\" data-align=\"center\">1757<\/td><td class=\"has-text-align-center\" data-align=\"center\">76<\/td><\/tr><tr><td>Mato Grosso<\/td><td class=\"has-text-align-center\" data-align=\"center\">221<\/td><td class=\"has-text-align-center\" data-align=\"center\">7<\/td><\/tr><tr><td>Mato Grosso do Sul<\/td><td class=\"has-text-align-center\" data-align=\"center\">186<\/td><td class=\"has-text-align-center\" data-align=\"center\">7<\/td><\/tr><tr><td>Minas Gerais<\/td><td class=\"has-text-align-center\" data-align=\"center\">1308<\/td><td class=\"has-text-align-center\" data-align=\"center\">51<\/td><\/tr><tr><td>Paran\u00e1<\/td><td class=\"has-text-align-center\" data-align=\"center\">1082<\/td><td class=\"has-text-align-center\" data-align=\"center\">60<\/td><\/tr><tr><td>Para\u00edba<\/td><td class=\"has-text-align-center\" data-align=\"center\">345<\/td><td class=\"has-text-align-center\" data-align=\"center\">40<\/td><\/tr><tr><td>Par\u00e1<\/td><td class=\"has-text-align-center\" data-align=\"center\">1267<\/td><td class=\"has-text-align-center\" data-align=\"center\">53<\/td><\/tr><tr><td>Pernambuco<\/td><td class=\"has-text-align-center\" data-align=\"center\">3519<\/td><td class=\"has-text-align-center\" data-align=\"center\">312<\/td><\/tr><tr><td>Piau\u00ed<\/td><td class=\"has-text-align-center\" data-align=\"center\">217<\/td><td class=\"has-text-align-center\" data-align=\"center\">15<\/td><\/tr><tr><td>Rio Grande do Norte<\/td><td class=\"has-text-align-center\" data-align=\"center\">708<\/td><td class=\"has-text-align-center\" data-align=\"center\">34<\/td><\/tr><tr><td>Rio Grande do Sul<\/td><td class=\"has-text-align-center\" data-align=\"center\">994<\/td><td class=\"has-text-align-center\" data-align=\"center\">29<\/td><\/tr><tr><td>Rio de Janeiro<\/td><td class=\"has-text-align-center\" data-align=\"center\">6172<\/td><td class=\"has-text-align-center\" data-align=\"center\">530<\/td><\/tr><tr><td>Rond\u00f4nia<\/td><td class=\"has-text-align-center\" data-align=\"center\">250<\/td><td class=\"has-text-align-center\" data-align=\"center\">5<\/td><\/tr><tr><td>Roraima<\/td><td class=\"has-text-align-center\" data-align=\"center\">297<\/td><td class=\"has-text-align-center\" data-align=\"center\">3<\/td><\/tr><tr><td>Santa Catarina<\/td><td class=\"has-text-align-center\" data-align=\"center\">1115<\/td><td class=\"has-text-align-center\" data-align=\"center\">39<\/td><\/tr><tr><td>Sergipe<\/td><td class=\"has-text-align-center\" data-align=\"center\">124<\/td><td class=\"has-text-align-center\" data-align=\"center\">8<\/td><\/tr><tr><td>S\u00e3o Paulo<\/td><td class=\"has-text-align-center\" data-align=\"center\">16740<\/td><td class=\"has-text-align-center\" data-align=\"center\">1345<\/td><\/tr><tr><td>Tocantins<\/td><td class=\"has-text-align-center\" data-align=\"center\">37<\/td><td class=\"has-text-align-center\" data-align=\"center\">2<\/td><\/tr><\/tbody><\/table><\/figure>\n\n\n\n<h2 class=\"wp-block-heading\"><strong>S\u00e3o Paulo: 211 mortes em um dia<\/strong><\/h2>\n\n\n\n<p>O estado de S\u00e3o Paulo registrou, hoje (23), o recorde no n\u00famero de mortes causadas pela covid-19 em 24 horas: 211, um salto de 414% em rela\u00e7\u00e3o aos 41 \u00f3bitos computados ontem (22). O estado contabiliza, agora, 1.345 mortes por coronav\u00edrus.<\/p>\n\n\n\n<p>De acordo com o governo, a alta expressiva no n\u00famero \u00e9 explicada por um atraso, por parte das prefeituras, no registro das mortes no sistema do Centro de Vigil\u00e2ncia Sanit\u00e1ria durante o \u00faltimo feriado prolongado. As notifica\u00e7\u00f5es atrasadas, segundo o governo, acabaram entrando no sistema nas \u00faltimas 24 horas, e elevaram expressivamente o n\u00famero.<\/p>\n\n\n\n<p>&#8220;\u00c9 um momento que eu aproveito para colocar para os munic\u00edpios a import\u00e2ncia da agilidade na notifica\u00e7\u00e3o dos casos identificados, dos casos confirmados, para que o sistema estadual possa ser alimentado e atualizado adequadamente e a gente n\u00e3o tenha nenhuma discrep\u00e2ncia de n\u00fameros&#8221;, destacou o coordenador da Coordenadoria de Controle de Doen\u00e7as da Secretaria de Estado da Sa\u00fade, Paulo Rossi Menezes.<\/p>\n\n\n\n<h4 class=\"wp-block-heading\"><strong>Mortes<\/strong><\/h4>\n\n\n\n<p>De 1\u00ba de abril at\u00e9 hoje, o n\u00famero de \u00f3bitos nas cidades do interior, litoral e demais munic\u00edpios da Grande S\u00e3o Paulo cresceu 21 vezes, saltando de um acumulado de 20 mortes at\u00e9 1\u00ba de abril, para 433 \u00f3bitos at\u00e9 hoje. Na capital, no mesmo per\u00edodo, a concentra\u00e7\u00e3o dos \u00f3bitos, em rela\u00e7\u00e3o ao resto do estado, caiu de 87% para 67%.<\/p>\n\n\n\n<p>Segundo dados do governo estadual, 114 cidades paulistas j\u00e1 registraram ao menos uma morte causada pela covid-19. O estado registrou, at\u00e9 hoje, 16.740 casos confirmados da doen\u00e7a, distribu\u00eddos em 256 munic\u00edpios.<\/p>\n\n\n\n<h4 class=\"wp-block-heading\"><strong>Ocupa\u00e7\u00e3o de UTIs<\/strong><\/h4>\n\n\n\n<p>A taxa de ocupa\u00e7\u00e3o dos leitos para atendimentos em UTI no estado de S\u00e3o Paulo, destinados para o tratamento da covid-19, est\u00e1 em 55,3%, segundo o governo do estado. Na Grande S\u00e3o Paulo, no entanto, a taxa \u00e9 de 74%.<\/p>\n\n\n\n<h2 class=\"wp-block-heading\"><strong>Rio de Janeiro: 530 mortes e mais de seis mil casos<\/strong><\/h2>\n\n\n\n<p>A Secretaria Estadual de Sa\u00fade do Rio de Janeiro informou\u00a0hoje\u00a0(23) que h\u00e1 6.172 casos confirmados e 530 mortes por causa do novo coronav\u00edrus (covid-19) no estado. Segundo o \u00f3rg\u00e3o estadual, foram 40 mortes a mais nas \u00faltimas 24 horas. H\u00e1 ainda 206 \u00f3bitos em investiga\u00e7\u00e3o.<\/p>\n\n\n\n<p>A capital fluminense registra 322 mortes. Os munic\u00edpios da regi\u00e3o metropolitana tamb\u00e9m concentram os maiores&nbsp;n\u00fameros de mortos pela doen\u00e7a. Duque de Caxias contabiliza 40 \u00f3bitos, Nova Igua\u00e7u, 19, Niter\u00f3i, 16, S\u00e3o Gon\u00e7alo, 14 e Mesquita, 9.<\/p>\n\n\n\n<p>A cidade do Rio soma 4.027 casos confirmados de covid-19. Outros sete munic\u00edpios registram mais de 100 casos: Nova Igua\u00e7u (264), Duque de Caxias (243), Niter\u00f3i (239), Volta Redonda (181), S\u00e3o Gon\u00e7alo (144), S\u00e3o Jo\u00e3o de Meriti (116) e Belford Roxo (104).<\/p>\n\n\n\n<p class=\"has-background has-very-light-gray-background-color\">Quer saber as not\u00edcias do <strong>Aconteceu no Vale<\/strong> em primeira m\u00e3o? Siga-nos no Facebook <a rel=\"noreferrer noopener\" href=\"http:\/\/facebook.com\/aconteceunovale\" target=\"_blank\">@aconteceunovale<\/a>, Twitter <a rel=\"noreferrer noopener\" href=\"https:\/\/twitter.com\/noticiadosvales\" target=\"_blank\">@noticiadosvales<\/a> e Instagram <a rel=\"noreferrer noopener\" href=\"https:\/\/www.instagram.com\/aconteceunovale\" target=\"_blank\">@aconteceunovale<\/a>.<\/p>\n","protected":false},"excerpt":{"rendered":"<p>O Brasil teve 407 novas mortes nas \u00faltimas 24 horas em raz\u00e3o da pandemia do novo coronav\u00edrus (covid-19), o maior n\u00famero neste per\u00edodo desde o in\u00edcio da contagem. No total, o pa\u00eds soma 3.313 \u00f3bitos,&nbsp;49.492 mil casos confirmados da doen\u00e7a e 26.573 pacientes recuperados. Ainda de acordo com os dados divulgados hoje (23\/04\/2020) pelo Minist\u00e9rio [&hellip;]<\/p>\n","protected":false},"author":1,"featured_media":161450,"comment_status":"open","ping_status":"closed","sticky":false,"template":"","format":"standard","meta":{"amp_status":"","footnotes":""},"categories":[6,40242],"tags":[4785,220477,219520,218049,218205,214884,215394,216498,218043,19326,220349,218044,218045,215653,218206,219105,219104,218876,219519,140166,217692,220478,220479],"class_list":["post-161449","post","type-post","status-publish","format-standard","has-post-thumbnail","hentry","category-br","category-saude-2","tag-brasil","tag-brasil-bate-recorde-de-obitos-e-casos-confirmados-em-um-dia","tag-casos-confirmados-e-obitos-no-brasil","tag-casos-de-coronavirus-no-brasil","tag-casos-de-covid-19-no-brasil","tag-coronavirus","tag-coronavirus-no-brasil","tag-covid-19","tag-covid-19-no-brasil","tag-ministerio-da-saude","tag-ministerio-da-saude-atualiza-numeros-do-coronavirus-no-brasil","tag-mortes-por-coronavirus-no-brasil","tag-mortes-por-covid-19-no-brasil","tag-novo-coronavirus","tag-numero-de-casos-de-covid-19-confirmados-no-brasil","tag-numeros-da-covid-19-no-brasil","tag-numeros-do-coronavirus-no-brasil","tag-obitos-por-coronavirus-no-brasil","tag-obitos-por-covid-19-no-brasil","tag-pandemia","tag-pandemia-de-coronavirus","tag-recorde-de-obitos-por-coronavirus-no-brasil","tag-recorde-de-obitos-por-covid-19-no-brasil"],"_links":{"self":[{"href":"https:\/\/aconteceunovale.com.br\/portal\/index.php?rest_route=\/wp\/v2\/posts\/161449","targetHints":{"allow":["GET"]}}],"collection":[{"href":"https:\/\/aconteceunovale.com.br\/portal\/index.php?rest_route=\/wp\/v2\/posts"}],"about":[{"href":"https:\/\/aconteceunovale.com.br\/portal\/index.php?rest_route=\/wp\/v2\/types\/post"}],"author":[{"embeddable":true,"href":"https:\/\/aconteceunovale.com.br\/portal\/index.php?rest_route=\/wp\/v2\/users\/1"}],"replies":[{"embeddable":true,"href":"https:\/\/aconteceunovale.com.br\/portal\/index.php?rest_route=%2Fwp%2Fv2%2Fcomments&post=161449"}],"version-history":[{"count":1,"href":"https:\/\/aconteceunovale.com.br\/portal\/index.php?rest_route=\/wp\/v2\/posts\/161449\/revisions"}],"predecessor-version":[{"id":161451,"href":"https:\/\/aconteceunovale.com.br\/portal\/index.php?rest_route=\/wp\/v2\/posts\/161449\/revisions\/161451"}],"wp:featuredmedia":[{"embeddable":true,"href":"https:\/\/aconteceunovale.com.br\/portal\/index.php?rest_route=\/wp\/v2\/media\/161450"}],"wp:attachment":[{"href":"https:\/\/aconteceunovale.com.br\/portal\/index.php?rest_route=%2Fwp%2Fv2%2Fmedia&parent=161449"}],"wp:term":[{"taxonomy":"category","embeddable":true,"href":"https:\/\/aconteceunovale.com.br\/portal\/index.php?rest_route=%2Fwp%2Fv2%2Fcategories&post=161449"},{"taxonomy":"post_tag","embeddable":true,"href":"https:\/\/aconteceunovale.com.br\/portal\/index.php?rest_route=%2Fwp%2Fv2%2Ftags&post=161449"}],"curies":[{"name":"wp","href":"https:\/\/api.w.org\/{rel}","templated":true}]}}