{"id":161446,"date":"2020-04-23T14:38:09","date_gmt":"2020-04-23T17:38:09","guid":{"rendered":"http:\/\/aconteceunovale.com.br\/portal\/?p=161446"},"modified":"2020-04-23T14:38:38","modified_gmt":"2020-04-23T17:38:38","slug":"governo-de-minas-gerais-lanca-protocolo-sanitario-para-retomada-da-economia","status":"publish","type":"post","link":"https:\/\/aconteceunovale.com.br\/portal\/?p=161446","title":{"rendered":"Governo de Minas Gerais lan\u00e7a protocolo sanit\u00e1rio para retomada da economia"},"content":{"rendered":"\n<p>O governador Romeu Zema deu in\u00edcio, nesta quinta-feira\u00a0(23\/4\/2020), ao programa \u201cMinas Consciente \u2013 Retomando a economia do jeito certo\u201d, que pretende orientar a retomada segura das atividades econ\u00f4micas nos munic\u00edpios do estado. A proposta criada pelo Executivo mineiro, por meio das secretarias de\u00a0Desenvolvimento Econ\u00f4mico (Sede)\u00a0e de\u00a0Sa\u00fade (SES-MG), sugere a retomada gradual de com\u00e9rcio, servi\u00e7os e outros setores, adotando protocolos sanit\u00e1rios, divididos por segmentos, que garantam a seguran\u00e7a da popula\u00e7\u00e3o. A ado\u00e7\u00e3o das medidas ficar\u00e1 a crit\u00e9rio dos prefeitos e prefeitas de cada cidade.<\/p>\n\n\n\n<p>O programa setoriza as atividades econ\u00f4micas em quatro \u201condas\u201d estabelecidas pela Secretaria de Sa\u00fade (onda 0 \u2013 servi\u00e7os essenciais; onda 1 \u2013 baixo risco; onda 2 \u2013 m\u00e9dio risco; onda 3 \u2013 alto risco), a serem liberadas para funcionamento de forma progressiva, conforme indicadores de capacidade assistencial e de propaga\u00e7\u00e3o da doen\u00e7a, avaliando o cen\u00e1rio de cada cidade e a taxa de evolu\u00e7\u00e3o da Covid-19 na regi\u00e3o.<\/p>\n\n\n\n<p>\u201cVamos disponibilizar diversos protocolos sanit\u00e1rios. Todos ser\u00e3o detalhados de forma que possam assegurar o funcionamento respons\u00e1vel dos estabelecimentos. Haver\u00e1 o protocolo b\u00e1sico, que \u00e9 comum a todos, e os espec\u00edficos, que guiar\u00e3o de maneira segura os empres\u00e1rios e os consumidores. Nosso compromisso \u00e9 com a vida dos mineiros\u201d, destacou o governador Romeu Zema.<\/p>\n\n\n\n<p>O programa foi baseado nas informa\u00e7\u00f5es fornecidas por diversas institui\u00e7\u00f5es e entidades de classe, com objetivo de auxiliar os 853 munic\u00edpios do estado para que possam agir de maneira correta e respons\u00e1vel, mantendo os bons resultados apresentados por Minas Gerais na conten\u00e7\u00e3o da pandemia do novo coronav\u00edrus.<\/p>\n\n\n\n<p>O secret\u00e1rio de Estado de Sa\u00fade Carlos Eduardo Amaral explicou que a proposta de reabertura gradual s\u00f3 \u00e9 poss\u00edvel, neste momento, devido ao achatamento da curva de contamina\u00e7\u00e3o da Covid-19. \u201cIsso possibilitar\u00e1 que retomemos, de maneira lenta, gradual e muito bem planejada, as atividades econ\u00f4micas. Mas estaremos sempre acompanhando de perto o impacto no sistema de sa\u00fade\u201d, disse.<\/p>\n\n\n\n<p>Para o secret\u00e1rio de Desenvolvimento Econ\u00f4mico C\u00e1ssio Rocha de Azevedo, a ado\u00e7\u00e3o das medidas sugeridas pelo Governo de Minas permitir\u00e1 a volta das atividades de forma respons\u00e1vel, priorizando a vida dos mineiros.<\/p>\n\n\n\n<p>&nbsp;\u201cA economia precisa ser aquecida novamente, mas de forma segura. Sabemos de todos os problemas enfrentados e estamos trabalhando firme para encontrar o caminho correto. Temos nas m\u00e3os dados cient\u00edficos, informa\u00e7\u00f5es t\u00e9cnicas e equipe qualificada. Tenho certeza que a decis\u00e3o final, que \u00e9 de responsabilidade dos munic\u00edpios, ser\u00e1 feita de maneira coerente com o que estamos propondo\u201d, afirmou.<\/p>\n\n\n\n<p><strong>Endere\u00e7o eletr\u00f4nico<\/strong><\/p>\n\n\n\n<p>A partir da pr\u00f3xima segunda-feira (27\/4), os protocolos ser\u00e3o disponibilizados por meio do endere\u00e7o eletr\u00f4nico <a href=\"https:\/\/www.saude.mg.gov.br\/coronavirus\" target=\"_blank\" rel=\"noreferrer noopener\">saude.mg.gov.br\/coronavirus<\/a>. No site, as informa\u00e7\u00f5es ser\u00e3o segmentadas de acordo com o p\u00fablico espec\u00edfico, seguindo tr\u00eas pilares: o prefeito, o empres\u00e1rio e a popula\u00e7\u00e3o em geral.<\/p>\n\n\n\n<p>O prefeito poder\u00e1 ter acesso \u00e0 lista de classifica\u00e7\u00e3o dos segmentos para facilitar a tomada de decis\u00e3o. Al\u00e9m disso, encontrar\u00e1 as explica\u00e7\u00f5es legais a serem institu\u00eddas na cidade.<\/p>\n\n\n\n<p>\u201cN\u00e3o \u00e9 uma obriga\u00e7\u00e3o implantar os protocolos, mas sabemos que muitas cidades j\u00e1 est\u00e3o de portas abertas. O Governo de Minas est\u00e1 propondo a melhor maneira para agir com seguran\u00e7a. Caber\u00e1 ao prefeito analisar, diariamente, o cen\u00e1rio epidemiol\u00f3gico e tomar a decis\u00e3o correta\u201d, reitera o governador Romeu Zema.<\/p>\n\n\n\n<p>Outro p\u00fablico que poder\u00e1 ter acesso \u00e0s diretrizes \u00e9 o empresarial. A plataforma fornecer\u00e1 todos os protocolos, sendo um b\u00e1sico e os espec\u00edficos, de acordo com as necessidades de cada setor. O arquivo ser\u00e1 disponibilizado para download e dever\u00e1 ser impresso e fixado de maneira vis\u00edvel na entrada do estabelecimento que optar pela reabertura. A fiscaliza\u00e7\u00e3o para o cumprimento das regras dever\u00e1 ser realizada pelo munic\u00edpio.<\/p>\n\n\n\n<p>A popula\u00e7\u00e3o tamb\u00e9m ter\u00e1 acesso aos protocolos que estar\u00e3o dispon\u00edveis no site, permitindo o entendimento sanit\u00e1rio a ser seguido. Caso presencie descumprimento das regras, o cidad\u00e3o poder\u00e1 denunciar diretamente nas prefeituras.<\/p>\n\n\n\n<p>Nas pr\u00f3ximas semanas, ser\u00e3o publicadas as informa\u00e7\u00f5es relativas \u00e0 setoriza\u00e7\u00e3o da atividade econ\u00f4mica por regionais e as matrizes de risco, a partir dos indicadores relativos \u00e0 capacidade assistencial e propaga\u00e7\u00e3o da doen\u00e7a.<\/p>\n\n\n\n<ul class=\"wp-block-list\"><li><strong><a rel=\"noreferrer noopener\" href=\"http:\/\/agenciaminas.mg.gov.br\/ckeditor_assets\/attachments\/8014\/protocolo_geral_v_final.pdf\" target=\"_blank\">Clique aqui<\/a>\u00a0para conferir o protocolo geral;<\/strong><br>\u00a0<\/li><li><strong>Confira as ondas estabelecidas pela Secretaria de Estado de Sa\u00fade\u00a0<a rel=\"noreferrer noopener\" href=\"http:\/\/agenciaminas.mg.gov.br\/ckeditor_assets\/attachments\/8016\/ondas_vr.pdf\" target=\"_blank\">neste link<\/a>.<\/strong><\/li><\/ul>\n\n\n\n<h2 class=\"wp-block-heading\">Coletiva<\/h2>\n\n\n\n<figure><iframe loading=\"lazy\" src=\"https:\/\/www.facebook.com\/plugins\/video.php?href=https%3A%2F%2Fwww.facebook.com%2FRomeuZemaOficial%2Fvideos%2F2879873498757585%2F&amp;show_text=0&amp;width=267\" width=\"267\" height=\"476\" allowfullscreen=\"true\"><\/iframe><\/figure>\n\n\n\n<p class=\"has-background has-very-light-gray-background-color\">Quer saber as not\u00edcias do <strong>Aconteceu no Vale<\/strong> em primeira m\u00e3o? Siga-nos no Facebook <a rel=\"noreferrer noopener\" href=\"http:\/\/facebook.com\/aconteceunovale\" target=\"_blank\">@aconteceunovale<\/a>, Twitter <a rel=\"noreferrer noopener\" href=\"https:\/\/twitter.com\/noticiadosvales\" target=\"_blank\">@noticiadosvales<\/a> e Instagram <a rel=\"noreferrer noopener\" href=\"https:\/\/www.instagram.com\/aconteceunovale\" target=\"_blank\">@aconteceunovale<\/a>.<\/p>\n","protected":false},"excerpt":{"rendered":"<p>O governador Romeu Zema deu in\u00edcio, nesta quinta-feira\u00a0(23\/4\/2020), ao programa \u201cMinas Consciente \u2013 Retomando a economia do jeito certo\u201d, que pretende orientar a retomada segura das atividades econ\u00f4micas nos munic\u00edpios do estado. A proposta criada pelo Executivo mineiro, por meio das secretarias de\u00a0Desenvolvimento Econ\u00f4mico (Sede)\u00a0e de\u00a0Sa\u00fade (SES-MG), sugere a retomada gradual de com\u00e9rcio, servi\u00e7os e [&hellip;]<\/p>\n","protected":false},"author":1,"featured_media":161447,"comment_status":"open","ping_status":"closed","sticky":false,"template":"","format":"standard","meta":{"amp_status":"","footnotes":""},"categories":[123],"tags":[220462,206223,214884,217542,216498,217739,219122,219965,220460,220472,218912,220474,220473,219962,215653,218365,219964,219412,220476,220464,220463,220475,220461,220459,52113],"class_list":["post-161446","post","type-post","status-publish","format-standard","has-post-thumbnail","hentry","category-gerais","tag-abertura-do-comercio-em-minas-gerais","tag-carlos-eduardo-amaral","tag-coronavirus","tag-coronavirus-em-minas-gerais","tag-covid-19","tag-covid-19-em-minas-gerais","tag-distanciamento-social","tag-distanciamento-social-em-minas-gerais","tag-flexibilizacao-do-isolamento-em-minas-gerais","tag-governo-de-minas-gerais-lanca-protocolo-sanitario-para-retomada-da-economia","tag-marcelo-cabral","tag-minas-consciente","tag-minas-consciente-retomando-a-economia-do-jeito-certo","tag-nova-projecao-da-ses-mg-aponta-pico-da-covid-19-no-final-de-maio","tag-novo-coronavirus","tag-pandemia-do-coronavirus","tag-pico-da-covid-19-em-minas-gerais","tag-pico-do-coronavirus-em-minas-gerais","tag-protocolo-sanitario-de-minas-gerias","tag-reabertura-do-comercio-em-minas-gerias","tag-retomada-da-economia-em-minas-gerais","tag-retomando-a-economia-do-jeito-certo","tag-romeu-zema-anuncia-plano-de-flexibilizacao-do-isolamento-em-minas-gerais","tag-secretaria-de-saude-revisa-pico-da-covid-19-em-minas-gerais-para-inicio-de-junho","tag-ses-mg"],"_links":{"self":[{"href":"https:\/\/aconteceunovale.com.br\/portal\/index.php?rest_route=\/wp\/v2\/posts\/161446","targetHints":{"allow":["GET"]}}],"collection":[{"href":"https:\/\/aconteceunovale.com.br\/portal\/index.php?rest_route=\/wp\/v2\/posts"}],"about":[{"href":"https:\/\/aconteceunovale.com.br\/portal\/index.php?rest_route=\/wp\/v2\/types\/post"}],"author":[{"embeddable":true,"href":"https:\/\/aconteceunovale.com.br\/portal\/index.php?rest_route=\/wp\/v2\/users\/1"}],"replies":[{"embeddable":true,"href":"https:\/\/aconteceunovale.com.br\/portal\/index.php?rest_route=%2Fwp%2Fv2%2Fcomments&post=161446"}],"version-history":[{"count":1,"href":"https:\/\/aconteceunovale.com.br\/portal\/index.php?rest_route=\/wp\/v2\/posts\/161446\/revisions"}],"predecessor-version":[{"id":161448,"href":"https:\/\/aconteceunovale.com.br\/portal\/index.php?rest_route=\/wp\/v2\/posts\/161446\/revisions\/161448"}],"wp:featuredmedia":[{"embeddable":true,"href":"https:\/\/aconteceunovale.com.br\/portal\/index.php?rest_route=\/wp\/v2\/media\/161447"}],"wp:attachment":[{"href":"https:\/\/aconteceunovale.com.br\/portal\/index.php?rest_route=%2Fwp%2Fv2%2Fmedia&parent=161446"}],"wp:term":[{"taxonomy":"category","embeddable":true,"href":"https:\/\/aconteceunovale.com.br\/portal\/index.php?rest_route=%2Fwp%2Fv2%2Fcategories&post=161446"},{"taxonomy":"post_tag","embeddable":true,"href":"https:\/\/aconteceunovale.com.br\/portal\/index.php?rest_route=%2Fwp%2Fv2%2Ftags&post=161446"}],"curies":[{"name":"wp","href":"https:\/\/api.w.org\/{rel}","templated":true}]}}