{"id":161436,"date":"2020-04-23T13:20:11","date_gmt":"2020-04-23T16:20:11","guid":{"rendered":"http:\/\/aconteceunovale.com.br\/portal\/?p=161436"},"modified":"2020-04-23T14:15:31","modified_gmt":"2020-04-23T17:15:31","slug":"bebe-morre-em-acidente-no-municipio-de-turmalina","status":"publish","type":"post","link":"https:\/\/aconteceunovale.com.br\/portal\/?p=161436","title":{"rendered":"Beb\u00ea morre em acidente no munic\u00edpio de Turmalina"},"content":{"rendered":"\n<p>Uma rec\u00e9m-nascida morreu em um grav\u00edssimo acidente na MGC-367, no munic\u00edpio de Turmalina (MG), na noite dessa quarta-feira (22\/04\/2020). A trag\u00e9dia aconteceu no trecho pr\u00f3ximo \u00e0 Ponte Alta e envolveu tr\u00eas ve\u00edculos. Outras cinco pessoas ficaram feridas.<\/p>\n\n\n\n<p>Segundo as informa\u00e7\u00f5es da Pol\u00edcia Militar Rodovi\u00e1ria, um caminh\u00e3o carregado de madeira, que seguia no sentido Capelinha\/Diamantina, tombou sobre dois autom\u00f3veis que seguiam na dire\u00e7\u00e3o contr\u00e1ria.<\/p>\n\n\n\n<p>A beb\u00ea Ana J\u00falia L.S n\u00e3o resistiu aos graves ferimentos e veio a \u00f3bito. O corpo foi encaminhado ao Instituto M\u00e9dico Legal (IML) de Capelinha.<\/p>\n\n\n\n<p>Outras cinco pessoas, com idades entre 7 e 36 anos, ficaram feridas e foram regatadas ao hospital local. O motorista do caminh\u00e3o, de 45, saiu ileso.<\/p>\n\n\n\n<p>Equipes da Pol\u00edcia Militar, do Samu e do Corpo de Bombeiros trabalharam no resgate das v\u00edtimas. As causas do acidente s\u00e3o investigadas.<\/p>\n\n\n\n<figure class=\"wp-block-gallery columns-1 is-cropped wp-block-gallery-1 is-layout-flex wp-block-gallery-is-layout-flex\"><ul class=\"blocks-gallery-grid\"><li class=\"blocks-gallery-item\"><figure><img loading=\"lazy\" decoding=\"async\" width=\"678\" height=\"381\" src=\"http:\/\/aconteceunovale.com.br\/portal\/wp-content\/uploads\/2020\/04\/acidente_turmalina_4.jpg\" alt=\"\" data-id=\"161439\" data-full-url=\"http:\/\/aconteceunovale.com.br\/portal\/wp-content\/uploads\/2020\/04\/acidente_turmalina_4.jpg\" data-link=\"http:\/\/aconteceunovale.com.br\/portal\/?attachment_id=161439\" class=\"wp-image-161439\" srcset=\"https:\/\/aconteceunovale.com.br\/portal\/wp-content\/uploads\/2020\/04\/acidente_turmalina_4.jpg 678w, https:\/\/aconteceunovale.com.br\/portal\/wp-content\/uploads\/2020\/04\/acidente_turmalina_4-300x169.jpg 300w\" sizes=\"auto, (max-width: 678px) 100vw, 678px\" \/><figcaption class=\"blocks-gallery-item__caption\"><em>Foto: Reprodu\u00e7\u00e3o \/ WhatsApp<\/em><\/figcaption><\/figure><\/li><li class=\"blocks-gallery-item\"><figure><img loading=\"lazy\" decoding=\"async\" width=\"678\" height=\"381\" src=\"http:\/\/aconteceunovale.com.br\/portal\/wp-content\/uploads\/2020\/04\/acidente_turmalina_1.jpg\" alt=\"\" data-id=\"161437\" data-full-url=\"http:\/\/aconteceunovale.com.br\/portal\/wp-content\/uploads\/2020\/04\/acidente_turmalina_1.jpg\" data-link=\"http:\/\/aconteceunovale.com.br\/portal\/?attachment_id=161437\" class=\"wp-image-161437\" srcset=\"https:\/\/aconteceunovale.com.br\/portal\/wp-content\/uploads\/2020\/04\/acidente_turmalina_1.jpg 678w, https:\/\/aconteceunovale.com.br\/portal\/wp-content\/uploads\/2020\/04\/acidente_turmalina_1-300x169.jpg 300w\" sizes=\"auto, (max-width: 678px) 100vw, 678px\" \/><figcaption class=\"blocks-gallery-item__caption\"><em>Foto: Reprodu\u00e7\u00e3o \/ WhatsApp<\/em><\/figcaption><\/figure><\/li><li class=\"blocks-gallery-item\"><figure><img loading=\"lazy\" decoding=\"async\" width=\"678\" height=\"433\" src=\"http:\/\/aconteceunovale.com.br\/portal\/wp-content\/uploads\/2020\/04\/acidente_turmalina_2.jpg\" alt=\"\" data-id=\"161441\" data-full-url=\"http:\/\/aconteceunovale.com.br\/portal\/wp-content\/uploads\/2020\/04\/acidente_turmalina_2.jpg\" data-link=\"http:\/\/aconteceunovale.com.br\/portal\/?attachment_id=161441\" class=\"wp-image-161441\" srcset=\"https:\/\/aconteceunovale.com.br\/portal\/wp-content\/uploads\/2020\/04\/acidente_turmalina_2.jpg 678w, https:\/\/aconteceunovale.com.br\/portal\/wp-content\/uploads\/2020\/04\/acidente_turmalina_2-300x192.jpg 300w, https:\/\/aconteceunovale.com.br\/portal\/wp-content\/uploads\/2020\/04\/acidente_turmalina_2-658x420.jpg 658w\" sizes=\"auto, (max-width: 678px) 100vw, 678px\" \/><figcaption class=\"blocks-gallery-item__caption\"><em>Foto: Reprodu\u00e7\u00e3o \/ WhatsApp<\/em><\/figcaption><\/figure><\/li><li class=\"blocks-gallery-item\"><figure><img loading=\"lazy\" decoding=\"async\" width=\"678\" height=\"445\" src=\"http:\/\/aconteceunovale.com.br\/portal\/wp-content\/uploads\/2020\/04\/acidente_turmalina_5.jpg\" alt=\"\" data-id=\"161438\" data-full-url=\"http:\/\/aconteceunovale.com.br\/portal\/wp-content\/uploads\/2020\/04\/acidente_turmalina_5.jpg\" data-link=\"http:\/\/aconteceunovale.com.br\/portal\/?attachment_id=161438\" class=\"wp-image-161438\" srcset=\"https:\/\/aconteceunovale.com.br\/portal\/wp-content\/uploads\/2020\/04\/acidente_turmalina_5.jpg 678w, https:\/\/aconteceunovale.com.br\/portal\/wp-content\/uploads\/2020\/04\/acidente_turmalina_5-300x197.jpg 300w, https:\/\/aconteceunovale.com.br\/portal\/wp-content\/uploads\/2020\/04\/acidente_turmalina_5-640x420.jpg 640w\" sizes=\"auto, (max-width: 678px) 100vw, 678px\" \/><figcaption class=\"blocks-gallery-item__caption\"><em>Foto: Reprodu\u00e7\u00e3o \/ WhatsApp<\/em><\/figcaption><\/figure><\/li><li class=\"blocks-gallery-item\"><figure><img loading=\"lazy\" decoding=\"async\" width=\"678\" height=\"413\" src=\"http:\/\/aconteceunovale.com.br\/portal\/wp-content\/uploads\/2020\/04\/acidente_turmalina_3.jpg\" alt=\"\" data-id=\"161440\" data-full-url=\"http:\/\/aconteceunovale.com.br\/portal\/wp-content\/uploads\/2020\/04\/acidente_turmalina_3.jpg\" data-link=\"http:\/\/aconteceunovale.com.br\/portal\/?attachment_id=161440\" class=\"wp-image-161440\" srcset=\"https:\/\/aconteceunovale.com.br\/portal\/wp-content\/uploads\/2020\/04\/acidente_turmalina_3.jpg 678w, https:\/\/aconteceunovale.com.br\/portal\/wp-content\/uploads\/2020\/04\/acidente_turmalina_3-300x183.jpg 300w\" sizes=\"auto, (max-width: 678px) 100vw, 678px\" \/><figcaption class=\"blocks-gallery-item__caption\"><em>Foto: Reprodu\u00e7\u00e3o \/ WhatsApp<\/em><\/figcaption><\/figure><\/li><\/ul><\/figure>\n\n\n\n<p class=\"has-background has-very-light-gray-background-color\">Quer saber as not\u00edcias do <strong>Aconteceu no Vale<\/strong> em primeira m\u00e3o? Siga-nos no Facebook <a rel=\"noreferrer noopener\" href=\"http:\/\/facebook.com\/aconteceunovale\" target=\"_blank\">@aconteceunovale<\/a>, Twitter <a rel=\"noreferrer noopener\" href=\"https:\/\/twitter.com\/noticiadosvales\" target=\"_blank\">@noticiadosvales<\/a> e Instagram <a rel=\"noreferrer noopener\" href=\"https:\/\/www.instagram.com\/aconteceunovale\" target=\"_blank\">@aconteceunovale<\/a>.<\/p>\n","protected":false},"excerpt":{"rendered":"<p>Uma rec\u00e9m-nascida morreu em um grav\u00edssimo acidente na MGC-367, no munic\u00edpio de Turmalina (MG), na noite dessa quarta-feira (22\/04\/2020). A trag\u00e9dia aconteceu no trecho pr\u00f3ximo \u00e0 Ponte Alta e envolveu tr\u00eas ve\u00edculos. Outras cinco pessoas ficaram feridas. Segundo as informa\u00e7\u00f5es da Pol\u00edcia Militar Rodovi\u00e1ria, um caminh\u00e3o carregado de madeira, que seguia no sentido Capelinha\/Diamantina, tombou [&hellip;]<\/p>\n","protected":false},"author":1,"featured_media":161439,"comment_status":"open","ping_status":"closed","sticky":false,"template":"","format":"standard","meta":{"amp_status":"","footnotes":""},"categories":[120],"tags":[220471,53707,13247,131530,31399,95825,40307,739,220470,220469,132,1018,178],"class_list":["post-161436","post","type-post","status-publish","format-standard","has-post-thumbnail","hentry","category-jequi","tag-acidente-com-caminhao-de-madeira-em-turmalina","tag-acidente-com-caminhao-em-turmalina","tag-acidente-em-turmalina","tag-acidente-na-ponte-alta","tag-acidente-na-ponte-alta-em-turmalina","tag-acidente-no-municipio-de-turmalina","tag-acidente-perto-de-turmalina","tag-acidente-turmalina","tag-ana-julia-lopes-soares","tag-bebe-morre-em-acidente-no-municipio-de-turmalina","tag-capelinha","tag-destaque","tag-turmalina"],"_links":{"self":[{"href":"https:\/\/aconteceunovale.com.br\/portal\/index.php?rest_route=\/wp\/v2\/posts\/161436","targetHints":{"allow":["GET"]}}],"collection":[{"href":"https:\/\/aconteceunovale.com.br\/portal\/index.php?rest_route=\/wp\/v2\/posts"}],"about":[{"href":"https:\/\/aconteceunovale.com.br\/portal\/index.php?rest_route=\/wp\/v2\/types\/post"}],"author":[{"embeddable":true,"href":"https:\/\/aconteceunovale.com.br\/portal\/index.php?rest_route=\/wp\/v2\/users\/1"}],"replies":[{"embeddable":true,"href":"https:\/\/aconteceunovale.com.br\/portal\/index.php?rest_route=%2Fwp%2Fv2%2Fcomments&post=161436"}],"version-history":[{"count":3,"href":"https:\/\/aconteceunovale.com.br\/portal\/index.php?rest_route=\/wp\/v2\/posts\/161436\/revisions"}],"predecessor-version":[{"id":161445,"href":"https:\/\/aconteceunovale.com.br\/portal\/index.php?rest_route=\/wp\/v2\/posts\/161436\/revisions\/161445"}],"wp:featuredmedia":[{"embeddable":true,"href":"https:\/\/aconteceunovale.com.br\/portal\/index.php?rest_route=\/wp\/v2\/media\/161439"}],"wp:attachment":[{"href":"https:\/\/aconteceunovale.com.br\/portal\/index.php?rest_route=%2Fwp%2Fv2%2Fmedia&parent=161436"}],"wp:term":[{"taxonomy":"category","embeddable":true,"href":"https:\/\/aconteceunovale.com.br\/portal\/index.php?rest_route=%2Fwp%2Fv2%2Fcategories&post=161436"},{"taxonomy":"post_tag","embeddable":true,"href":"https:\/\/aconteceunovale.com.br\/portal\/index.php?rest_route=%2Fwp%2Fv2%2Ftags&post=161436"}],"curies":[{"name":"wp","href":"https:\/\/api.w.org\/{rel}","templated":true}]}}