{"id":161430,"date":"2020-04-23T00:53:17","date_gmt":"2020-04-23T03:53:17","guid":{"rendered":"http:\/\/aconteceunovale.com.br\/portal\/?p=161430"},"modified":"2020-04-23T00:53:38","modified_gmt":"2020-04-23T03:53:38","slug":"ministerio-da-cidadania-cancela-antecipacao-da-segunda-parcela-do-auxilio-emergencial","status":"publish","type":"post","link":"https:\/\/aconteceunovale.com.br\/portal\/?p=161430","title":{"rendered":"Minist\u00e9rio da Cidadania cancela antecipa\u00e7\u00e3o da segunda parcela do aux\u00edlio emergencial"},"content":{"rendered":"\n<p>O Minist\u00e9rio da Cidadania informou, em nota divulgada na noite desta quarta-feira (22), que o governo est\u00e1 impedido legalmente de fazer a antecipa\u00e7\u00e3o da segunda parcela do aux\u00edlio emergencial de R$ 600. Na segunda-feira (20), o presidente da Caixa Econ\u00f4mica Federal, Pedro Guimar\u00e3es, anunciou que os trabalhadores informais e pessoas inscritas no Cadastro \u00danico de Programas Sociais do governo federal (Cad\u00danico) nascidas em janeiro e fevereiro\u00a0receberiam a segunda parcela\u00a0hoje (23).\u00a0<\/p>\n\n\n\n<p>Segundo a nota, o minist\u00e9rio recebeu uma recomenda\u00e7\u00e3o da Controladoria Geral da Uni\u00e3o (CGU) e cancelou a antecipa\u00e7\u00e3o da segunda parcela.&nbsp;<\/p>\n\n\n\n<p>O Minist\u00e9rio da Cidadania explicou que, devido ao alto n\u00famero de informais cadastrados, o recurso dispon\u00edvel para cada uma das tr\u00eas parcelas \u00e9 de R$ 32,7 bilh\u00f5es, j\u00e1 foram transferidos R$ 31,3 bilh\u00f5es, e ainda ser\u00e3o avaliados cerca de 12 milh\u00f5es de cadastros para a primeira parcela. Em fun\u00e7\u00e3o disso, o minist\u00e9rio produziu nesta quarta-feira uma nota t\u00e9cnica e solicitou ao Minist\u00e9rio da Economia a previs\u00e3o para uma suplementa\u00e7\u00e3o or\u00e7amentaria o mais r\u00e1pido poss\u00edvel.<\/p>\n\n\n\n<p>Segundo a nota, em fun\u00e7\u00e3o disso, por fatores legais e or\u00e7ament\u00e1rios e pelo alto n\u00famero de requerentes que ainda est\u00e3o em an\u00e1lise, o minist\u00e9rio est\u00e1 impedido legalmente de fazer a antecipa\u00e7\u00e3o da segunda parcela do aux\u00edlio.<\/p>\n\n\n\n<p class=\"has-background has-very-light-gray-background-color\">Quer saber as not\u00edcias do <strong>Aconteceu no Vale<\/strong> em primeira m\u00e3o? Siga-nos no Facebook <a rel=\"noreferrer noopener\" href=\"http:\/\/facebook.com\/aconteceunovale\" target=\"_blank\">@aconteceunovale<\/a>, Twitter <a rel=\"noreferrer noopener\" href=\"https:\/\/twitter.com\/noticiadosvales\" target=\"_blank\">@noticiadosvales<\/a> e Instagram <a rel=\"noreferrer noopener\" href=\"https:\/\/www.instagram.com\/aconteceunovale\" target=\"_blank\">@aconteceunovale<\/a>.<\/p>\n","protected":false},"excerpt":{"rendered":"<p>O Minist\u00e9rio da Cidadania informou, em nota divulgada na noite desta quarta-feira (22), que o governo est\u00e1 impedido legalmente de fazer a antecipa\u00e7\u00e3o da segunda parcela do aux\u00edlio emergencial de R$ 600. Na segunda-feira (20), o presidente da Caixa Econ\u00f4mica Federal, Pedro Guimar\u00e3es, anunciou que os trabalhadores informais e pessoas inscritas no Cadastro \u00danico de [&hellip;]<\/p>\n","protected":false},"author":1,"featured_media":161431,"comment_status":"open","ping_status":"closed","sticky":false,"template":"","format":"standard","meta":{"amp_status":"","footnotes":""},"categories":[6],"tags":[220466,219935,220230,219383,219824,220467,220468,219827,21938,220465],"class_list":["post-161430","post","type-post","status-publish","format-standard","has-post-thumbnail","hentry","category-br","tag-alteracao-do-auxilio-emergencial","tag-ampliacao-do-auxilio-emergencial","tag-auxilio-de-600","tag-auxilio-emergencial","tag-auxilio-emergencial-de-600","tag-inclusao-de-beneficiarios-no-auxilio-emergencial","tag-ministerio-da-cidadania-cancela-antecipacao-da-segunda-parcela-do-auxilio-emergencial","tag-renda-extra","tag-senado","tag-senado-aprova-projeto-que-amplia-beneficiarios-do-auxilio-emergencial"],"_links":{"self":[{"href":"https:\/\/aconteceunovale.com.br\/portal\/index.php?rest_route=\/wp\/v2\/posts\/161430","targetHints":{"allow":["GET"]}}],"collection":[{"href":"https:\/\/aconteceunovale.com.br\/portal\/index.php?rest_route=\/wp\/v2\/posts"}],"about":[{"href":"https:\/\/aconteceunovale.com.br\/portal\/index.php?rest_route=\/wp\/v2\/types\/post"}],"author":[{"embeddable":true,"href":"https:\/\/aconteceunovale.com.br\/portal\/index.php?rest_route=\/wp\/v2\/users\/1"}],"replies":[{"embeddable":true,"href":"https:\/\/aconteceunovale.com.br\/portal\/index.php?rest_route=%2Fwp%2Fv2%2Fcomments&post=161430"}],"version-history":[{"count":1,"href":"https:\/\/aconteceunovale.com.br\/portal\/index.php?rest_route=\/wp\/v2\/posts\/161430\/revisions"}],"predecessor-version":[{"id":161432,"href":"https:\/\/aconteceunovale.com.br\/portal\/index.php?rest_route=\/wp\/v2\/posts\/161430\/revisions\/161432"}],"wp:featuredmedia":[{"embeddable":true,"href":"https:\/\/aconteceunovale.com.br\/portal\/index.php?rest_route=\/wp\/v2\/media\/161431"}],"wp:attachment":[{"href":"https:\/\/aconteceunovale.com.br\/portal\/index.php?rest_route=%2Fwp%2Fv2%2Fmedia&parent=161430"}],"wp:term":[{"taxonomy":"category","embeddable":true,"href":"https:\/\/aconteceunovale.com.br\/portal\/index.php?rest_route=%2Fwp%2Fv2%2Fcategories&post=161430"},{"taxonomy":"post_tag","embeddable":true,"href":"https:\/\/aconteceunovale.com.br\/portal\/index.php?rest_route=%2Fwp%2Fv2%2Ftags&post=161430"}],"curies":[{"name":"wp","href":"https:\/\/api.w.org\/{rel}","templated":true}]}}