{"id":161423,"date":"2020-04-22T23:41:16","date_gmt":"2020-04-23T02:41:16","guid":{"rendered":"http:\/\/aconteceunovale.com.br\/portal\/?p=161423"},"modified":"2020-04-22T23:42:09","modified_gmt":"2020-04-23T02:42:09","slug":"romeu-zema-anuncia-plano-de-flexibilizacao-do-isolamento-em-minas-gerais","status":"publish","type":"post","link":"https:\/\/aconteceunovale.com.br\/portal\/?p=161423","title":{"rendered":"Romeu Zema anuncia plano de flexibiliza\u00e7\u00e3o do isolamento em Minas Gerais"},"content":{"rendered":"\n<p>O governador de Minas Gerais, Romeu Zema (Novo), apresentou na noite desta quarta-feira (22\/04\/2020) o \u201cMinas Consciente \u2013 Retomando a economia do jeito certo\u201d. O plano de flexibiliza\u00e7\u00e3o das medidas de isolamento no Estado foi dividido em quatro ondas (essenciais, baixo, m\u00e9dio e alto risco), considerando as vari\u00e1veis econ\u00f4micas e o impacto no sistema de sa\u00fade.<\/p>\n\n\n\n<p>Segundo o governo estadual, os protocolos sanit\u00e1rios ser\u00e3o divulgados nesta quinta-feira (23). \u201cA ades\u00e3o ao programa por parte do munic\u00edpio ser\u00e1 opcional, por meio de Decreto Municipal\u201d, adiantou Zema.<\/p>\n\n\n\n<p>Leia os pontos principais do plano:<\/p>\n\n\n\n<figure class=\"wp-block-image size-large\"><img decoding=\"async\" src=\"http:\/\/aconteceu.info\/pub\/retomada_mg_1.jpg\" alt=\"\"\/><\/figure>\n\n\n\n<figure class=\"wp-block-image size-large\"><img decoding=\"async\" src=\"http:\/\/aconteceu.info\/pub\/retomada_mg_2.jpg\" alt=\"\"\/><\/figure>\n\n\n\n<figure class=\"wp-block-image size-large\"><img decoding=\"async\" src=\"http:\/\/aconteceu.info\/pub\/retomada_mg_3.jpg\" alt=\"\"\/><\/figure>\n\n\n\n<figure class=\"wp-block-image size-large\"><img decoding=\"async\" src=\"http:\/\/aconteceu.info\/pub\/retomada_mg_4.jpg\" alt=\"\"\/><\/figure>\n\n\n\n<figure class=\"wp-block-image size-large\"><img decoding=\"async\" src=\"http:\/\/aconteceu.info\/pub\/retomada_mg_5.jpg\" alt=\"\"\/><\/figure>\n\n\n\n<figure class=\"wp-block-image size-large\"><img decoding=\"async\" src=\"http:\/\/aconteceu.info\/pub\/retomada_mg_6.jpg\" alt=\"\"\/><\/figure>\n\n\n\n<figure class=\"wp-block-image size-large\"><img decoding=\"async\" src=\"http:\/\/aconteceu.info\/pub\/retomada_mg_7.jpg\" alt=\"\"\/><\/figure>\n\n\n\n<figure class=\"wp-block-image size-large\"><img decoding=\"async\" src=\"http:\/\/aconteceu.info\/pub\/retomada_mg_8.jpg\" alt=\"\"\/><\/figure>\n\n\n\n<figure class=\"wp-block-image size-large\"><img decoding=\"async\" src=\"http:\/\/aconteceu.info\/pub\/retomada_mg_9.jpg\" alt=\"\"\/><\/figure>\n\n\n\n<figure class=\"wp-block-image size-large\"><img decoding=\"async\" src=\"http:\/\/aconteceu.info\/pub\/retomada_mg_10.jpg\" alt=\"\"\/><\/figure>\n\n\n\n<h2 class=\"wp-block-heading\"><strong>Secretaria de Sa\u00fade<\/strong> <strong>revisa pico para in\u00edcio de junho<\/strong><\/h2>\n\n\n\n<p>Estudo divulgado nesta quarta-feira, dia 22 de abril de 2020, pela\u00a0Secretaria de Estado de Sa\u00fade (SES-MG)\u00a0demonstra diminui\u00e7\u00e3o da intensidade de cont\u00e1gio pelo coronav\u00edrus. Os n\u00fameros foram apresentados em entrevista coletiva virtual concedida, na Cidade Administrativa, pelo secret\u00e1rio de Estado de Sa\u00fade, Carlos Eduardo Amaral, e pelo secret\u00e1rio adjunto\u00a0de Sa\u00fade, Marcelo Cabral.<\/p>\n\n\n\n<p>De acordo com o levantamento, o pico do n\u00famero de casos nas curvas de evolu\u00e7\u00e3o da doen\u00e7a seria atingido em 3 de junho, quando haveria 3.583 pessoas demandando os servi\u00e7os de sa\u00fade por conta da Covid-19. Na semana anterior, as an\u00e1lises indicavam estimativa de 4.290 casos ao final do m\u00eas de maio.<\/p>\n\n\n\n<p>Na coletiva, o secret\u00e1rio tamb\u00e9m mencionou os n\u00fameros totais da doen\u00e7a, publicados em Boletim Epidemiol\u00f3gico. Minas registra, no momento, 1.283 casos confirmados, 47 \u00f3bitos confirmados.<\/p>\n\n\n\n<p>\u201cN\u00f3s tivemos um incremento de casos, mas mais em fun\u00e7\u00e3o do aumento do n\u00famero de exames do que uma mudan\u00e7a da forma como o v\u00edrus est\u00e1 circulando\u201d, explicou Carlos Eduardo Amaral. Segundo o gestor, j\u00e1 foram realizados 10.084 testes pelos laborat\u00f3rios integrantes da Rede Estadual, restando cerca de 900 amostras que aguardam conclus\u00e3o. \u201cIsso \u00e9 equacionado com aproximadamente dois dias de trabalho da\u00a0Funed\u201d, declarou.<\/p>\n\n\n\n<p>Amaral ressaltou que o Estado tem sua estrutura de leitos monitorada, contando, em rela\u00e7\u00e3o \u00e0 terapia intensiva, com 2.013 leitos para atendimento pelo SUS. Outros 50 leitos j\u00e1 est\u00e3o ativados por meio da\u00a0Rede Fhemig, podendo ter imediata utiliza\u00e7\u00e3o, e ainda h\u00e1 380 em fase de habilita\u00e7\u00e3o junto ao Minist\u00e9rio da Sa\u00fade. \u201cNossa ocupa\u00e7\u00e3o atual tem um \u00edndice de 52% e h\u00e1 76 pacientes internados por suspeitas para Covid-19&#8243;, disse.<\/p>\n\n\n\n<p>Ainda de acordo com o secret\u00e1rio, o receio de que ocorra subnotifica\u00e7\u00e3o de \u00f3bitos \u00e9 infundado, pois h\u00e1 mecanismos estruturados para monitoramento desse indicador de sa\u00fade. Segundo\u00a0Amaral, todos os casos de s\u00edndrome gripal s\u00e3o notificados, o que gera uma alta sensibilidade, independentemente de o caso ser grave ou n\u00e3o,\u00a0ou ser localizado em um munic\u00edpio com muitos ou poucos casos.<\/p>\n\n\n\n<p>Posteriormente, todos os pacientes internados com suspeita da Covid-19 t\u00eam seu exame colhido, sobretudo se houver quadro grave. Al\u00e9m disso, h\u00e1 acompanhamento de pacientes que se internam por S\u00edndrome Respirat\u00f3ria Aguda Grave (SRAG) e que n\u00e3o t\u00eam rela\u00e7\u00e3o direta com a Covid. Finalmente, os \u00f3bitos t\u00eam sua causa apurada posteriormente, de modo a verificar se h\u00e1 rela\u00e7\u00e3o com a Covid-19 ou n\u00e3o. \u201cPortanto, quanto a relacionar o n\u00famero relativamente baixo de \u00f3bitos com eventual subnotifica\u00e7\u00e3o, eu sou capaz de afirmar que a chance de haver v\u00ednculo \u00e9 muito baixa, pois n\u00f3s temos quatro mecanismos de controle\u201d, esclareceu.<\/p>\n\n\n\n<p>Outro destaque feito pelo secret\u00e1rio \u00e9 de que\u00a0o n\u00famero de \u00f3bitos descartados \u00e9 consideravelmente maior do que aqueles ainda em investiga\u00e7\u00e3o, o que indica que n\u00e3o h\u00e1 demora na avalia\u00e7\u00e3o dos casos suspeitos. \u201cS\u00e3o 325 \u00f3bitos descartados e 78 que est\u00e3o em investiga\u00e7\u00e3o. N\u00e3o se trata de atraso ou demora, mas sim de uma avalia\u00e7\u00e3o zelosa e criteriosa\u201d, comentou.<\/p>\n\n\n\n<p class=\"has-background has-very-light-gray-background-color\">Quer saber as not\u00edcias do <strong>Aconteceu no Vale<\/strong> em primeira m\u00e3o? Siga-nos no Facebook <a rel=\"noreferrer noopener\" href=\"http:\/\/facebook.com\/aconteceunovale\" target=\"_blank\">@aconteceunovale<\/a>, Twitter <a rel=\"noreferrer noopener\" href=\"https:\/\/twitter.com\/noticiadosvales\" target=\"_blank\">@noticiadosvales<\/a> e Instagram <a rel=\"noreferrer noopener\" href=\"https:\/\/www.instagram.com\/aconteceunovale\" target=\"_blank\">@aconteceunovale<\/a>.<\/p>\n","protected":false},"excerpt":{"rendered":"<p>O governador de Minas Gerais, Romeu Zema (Novo), apresentou na noite desta quarta-feira (22\/04\/2020) o \u201cMinas Consciente \u2013 Retomando a economia do jeito certo\u201d. O plano de flexibiliza\u00e7\u00e3o das medidas de isolamento no Estado foi dividido em quatro ondas (essenciais, baixo, m\u00e9dio e alto risco), considerando as vari\u00e1veis econ\u00f4micas e o impacto no sistema de [&hellip;]<\/p>\n","protected":false},"author":1,"featured_media":161425,"comment_status":"open","ping_status":"closed","sticky":false,"template":"","format":"standard","meta":{"amp_status":"","footnotes":""},"categories":[123,40242],"tags":[220462,206223,214884,217542,216498,217739,1018,219122,219965,220460,218912,219962,215653,218365,219964,219412,220464,220463,220461,220459,52113],"class_list":["post-161423","post","type-post","status-publish","format-standard","has-post-thumbnail","hentry","category-gerais","category-saude-2","tag-abertura-do-comercio-em-minas-gerais","tag-carlos-eduardo-amaral","tag-coronavirus","tag-coronavirus-em-minas-gerais","tag-covid-19","tag-covid-19-em-minas-gerais","tag-destaque","tag-distanciamento-social","tag-distanciamento-social-em-minas-gerais","tag-flexibilizacao-do-isolamento-em-minas-gerais","tag-marcelo-cabral","tag-nova-projecao-da-ses-mg-aponta-pico-da-covid-19-no-final-de-maio","tag-novo-coronavirus","tag-pandemia-do-coronavirus","tag-pico-da-covid-19-em-minas-gerais","tag-pico-do-coronavirus-em-minas-gerais","tag-reabertura-do-comercio-em-minas-gerias","tag-retomada-da-economia-em-minas-gerais","tag-romeu-zema-anuncia-plano-de-flexibilizacao-do-isolamento-em-minas-gerais","tag-secretaria-de-saude-revisa-pico-da-covid-19-em-minas-gerais-para-inicio-de-junho","tag-ses-mg"],"_links":{"self":[{"href":"https:\/\/aconteceunovale.com.br\/portal\/index.php?rest_route=\/wp\/v2\/posts\/161423","targetHints":{"allow":["GET"]}}],"collection":[{"href":"https:\/\/aconteceunovale.com.br\/portal\/index.php?rest_route=\/wp\/v2\/posts"}],"about":[{"href":"https:\/\/aconteceunovale.com.br\/portal\/index.php?rest_route=\/wp\/v2\/types\/post"}],"author":[{"embeddable":true,"href":"https:\/\/aconteceunovale.com.br\/portal\/index.php?rest_route=\/wp\/v2\/users\/1"}],"replies":[{"embeddable":true,"href":"https:\/\/aconteceunovale.com.br\/portal\/index.php?rest_route=%2Fwp%2Fv2%2Fcomments&post=161423"}],"version-history":[{"count":1,"href":"https:\/\/aconteceunovale.com.br\/portal\/index.php?rest_route=\/wp\/v2\/posts\/161423\/revisions"}],"predecessor-version":[{"id":161426,"href":"https:\/\/aconteceunovale.com.br\/portal\/index.php?rest_route=\/wp\/v2\/posts\/161423\/revisions\/161426"}],"wp:featuredmedia":[{"embeddable":true,"href":"https:\/\/aconteceunovale.com.br\/portal\/index.php?rest_route=\/wp\/v2\/media\/161425"}],"wp:attachment":[{"href":"https:\/\/aconteceunovale.com.br\/portal\/index.php?rest_route=%2Fwp%2Fv2%2Fmedia&parent=161423"}],"wp:term":[{"taxonomy":"category","embeddable":true,"href":"https:\/\/aconteceunovale.com.br\/portal\/index.php?rest_route=%2Fwp%2Fv2%2Fcategories&post=161423"},{"taxonomy":"post_tag","embeddable":true,"href":"https:\/\/aconteceunovale.com.br\/portal\/index.php?rest_route=%2Fwp%2Fv2%2Ftags&post=161423"}],"curies":[{"name":"wp","href":"https:\/\/api.w.org\/{rel}","templated":true}]}}