{"id":161418,"date":"2020-04-22T20:19:29","date_gmt":"2020-04-22T23:19:29","guid":{"rendered":"http:\/\/aconteceunovale.com.br\/portal\/?p=161418"},"modified":"2020-04-22T20:21:46","modified_gmt":"2020-04-22T23:21:46","slug":"coronavirus-no-brasil-457-mil-infectados-253-mil-recuperados-29-mil-mortos","status":"publish","type":"post","link":"https:\/\/aconteceunovale.com.br\/portal\/?p=161418","title":{"rendered":"Coronav\u00edrus no Brasil: 45,7 mil infectados; 25,3 mil recuperados; 2,9 mil mortos"},"content":{"rendered":"\n<p>O n\u00famero de mortes em raz\u00e3o da pandemia do novo coronav\u00edrus (covid-19) chegou a 2.906, conforme&nbsp;balan\u00e7o mais recente divulgado hoje (22\/04\/2020) pelo Minist\u00e9rio da Sa\u00fade. J\u00e1 os casos confirmados subiram para 45.757. O \u00edndice de letalidade ficou em 6,4%. O ministro da Sa\u00fade, Nelson Teich, confirmou que 25,3 mil pessoas conseguiram se recuperar da doen\u00e7a&nbsp;<\/p>\n\n\n\n<p>O n\u00famero de \u00f3bitos marcou um aumento de 6% em rela\u00e7\u00e3o a ontem (21), quando foram registradas 2.741 v\u00edtimas de&nbsp;covid-19. J\u00e1 os casos confirmados representaram um crescimento de 6,2% sobre os dados de ontem, quando foram contabilizadas 43.079 pessoas infectadas.<\/p>\n\n\n\n<p>S\u00e3o Paulo concentra o maior n\u00famero de falecimentos (1.134), quase tr\u00eas vezes o n\u00famero do segundo colocado, o Rio de Janeiro (490). Os estados s\u00e3o seguidos por Pernambuco (282), Cear\u00e1 (233) e Amazonas (207).<\/p>\n\n\n\n<p>Al\u00e9m disso, foram registradas mortes no Maranh\u00e3o (66), Paran\u00e1 (57), Bahia (50), Minas Gerais (47), Par\u00e1 (43), Para\u00edba (39), Santa Catarina (37), Esp\u00edrito Santo (34), Rio Grande do Norte (29), Rio Grande do Sul (27), Distrito Federal (25), Goi\u00e1s (21), Alagoas (20), Piau\u00ed (15), Amap\u00e1 (14), Acre (oito), Sergipe (sete), Mato Grosso (seis), Mato Grosso do Sul (seis), Rond\u00f4nia (cinco), Roraima (tr\u00eas) e Tocantins (um).<\/p>\n\n\n\n<h2 class=\"wp-block-heading\">Primeira coletiva<\/h2>\n\n\n\n<p>O ministro da Sa\u00fade, Nelson Teich, participou de sua primeira coletiva e tratou dos planos da nova gest\u00e3o da pasta. Ele declarou que o Brasil tem desempenho acima de outros pa\u00edses, como Estados Unidos, It\u00e1lia, Alemanha e Fran\u00e7a, quando considerado o n\u00famero de mortes por conta da covid-19 em rela\u00e7\u00e3o ao total da popula\u00e7\u00e3o.<\/p>\n\n\n\n<p>Em rela\u00e7\u00e3o ao isolamento social, ele afirmou que at\u00e9 o fim da semana a nova equipe dever\u00e1 concluir ajustes \u00e0s diretrizes definidas pela gest\u00e3o de Luiz Henrique Mandetta para orientar estados e munic\u00edpios a definir sua forma de distanciamento.<\/p>\n\n\n\n<p>Pela recomenda\u00e7\u00e3o j\u00e1 anunciada por Mandetta, considerando a incid\u00eancia de casos e a capacidade de atendimento (de pelo menos metade dos leitos, disponibilidade de trabalhadores da sa\u00fade e insumos), seria poss\u00edvel migrar de um distanciamento \u201campliado\u201d para \u201cseletivo\u201d, com maior flexibiliza\u00e7\u00e3o e abertura de atividades econ\u00f4micas.<\/p>\n\n\n\n<p>\u201cAfastamento \u00e9 medida natural na largada. Mas n\u00e3o pode ficar sem um programa de sa\u00edda. Vamos demorar um ano e meio para ter vacina. O pa\u00eds n\u00e3o pode sobreviver este per\u00edodo parado\u201d, opinou.<\/p>\n\n\n\n<p>O novo ocupante da cadeira n\u00e3o adiantou o que dever\u00e1 mudar, mas ressaltou que o Brasil demanda medidas espec\u00edficas para cada local. \u201cO Brasil \u00e9 gigante e heterog\u00eaneo, n\u00e3o tem como uma diretriz n\u00e3o ser customizada para diferentes regi\u00f5es do pa\u00eds. Qual \u00e9 a estrutura de leitos, quantos por cento est\u00e3o ocupados, como est\u00e1 a parte de recursos humanos?\u201d questionou, listando temas que devem ser considerados na ado\u00e7\u00e3o dessas medidas.<\/p>\n\n\n\n<figure><iframe loading=\"lazy\" src=\"https:\/\/www.facebook.com\/plugins\/video.php?href=https%3A%2F%2Fwww.facebook.com%2Fagenciabrasil.ebc%2Fvideos%2F3005658409523792%2F&amp;show_text=0&amp;width=560\" width=\"100%\" height=\"400\" allowfullscreen=\"true\"><\/iframe><\/figure>\n\n\n\n<h2 class=\"wp-block-heading\">Informa\u00e7\u00e3o<\/h2>\n\n\n\n<p>Uma outra frente de atua\u00e7\u00e3o da nova gest\u00e3o ser\u00e1 a coleta e an\u00e1lise de informa\u00e7\u00e3o. Teich destacou que pelo fato da covid-19 ser um fen\u00f4meno novo, h\u00e1 necessidade de conhec\u00ea-la para definir as respostas.<\/p>\n\n\n\n<p>Ele adiantou que um banco de dados ser\u00e1 criado com participa\u00e7\u00e3o n\u00e3o somente do MS como de outros minist\u00e9rios, como Casa Civil. \u201cVamos buscar integra\u00e7\u00e3o maior com outros grupos do governo para sistematizar da informa\u00e7\u00e3o. A gente vai ter dados ligados a hospitais, estados. Tudo vai ser consolidado num programa ligado a v\u00e1rios minist\u00e9rios\u201d, informou.<\/p>\n\n\n\n<p>Nelson Teich apontou como \u201cterceira frente\u201d de sua gest\u00e3o a viabiliza\u00e7\u00e3o da infraestrutura. Ele anunciou a chegada do general Eduardo Panzuello para a secretaria executiva e disse que a experi\u00eancia do general ser\u00e1 importante para agilizar as medidas em rela\u00e7\u00e3o a insumos, rem\u00e9dios e equipamentos.&nbsp;&nbsp;<\/p>\n\n\n\n<h2 class=\"wp-block-heading\">Outras demandas<\/h2>\n\n\n\n<p>O novo ministro chamou a aten\u00e7\u00e3o tamb\u00e9m para o cuidado com outras doen\u00e7as, que seguem ocorrendo e que demandam tratamento e estrutura para atendimento. Ele mencionou que pessoas com doen\u00e7as cr\u00f4nicas est\u00e3o tendo dificuldade de acesso ao sistema de sa\u00fade.<\/p>\n\n\n\n<p>\u201cDoentes com outras doen\u00e7as, como c\u00e2ncer, n\u00e3o est\u00e3o chegando [\u00e0s unidades de sa\u00fade]. Tem pessoas morrendo em casa por infarto por que n\u00e3o v\u00e3o ao hospital em tempo. \u00c9 fundamental que a gente por mais eu foque na covid n\u00e3o esque\u00e7a as outras pessoas\u201d, ponderou.<\/p>\n\n\n\n<p>Em raz\u00e3o do que chamou de \u201cdemanda reprimida\u201d de casos \u201cn\u00e3o-covid-19\u201d, quando o sistema se estabilizar pode ter uma segunda crise em raz\u00e3o da necessidade de dar vaz\u00e3o a esses casos que agora n\u00e3o est\u00e3o procurando atendimento.<\/p>\n\n\n\n<h2 class=\"wp-block-heading\">Casos e \u00f3bitos por estado<\/h2>\n\n\n\n<figure class=\"wp-block-table is-style-regular\"><table class=\"has-subtle-pale-pink-background-color has-background\"><tbody><tr><td>&nbsp;<\/td><td class=\"has-text-align-center\" data-align=\"center\"><strong>CASOS CONFIRMADOS<\/strong><\/td><td class=\"has-text-align-center\" data-align=\"center\"><strong>\u00d3BITOS CONFIRMADOS<\/strong><\/td><\/tr><tr><td>BRASIL<\/td><td class=\"has-text-align-center\" data-align=\"center\">45.757<\/td><td class=\"has-text-align-center\" data-align=\"center\">2.906<\/td><\/tr><tr><td>&nbsp;<\/td><td class=\"has-text-align-center\" data-align=\"center\">&nbsp;<\/td><td class=\"has-text-align-center\" data-align=\"center\">&nbsp;<\/td><\/tr><tr><td><strong>ESTADO<\/strong><\/td><td class=\"has-text-align-center\" data-align=\"center\"><strong>CASOS CONFIRMADOS<\/strong><\/td><td class=\"has-text-align-center\" data-align=\"center\"><strong>\u00d3BITOS CONFIRMADOS<\/strong><\/td><\/tr><tr><td>Acre<\/td><td class=\"has-text-align-center\" data-align=\"center\">214<\/td><td class=\"has-text-align-center\" data-align=\"center\">8<\/td><\/tr><tr><td>Alagoas<\/td><td class=\"has-text-align-center\" data-align=\"center\">243<\/td><td class=\"has-text-align-center\" data-align=\"center\">20<\/td><\/tr><tr><td>Amap\u00e1<\/td><td class=\"has-text-align-center\" data-align=\"center\">479<\/td><td class=\"has-text-align-center\" data-align=\"center\">14<\/td><\/tr><tr><td>Amazonas<\/td><td class=\"has-text-align-center\" data-align=\"center\">2479<\/td><td class=\"has-text-align-center\" data-align=\"center\">207<\/td><\/tr><tr><td>Bahia<\/td><td class=\"has-text-align-center\" data-align=\"center\">1644<\/td><td class=\"has-text-align-center\" data-align=\"center\">50<\/td><\/tr><tr><td>Cear\u00e1<\/td><td class=\"has-text-align-center\" data-align=\"center\">3910<\/td><td class=\"has-text-align-center\" data-align=\"center\">233<\/td><\/tr><tr><td>Distrito Federal<\/td><td class=\"has-text-align-center\" data-align=\"center\">946<\/td><td class=\"has-text-align-center\" data-align=\"center\">25<\/td><\/tr><tr><td>Esp\u00edrito Santo<\/td><td class=\"has-text-align-center\" data-align=\"center\">1313<\/td><td class=\"has-text-align-center\" data-align=\"center\">34<\/td><\/tr><tr><td>Goi\u00e1s<\/td><td class=\"has-text-align-center\" data-align=\"center\">438<\/td><td class=\"has-text-align-center\" data-align=\"center\">21<\/td><\/tr><tr><td>Maranh\u00e3o<\/td><td class=\"has-text-align-center\" data-align=\"center\">1604<\/td><td class=\"has-text-align-center\" data-align=\"center\">66<\/td><\/tr><tr><td>Mato Grosso<\/td><td class=\"has-text-align-center\" data-align=\"center\">183<\/td><td class=\"has-text-align-center\" data-align=\"center\">6<\/td><\/tr><tr><td>Mato Grosso do Sul<\/td><td class=\"has-text-align-center\" data-align=\"center\">175<\/td><td class=\"has-text-align-center\" data-align=\"center\">6<\/td><\/tr><tr><td>Minas Gerais<\/td><td class=\"has-text-align-center\" data-align=\"center\">1283<\/td><td class=\"has-text-align-center\" data-align=\"center\">47<\/td><\/tr><tr><td>Paran\u00e1<\/td><td class=\"has-text-align-center\" data-align=\"center\">1063<\/td><td class=\"has-text-align-center\" data-align=\"center\">57<\/td><\/tr><tr><td>Para\u00edba<\/td><td class=\"has-text-align-center\" data-align=\"center\">301<\/td><td class=\"has-text-align-center\" data-align=\"center\">39<\/td><\/tr><tr><td>Par\u00e1<\/td><td class=\"has-text-align-center\" data-align=\"center\">1195<\/td><td class=\"has-text-align-center\" data-align=\"center\">43<\/td><\/tr><tr><td>Pernambuco<\/td><td class=\"has-text-align-center\" data-align=\"center\">3298<\/td><td class=\"has-text-align-center\" data-align=\"center\">282<\/td><\/tr><tr><td>Piau\u00ed<\/td><td class=\"has-text-align-center\" data-align=\"center\">206<\/td><td class=\"has-text-align-center\" data-align=\"center\">15<\/td><\/tr><tr><td>Rio Grande do Norte<\/td><td class=\"has-text-align-center\" data-align=\"center\">646<\/td><td class=\"has-text-align-center\" data-align=\"center\">29<\/td><\/tr><tr><td>Rio Grande do Sul<\/td><td class=\"has-text-align-center\" data-align=\"center\">923<\/td><td class=\"has-text-align-center\" data-align=\"center\">27<\/td><\/tr><tr><td>Rio de Janeiro<\/td><td class=\"has-text-align-center\" data-align=\"center\">5552<\/td><td class=\"has-text-align-center\" data-align=\"center\">490<\/td><\/tr><tr><td>Rond\u00f4nia<\/td><td class=\"has-text-align-center\" data-align=\"center\">223<\/td><td class=\"has-text-align-center\" data-align=\"center\">5<\/td><\/tr><tr><td>Roraima<\/td><td class=\"has-text-align-center\" data-align=\"center\">280<\/td><td class=\"has-text-align-center\" data-align=\"center\">3<\/td><\/tr><tr><td>Santa Catarina<\/td><td class=\"has-text-align-center\" data-align=\"center\">1091<\/td><td class=\"has-text-align-center\" data-align=\"center\">37<\/td><\/tr><tr><td>Sergipe<\/td><td class=\"has-text-align-center\" data-align=\"center\">117<\/td><td class=\"has-text-align-center\" data-align=\"center\">7<\/td><\/tr><tr><td>S\u00e3o Paulo<\/td><td class=\"has-text-align-center\" data-align=\"center\">15914<\/td><td class=\"has-text-align-center\" data-align=\"center\">1134<\/td><\/tr><tr><td>Tocantins<\/td><td class=\"has-text-align-center\" data-align=\"center\">37<\/td><td class=\"has-text-align-center\" data-align=\"center\">1<\/td><\/tr><\/tbody><\/table><\/figure>\n\n\n\n<p class=\"has-background has-very-light-gray-background-color\">Quer saber as not\u00edcias do <strong>Aconteceu no Vale<\/strong> em primeira m\u00e3o? Siga-nos no Facebook <a rel=\"noreferrer noopener\" href=\"http:\/\/facebook.com\/aconteceunovale\" target=\"_blank\">@aconteceunovale<\/a>, Twitter <a rel=\"noreferrer noopener\" href=\"https:\/\/twitter.com\/noticiadosvales\" target=\"_blank\">@noticiadosvales<\/a> e Instagram <a rel=\"noreferrer noopener\" href=\"https:\/\/www.instagram.com\/aconteceunovale\" target=\"_blank\">@aconteceunovale<\/a>.<\/p>\n","protected":false},"excerpt":{"rendered":"<p>O n\u00famero de mortes em raz\u00e3o da pandemia do novo coronav\u00edrus (covid-19) chegou a 2.906, conforme&nbsp;balan\u00e7o mais recente divulgado hoje (22\/04\/2020) pelo Minist\u00e9rio da Sa\u00fade. J\u00e1 os casos confirmados subiram para 45.757. O \u00edndice de letalidade ficou em 6,4%. O ministro da Sa\u00fade, Nelson Teich, confirmou que 25,3 mil pessoas conseguiram se recuperar da doen\u00e7a&nbsp; [&hellip;]<\/p>\n","protected":false},"author":1,"featured_media":161417,"comment_status":"open","ping_status":"closed","sticky":false,"template":"","format":"standard","meta":{"amp_status":"","footnotes":""},"categories":[6,40242],"tags":[4785,218722,218721,219518,219520,219521,218049,218205,214884,220224,218472,215394,220000,219594,219677,216498,218043,219872,19326,220349,219197,218044,218045,215653,218206,218815,219905,219105,219104,218876,219519,140166,217692],"class_list":["post-161418","post","type-post","status-publish","format-standard","has-post-thumbnail","hentry","category-br","category-saude-2","tag-brasil","tag-brasil-tem-241-obitos-por-coronavirus","tag-brasil-tem-241-obitos-por-coronavirus-e-6-836-casos-confirmados","tag-brasil-ultrapassa-mil-mortes-por-covid-19","tag-casos-confirmados-e-obitos-no-brasil","tag-casos-confirmados-e-obitos-no-mundo","tag-casos-de-coronavirus-no-brasil","tag-casos-de-covid-19-no-brasil","tag-coronavirus","tag-coronavirus-atinge-mais-de-40-mil-pessoas-e-causa-quase-3-mil-obitos-no-brasil","tag-coronavirus-em-27-de-marco-brasil-tem-92-mortes-e-3-417-casos-confirmados","tag-coronavirus-no-brasil","tag-coronavirus-brasil-bate-novo-recorde-de-obitos-e-casos-confirmados-em-um-dia","tag-coronavirus-ministerio-da-saude-confirma-1-124-obitos-e-20-727-casos","tag-coronavirus-ministerio-da-saude-confirma-1-328-obitos-e-23-430-casos","tag-covid-19","tag-covid-19-no-brasil","tag-covid-19-brasil-tem-1-736-obitos-e-28-320-casos","tag-ministerio-da-saude","tag-ministerio-da-saude-atualiza-numeros-do-coronavirus-no-brasil","tag-ministerio-da-saude-confirma-667-obitos-por-coronavirus-e-13-717-casos","tag-mortes-por-coronavirus-no-brasil","tag-mortes-por-covid-19-no-brasil","tag-novo-coronavirus","tag-numero-de-casos-de-covid-19-confirmados-no-brasil","tag-numero-de-mortes-por-coronavirus-no-brasil-sobe-para-299","tag-numero-de-mortes-por-covid-19-no-brasil-chega-proximo-a-2-mil","tag-numeros-da-covid-19-no-brasil","tag-numeros-do-coronavirus-no-brasil","tag-obitos-por-coronavirus-no-brasil","tag-obitos-por-covid-19-no-brasil","tag-pandemia","tag-pandemia-de-coronavirus"],"_links":{"self":[{"href":"https:\/\/aconteceunovale.com.br\/portal\/index.php?rest_route=\/wp\/v2\/posts\/161418","targetHints":{"allow":["GET"]}}],"collection":[{"href":"https:\/\/aconteceunovale.com.br\/portal\/index.php?rest_route=\/wp\/v2\/posts"}],"about":[{"href":"https:\/\/aconteceunovale.com.br\/portal\/index.php?rest_route=\/wp\/v2\/types\/post"}],"author":[{"embeddable":true,"href":"https:\/\/aconteceunovale.com.br\/portal\/index.php?rest_route=\/wp\/v2\/users\/1"}],"replies":[{"embeddable":true,"href":"https:\/\/aconteceunovale.com.br\/portal\/index.php?rest_route=%2Fwp%2Fv2%2Fcomments&post=161418"}],"version-history":[{"count":1,"href":"https:\/\/aconteceunovale.com.br\/portal\/index.php?rest_route=\/wp\/v2\/posts\/161418\/revisions"}],"predecessor-version":[{"id":161419,"href":"https:\/\/aconteceunovale.com.br\/portal\/index.php?rest_route=\/wp\/v2\/posts\/161418\/revisions\/161419"}],"wp:featuredmedia":[{"embeddable":true,"href":"https:\/\/aconteceunovale.com.br\/portal\/index.php?rest_route=\/wp\/v2\/media\/161417"}],"wp:attachment":[{"href":"https:\/\/aconteceunovale.com.br\/portal\/index.php?rest_route=%2Fwp%2Fv2%2Fmedia&parent=161418"}],"wp:term":[{"taxonomy":"category","embeddable":true,"href":"https:\/\/aconteceunovale.com.br\/portal\/index.php?rest_route=%2Fwp%2Fv2%2Fcategories&post=161418"},{"taxonomy":"post_tag","embeddable":true,"href":"https:\/\/aconteceunovale.com.br\/portal\/index.php?rest_route=%2Fwp%2Fv2%2Ftags&post=161418"}],"curies":[{"name":"wp","href":"https:\/\/api.w.org\/{rel}","templated":true}]}}