{"id":161403,"date":"2020-04-22T19:25:10","date_gmt":"2020-04-22T22:25:10","guid":{"rendered":"http:\/\/aconteceunovale.com.br\/portal\/?p=161403"},"modified":"2020-04-22T19:55:22","modified_gmt":"2020-04-22T22:55:22","slug":"sao-paulo-zera-fila-por-exames-para-covid-19","status":"publish","type":"post","link":"https:\/\/aconteceunovale.com.br\/portal\/?p=161403","title":{"rendered":"S\u00e3o Paulo zera fila por exames para Covid-19"},"content":{"rendered":"\n<p>O governo de S\u00e3o Paulo conseguiu, na noite de ontem (21\/04\/2020), zerar a fila de testes para coronav\u00edrus (Covid-19) no estado. At\u00e9 a semana passada, 17 mil pessoas aguardavam pelo exame. Como esses exames est\u00e3o agora entrando no sistema, possivelmente o n\u00famero de casos e de \u00f3bitos em S\u00e3o Paulo devem sofrer altera\u00e7\u00e3o, aumentando.<\/p>\n\n\n\n<p>&#8220;Desses 17 mil [exames na fila], zeramos ontem, ou seja, n\u00e3o existe mais 17 mil. E temos uma not\u00edcia melhor. Realizamos desde o dia 9 [de abril], 24 mil exames. Realizamos os 17 (mil) e batemos na casa de 24 mil. No dia 9 [de abril] t\u00ednhamos no estado inteiro 11 mil testes feitos, hoje temos 35,6 mil testes feitos&#8221;, disse Dimas Covas, diretor do Instituto Butantan e membro do Centro de Conting\u00eancia do Coronav\u00edrus em S\u00e3o Paulo.<\/p>\n\n\n\n<p>Segundo ele, desde a semana passada o estado paulista n\u00e3o demora mais do que 48 horas para a emiss\u00e3o do resultado para coronav\u00edrus.<\/p>\n\n\n\n<p>A expectativa do governo \u00e9 que, na segunda quinzena de maio, o estado esteja fazendo 8 mil testes do tipo RT-PCR por dia. O governo tamb\u00e9m pretende ampliar o n\u00famero de testes r\u00e1pidos, principalmente para auxiliar a reabertura do com\u00e9rcio e dos servi\u00e7os em S\u00e3o Paulo.<\/p>\n\n\n\n<p>\u201cO teste do RT-PCR \u00e9 feito na fase de sintomas, na fase aguda. E o teste r\u00e1pido, quando a pessoa j\u00e1 teve a infec\u00e7\u00e3o e desenvolveu anticorpos. O teste r\u00e1pido identifica os anticorpos e verifica se o indiv\u00edduo teve uma infec\u00e7\u00e3o. Esse teste demora 14 dias para come\u00e7ar a dar resultados consistentes. Ele \u00e9 important\u00edssimo. Ele tem que ser feito de uma forma planejada\u201d, explicou Covas. A ideia, segundo ele, \u00e9 que os testes r\u00e1pidos sejam feitos inicialmente em setores de seguran\u00e7a, de sa\u00fade e de servi\u00e7os essenciais.<\/p>\n\n\n\n<p>At\u00e9 este momento, S\u00e3o Paulo tem 15.914 casos confirmados de coronav\u00edrus, com 1.134 mortes. O n\u00famero de mortes triplicou no estado em duas semanas: no dia 7 de abril eram 371 mortes. O estado tem ainda 1.284 internadas em unidades de terapia intensiva (UTI) e 1.341 em enfermarias.<\/p>\n\n\n\n<p>Segundo o secret\u00e1rio estadual de Sa\u00fade, Jos\u00e9 Henrique Germann, o estado de S\u00e3o Paulo deve chegar no dia 3 de maio atingindo a marca de tr\u00eas mil mortos por coronav\u00edrus. De acordo com ele, a taxa de ocupa\u00e7\u00e3o de leitos de UTI no estado est\u00e1 em 53,3% e, os de enfermaria, em 40,5%. Na Grande S\u00e3o Paulo, o n\u00famero \u00e9 maior que a m\u00e9dia do estado: a ocupa\u00e7\u00e3o \u00e9 de 73,7% em UTIs e de 63% em enfermarias. Essa taxa de ocupa\u00e7\u00e3o, segundo ele, inclui os hospitais p\u00fablicos e privados.<\/p>\n\n\n\n<figure class=\"wp-block-gallery columns-1 is-cropped wp-block-gallery-1 is-layout-flex wp-block-gallery-is-layout-flex\"><ul class=\"blocks-gallery-grid\"><li class=\"blocks-gallery-item\"><figure><img loading=\"lazy\" decoding=\"async\" width=\"678\" height=\"406\" src=\"http:\/\/aconteceunovale.com.br\/portal\/wp-content\/uploads\/2020\/04\/exame_covid_sp.jpg\" alt=\"\" data-id=\"161404\" data-full-url=\"http:\/\/aconteceunovale.com.br\/portal\/wp-content\/uploads\/2020\/04\/exame_covid_sp.jpg\" data-link=\"http:\/\/aconteceunovale.com.br\/portal\/?attachment_id=161404\" class=\"wp-image-161404\" srcset=\"https:\/\/aconteceunovale.com.br\/portal\/wp-content\/uploads\/2020\/04\/exame_covid_sp.jpg 678w, https:\/\/aconteceunovale.com.br\/portal\/wp-content\/uploads\/2020\/04\/exame_covid_sp-300x180.jpg 300w\" sizes=\"auto, (max-width: 678px) 100vw, 678px\" \/><figcaption class=\"blocks-gallery-item__caption\"><em>Foto: SESI\/Vinicius Magalhaes\/Reprodu\u00e7\u00e3o Ag\u00eancia Brasil<\/em><\/figcaption><\/figure><\/li><\/ul><\/figure>\n\n\n\n<h2 class=\"wp-block-heading\">Retomada econ\u00f4mica<\/h2>\n\n\n\n<p>O governador de S\u00e3o Paulo, Jo\u00e3o Doria, disse hoje (22) que a reabertura gradual dos setores produtivos do estado come\u00e7ar\u00e1 a ser implementada a partir do dia 10 de maio, quando se encerra o per\u00edodo de quarentena no estado.<\/p>\n\n\n\n<p>O plano para reabertura foi chamado de Plano S\u00e3o Paulo. A quarentena est\u00e1 em vigor no estado desde o dia 24 de mar\u00e7o e, com ela, somente os setores considerados essenciais \u2013 como abastecimento, log\u00edstica, seguran\u00e7a e sa\u00fade \u2013 podem funcionar.<\/p>\n\n\n\n<p>Os setores que voltar\u00e3o a funcionar a partir do dia 11 de maio n\u00e3o foram informados pelo governo paulista. Esse an\u00fancio, segundo o governador, ser\u00e1 feito somente no dia 8 de maio.<\/p>\n\n\n\n<p class=\"has-background has-very-light-gray-background-color\">Quer saber as not\u00edcias do <strong>Aconteceu no Vale<\/strong> em primeira m\u00e3o? Siga-nos no Facebook <a rel=\"noreferrer noopener\" href=\"http:\/\/facebook.com\/aconteceunovale\" target=\"_blank\">@aconteceunovale<\/a>, Twitter <a rel=\"noreferrer noopener\" href=\"https:\/\/twitter.com\/noticiadosvales\" target=\"_blank\">@noticiadosvales<\/a> e Instagram <a rel=\"noreferrer noopener\" href=\"https:\/\/www.instagram.com\/aconteceunovale\" target=\"_blank\">@aconteceunovale<\/a>.<\/p>\n","protected":false},"excerpt":{"rendered":"<p>O governo de S\u00e3o Paulo conseguiu, na noite de ontem (21\/04\/2020), zerar a fila de testes para coronav\u00edrus (Covid-19) no estado. At\u00e9 a semana passada, 17 mil pessoas aguardavam pelo exame. Como esses exames est\u00e3o agora entrando no sistema, possivelmente o n\u00famero de casos e de \u00f3bitos em S\u00e3o Paulo devem sofrer altera\u00e7\u00e3o, aumentando. &#8220;Desses [&hellip;]<\/p>\n","protected":false},"author":1,"featured_media":161404,"comment_status":"open","ping_status":"closed","sticky":false,"template":"","format":"standard","meta":{"amp_status":"","footnotes":""},"categories":[6,40242],"tags":[214884,217915,216498,78164,220447,220446,220445,82401,219683,219682,220449,220448,220450,220444],"class_list":["post-161403","post","type-post","status-publish","format-standard","has-post-thumbnail","hentry","category-br","category-saude-2","tag-coronavirus","tag-coronavirus-em-sao-paulo","tag-covid-19","tag-dimas-covas","tag-do-instituto-butantan","tag-fila-de-exames-para-coronavirus-em-sao-paulo","tag-fila-de-exames-para-covid-19-em-sao-paulo","tag-governador-de-sao-paulo","tag-joao-doria-2","tag-jose-henrique-germann","tag-reabertura-de-sao-paulo","tag-reabertura-do-comercio-em-sao-paulo","tag-retomada-da-economia-em-sao-paulo","tag-sao-paulo-zera-fila-por-exames-para-covid-19"],"_links":{"self":[{"href":"https:\/\/aconteceunovale.com.br\/portal\/index.php?rest_route=\/wp\/v2\/posts\/161403","targetHints":{"allow":["GET"]}}],"collection":[{"href":"https:\/\/aconteceunovale.com.br\/portal\/index.php?rest_route=\/wp\/v2\/posts"}],"about":[{"href":"https:\/\/aconteceunovale.com.br\/portal\/index.php?rest_route=\/wp\/v2\/types\/post"}],"author":[{"embeddable":true,"href":"https:\/\/aconteceunovale.com.br\/portal\/index.php?rest_route=\/wp\/v2\/users\/1"}],"replies":[{"embeddable":true,"href":"https:\/\/aconteceunovale.com.br\/portal\/index.php?rest_route=%2Fwp%2Fv2%2Fcomments&post=161403"}],"version-history":[{"count":2,"href":"https:\/\/aconteceunovale.com.br\/portal\/index.php?rest_route=\/wp\/v2\/posts\/161403\/revisions"}],"predecessor-version":[{"id":161406,"href":"https:\/\/aconteceunovale.com.br\/portal\/index.php?rest_route=\/wp\/v2\/posts\/161403\/revisions\/161406"}],"wp:featuredmedia":[{"embeddable":true,"href":"https:\/\/aconteceunovale.com.br\/portal\/index.php?rest_route=\/wp\/v2\/media\/161404"}],"wp:attachment":[{"href":"https:\/\/aconteceunovale.com.br\/portal\/index.php?rest_route=%2Fwp%2Fv2%2Fmedia&parent=161403"}],"wp:term":[{"taxonomy":"category","embeddable":true,"href":"https:\/\/aconteceunovale.com.br\/portal\/index.php?rest_route=%2Fwp%2Fv2%2Fcategories&post=161403"},{"taxonomy":"post_tag","embeddable":true,"href":"https:\/\/aconteceunovale.com.br\/portal\/index.php?rest_route=%2Fwp%2Fv2%2Ftags&post=161403"}],"curies":[{"name":"wp","href":"https:\/\/api.w.org\/{rel}","templated":true}]}}