{"id":161381,"date":"2020-04-22T17:59:32","date_gmt":"2020-04-22T20:59:32","guid":{"rendered":"http:\/\/aconteceunovale.com.br\/portal\/?p=161381"},"modified":"2020-04-22T18:01:54","modified_gmt":"2020-04-22T21:01:54","slug":"delegacia-de-transito-de-teofilo-otoni-cria-novos-canais-de-atendimento","status":"publish","type":"post","link":"https:\/\/aconteceunovale.com.br\/portal\/?p=161381","title":{"rendered":"Delegacia de Tr\u00e2nsito de Te\u00f3filo Otoni cria novos canais de atendimento"},"content":{"rendered":"\n<p>Com o objetivo de evitar aglomera\u00e7\u00e3o de pessoas e reduzir o risco de dissemina\u00e7\u00e3o do novo coronav\u00edrus (Covid-19) para a popula\u00e7\u00e3o e servidores, a Delegacia Regional da Pol\u00edcia Civil em Te\u00f3filo Otoni est\u00e1 adotando novos canais de atendimento para d\u00favidas e agendamentos relacionados a ve\u00edculos e habilita\u00e7\u00e3o. Para garantir a continuidade do atendimento aos cidad\u00e3os de cidade e regi\u00e3o, foram disponibilizados tr\u00eas canais eletr\u00f4nicos: um telefone fixo, um n\u00famero de celular com WhatsApp e um e-mail.<\/p>\n\n\n\n<p>Por meio desses canais, o cidad\u00e3o poder\u00e1 tirar d\u00favidas sobre habilita\u00e7\u00e3o e ve\u00edculos e, ainda, agendar atendimento para os casos relativos \u00e0 libera\u00e7\u00e3o dos ve\u00edculos retidos em p\u00e1tios credenciados ou casos de urg\u00eancia, como uso de ve\u00edculo para exerc\u00edcio profissional ou outros de grande necessidade. O usu\u00e1rio apresentar\u00e1 a sua demanda com a comprova\u00e7\u00e3o da urg\u00eancia que ser\u00e1 devidamente analisada e, em caso de proced\u00eancia, haver\u00e1 o atendimento por parte do referido setor, mediante agendamento. Os atendimentos ser\u00e3o realizados de segunda a sexta-feira, das 8h \u00e0s 12h e das 14h \u00e0s 17h.<\/p>\n\n\n\n<p>Al\u00e9m disso, para evitar o deslocamento dos cidad\u00e3os, dezenas de servi\u00e7os on-line foram disponibilizados no site <a href=\"https:\/\/www.detran.mg.gov.br\/\" target=\"_blank\" rel=\"noreferrer noopener\">www.detran.mg.gov.br<\/a> e o telefone 155 tamb\u00e9m est\u00e1 dispon\u00edvel para eventuais esclarecimentos. Para aqueles servi\u00e7os que podem aguardar at\u00e9 que o risco de cont\u00e1gio pela Covid-19 esteja controlado, a PCMG garante que n\u00e3o haver\u00e1 preju\u00edzo para o cidad\u00e3o.<\/p>\n\n\n\n<p>Confira os canais de atendimento da Ciretran de Te\u00f3filo Otoni:<\/p>\n\n\n\n<ul class=\"wp-block-list\"><li>WhatsApp: <a href=\"https:\/\/api.whatsapp.com\/send?phone=5533999916694\" target=\"_blank\" rel=\"noreferrer noopener\">(33) 9 9991-6694<\/a><\/li><\/ul>\n\n\n\n<ul class=\"wp-block-list\"><li>Telefone fixo: (33) 3529-3700<\/li><\/ul>\n\n\n\n<ul class=\"wp-block-list\"><li>E-mail: transito.to@policiacivil.mg.gov.br<\/li><\/ul>\n\n\n\n<p><strong>CRLV 2020<\/strong><\/p>\n\n\n\n<p>O Certificado de Registro e Licenciamento de Ve\u00edculo (CRLV) do exerc\u00edcio 2020 ainda n\u00e3o est\u00e1 sendo exigido. Portanto, os propriet\u00e1rios de ve\u00edculo que possuem o documento do ano de 2019 est\u00e3o devidamente regulares para circular. Aqueles que n\u00e3o possu\u00edrem o documento de 2019, ap\u00f3s o pagamento de todos os d\u00e9bitos eventualmente existentes, poder\u00e3o obt\u00ea-lo atrav\u00e9s do aplicativo Carteira Digital de Tr\u00e2nsito (CDT), dispon\u00edvel para sistemas <a href=\"https:\/\/play.google.com\/store\/apps\/details?id=br.gov.serpro.cnhe\" target=\"_blank\" rel=\"noreferrer noopener\">Android<\/a> e <a href=\"https:\/\/apps.apple.com\/br\/app\/cnh-digital\/id1275057217\" target=\"_blank\" rel=\"noreferrer noopener\">IOS<\/a>.<\/p>\n\n\n\n<p class=\"has-background has-very-light-gray-background-color\">Quer saber as not\u00edcias do <strong>Aconteceu no Vale<\/strong> em primeira m\u00e3o? Siga-nos no Facebook <a rel=\"noreferrer noopener\" href=\"http:\/\/facebook.com\/aconteceunovale\" target=\"_blank\">@aconteceunovale<\/a>, Twitter <a rel=\"noreferrer noopener\" href=\"https:\/\/twitter.com\/noticiadosvales\" target=\"_blank\">@noticiadosvales<\/a> e Instagram <a rel=\"noreferrer noopener\" href=\"https:\/\/www.instagram.com\/aconteceunovale\" target=\"_blank\">@aconteceunovale<\/a>.<\/p>\n","protected":false},"excerpt":{"rendered":"<p>Com o objetivo de evitar aglomera\u00e7\u00e3o de pessoas e reduzir o risco de dissemina\u00e7\u00e3o do novo coronav\u00edrus (Covid-19) para a popula\u00e7\u00e3o e servidores, a Delegacia Regional da Pol\u00edcia Civil em Te\u00f3filo Otoni est\u00e1 adotando novos canais de atendimento para d\u00favidas e agendamentos relacionados a ve\u00edculos e habilita\u00e7\u00e3o. Para garantir a continuidade do atendimento aos cidad\u00e3os [&hellip;]<\/p>\n","protected":false},"author":1,"featured_media":161382,"comment_status":"open","ping_status":"closed","sticky":false,"template":"","format":"standard","meta":{"amp_status":"","footnotes":""},"categories":[122],"tags":[220414,214884,216498,220418,220412,220419,220410,220415,220420,219687,218365,220411,220416,164,220413,220417],"class_list":["post-161381","post","type-post","status-publish","format-standard","has-post-thumbnail","hentry","category-mucuri","tag-ciretran-de-teofilo-otoni","tag-coronavirus","tag-covid-19","tag-crlv-2020","tag-delegacia-de-transito-de-teofilo-otoni","tag-delegacia-de-transito-de-teofilo-otoni-cria-novos-canais-de-atendimento","tag-delegacia-regional-da-policia-civil-em-teofilo-otoni","tag-e-mail-da-ciretran-de-teofilo-otoni","tag-e-mail-da-delegacia-de-transito-de-teofilo-otoni","tag-pandemia-da-covid-19","tag-pandemia-do-coronavirus","tag-telefone-da-ciretran-de-teofilo-otoni","tag-telefone-da-delegacia-de-transito-de-teofilo-otoni","tag-teofilo-otoni","tag-whatsapp-da-ciretran-de-teofilo-otoni","tag-whatsapp-da-delegacia-de-transito-de-teofilo-otoni"],"_links":{"self":[{"href":"https:\/\/aconteceunovale.com.br\/portal\/index.php?rest_route=\/wp\/v2\/posts\/161381","targetHints":{"allow":["GET"]}}],"collection":[{"href":"https:\/\/aconteceunovale.com.br\/portal\/index.php?rest_route=\/wp\/v2\/posts"}],"about":[{"href":"https:\/\/aconteceunovale.com.br\/portal\/index.php?rest_route=\/wp\/v2\/types\/post"}],"author":[{"embeddable":true,"href":"https:\/\/aconteceunovale.com.br\/portal\/index.php?rest_route=\/wp\/v2\/users\/1"}],"replies":[{"embeddable":true,"href":"https:\/\/aconteceunovale.com.br\/portal\/index.php?rest_route=%2Fwp%2Fv2%2Fcomments&post=161381"}],"version-history":[{"count":2,"href":"https:\/\/aconteceunovale.com.br\/portal\/index.php?rest_route=\/wp\/v2\/posts\/161381\/revisions"}],"predecessor-version":[{"id":161384,"href":"https:\/\/aconteceunovale.com.br\/portal\/index.php?rest_route=\/wp\/v2\/posts\/161381\/revisions\/161384"}],"wp:featuredmedia":[{"embeddable":true,"href":"https:\/\/aconteceunovale.com.br\/portal\/index.php?rest_route=\/wp\/v2\/media\/161382"}],"wp:attachment":[{"href":"https:\/\/aconteceunovale.com.br\/portal\/index.php?rest_route=%2Fwp%2Fv2%2Fmedia&parent=161381"}],"wp:term":[{"taxonomy":"category","embeddable":true,"href":"https:\/\/aconteceunovale.com.br\/portal\/index.php?rest_route=%2Fwp%2Fv2%2Fcategories&post=161381"},{"taxonomy":"post_tag","embeddable":true,"href":"https:\/\/aconteceunovale.com.br\/portal\/index.php?rest_route=%2Fwp%2Fv2%2Ftags&post=161381"}],"curies":[{"name":"wp","href":"https:\/\/api.w.org\/{rel}","templated":true}]}}