{"id":161375,"date":"2020-04-22T17:31:05","date_gmt":"2020-04-22T20:31:05","guid":{"rendered":"http:\/\/aconteceunovale.com.br\/portal\/?p=161375"},"modified":"2020-04-22T17:32:46","modified_gmt":"2020-04-22T20:32:46","slug":"justica-condena-ex-prefeito-de-unai-por-improbidade-administrativa","status":"publish","type":"post","link":"https:\/\/aconteceunovale.com.br\/portal\/?p=161375","title":{"rendered":"Justi\u00e7a condena ex-prefeito de Una\u00ed por improbidade administrativa"},"content":{"rendered":"\n<p>O ex-prefeito de Una\u00ed&nbsp;Ant\u00e9rio M\u00e2nica,&nbsp;condenado por improbidade administrativa, ter\u00e1 seus direitos pol\u00edticos suspensos durante tr\u00eas anos&nbsp;e dever\u00e1 pagar multa aos cofres p\u00fablicos. Ao longo de seu mandato, o pol\u00edtico realizou mais de 700 contrata\u00e7\u00f5es tempor\u00e1rias, descumprindo a legisla\u00e7\u00e3o.<\/p>\n\n\n\n<p>A decis\u00e3o \u00e9 da 19\u00aa C\u00e2mara C\u00edvel do Tribunal de Justi\u00e7a de Minas Gerais (TJMG), que manteve o entendimento da 1\u00aa Vara C\u00edvel da comarca, no noroeste de Minas.<\/p>\n\n\n\n<p>O Minist\u00e9rio P\u00fablico Estadual (MPMG) relata que, em outubro de 2006, o ent\u00e3o prefeito de Una\u00ed firmou um termo de ajustamento de conduta (TAC) para a realiza\u00e7\u00e3o de concurso p\u00fablico no per\u00edodo de seu mandato no cargo.<\/p>\n\n\n\n<p>No documento estava acordada a rescis\u00e3o de contratos tempor\u00e1rios ilegais, visando regularizar a situa\u00e7\u00e3o dos servidores do munic\u00edpio, em cumprimento da norma constitucional.<\/p>\n\n\n\n<p>Entretanto, ap\u00f3s a realiza\u00e7\u00e3o do concurso e sua efetiva homologa\u00e7\u00e3o, o administrador p\u00fablico prosseguiu realizando contrata\u00e7\u00f5es tempor\u00e1rias de servidores.<\/p>\n\n\n\n<p>De acordo com a den\u00fancia, no per\u00edodo de validade do concurso, o Munic\u00edpio de Una\u00ed contratou 758 pessoas nessas condi\u00e7\u00f5es, descumprindo a Constitui\u00e7\u00e3o Federal. Para o MP, o prefeito violou o direito constitucional de os candidatos aprovados serem nomeados.<\/p>\n\n\n\n<p>O Minist\u00e9rio P\u00fablico requereu, ent\u00e3o, que o administrador indenizasse&nbsp;os cofres p\u00fablicos&nbsp;por dano moral coletivo, no valor de R$ 100 mil. Al\u00e9m disso, o \u00f3rg\u00e3o solicitou a perda da fun\u00e7\u00e3o p\u00fablica e a suspens\u00e3o dos direitos pol\u00edticos do gestor, por cinco anos.<\/p>\n\n\n\n<p><strong>Senten\u00e7a<\/strong><\/p>\n\n\n\n<p>Na Comarca de Una\u00ed, o juiz Claudio Roberto Domingues Junior sentenciou&nbsp;Ant\u00e9rio M\u00e2nica \u00e0 suspens\u00e3o dos direitos pol\u00edticos por tr\u00eas anos. Al\u00e9m disso, o r\u00e9u dever\u00e1 pagar multa civil correspondente a cinco vezes o valor da \u00faltima remunera\u00e7\u00e3o recebida em 2011.<\/p>\n\n\n\n<p>Ainda de acordo com a decis\u00e3o, se o ex-prefeito estiver exercendo alguma fun\u00e7\u00e3o p\u00fablica no momento do tr\u00e2nsito em julgado da senten\u00e7a, ele dever\u00e1 ser&nbsp;automaticamente&nbsp;exonerado do cargo.<\/p>\n\n\n\n<p><strong>Recurso<\/strong><\/p>\n\n\n\n<p>O ex-prefeito recorreu, alegando que a legisla\u00e7\u00e3o municipal, \u00e0 \u00e9poca dos fatos, dava respaldo \u00e0s contrata\u00e7\u00f5es por prazo determinado para os cargos de motorista e de auxiliar de servi\u00e7os gerais.<\/p>\n\n\n\n<p>Esses postos foram destinados para a presta\u00e7\u00e3o de servi\u00e7os em \u00e1reas rurais, algumas localizadas a 70km de dist\u00e2ncia da sede da unidade federativa, circunst\u00e2ncia que se enquadrava na excepcionalidade disposta no inciso V do art. 3\u00ba, da Lei Municipal 2.492\/2007.<\/p>\n\n\n\n<p>A defesa tamb\u00e9m argumentou dificuldades do Munic\u00edpio de Una\u00ed para, atrav\u00e9s de concurso p\u00fablico, prover as fun\u00e7\u00f5es p\u00fablicas necess\u00e1rias, seja em raz\u00e3o de&nbsp;sua vasta extens\u00e3o territorial, seja em raz\u00e3o da falta de inscri\u00e7\u00e3o e aprova\u00e7\u00e3o, em n\u00famero suficiente, de pessoas qualificadas para as atribui\u00e7\u00f5es.<\/p>\n\n\n\n<p>O ent\u00e3o chefe do Executivo Municipal afirma que tentou, por v\u00e1rias vias, inclusive por meio da assinatura de TAC, resolver e corrigir problemas do quadro de pessoal do Mun\u00edcipio de Una\u00ed que se arrastavam havia anos.<\/p>\n\n\n\n<p>Alegando a aus\u00eancia de m\u00e1-f\u00e9 nas contrata\u00e7\u00f5es tempor\u00e1rias, sustentou que visava apenas \u00e0 melhora da situa\u00e7\u00e3o do funcionalismo da prefeitura ao final de sua gest\u00e3o.<\/p>\n\n\n\n<p><strong>Decis\u00e3o<\/strong><\/p>\n\n\n\n<p>Para o relator do recurso, desembargador Leite Pra\u00e7a, o r\u00e9u, visando dar continuidade \u00e0s contrata\u00e7\u00f5es por prazo determinado, cuidou de promover altera\u00e7\u00e3o na legisla\u00e7\u00e3o local, com a clara inten\u00e7\u00e3o de conferir aparente condi\u00e7\u00e3o de legalidade para atos ilegais e il\u00edcitos, o que refor\u00e7a o dolo em quest\u00e3o.<\/p>\n\n\n\n<p>Em rela\u00e7\u00e3o \u00e0 dificuldade de prover fun\u00e7\u00f5es p\u00fablicas atrav\u00e9s de concurso p\u00fablico, pela extens\u00e3o do territ\u00f3rio &nbsp;e inexist\u00eancia de candidatos, o magistrado pontuou que a compara\u00e7\u00e3o entre o baixo n\u00famero de vagas ofertadas para diversos cargos&nbsp;cujas fun\u00e7\u00f5es foram desempenhadas posteriormente por contratados&nbsp;e o grande n\u00famero de classificados, excedentes \u00e0 oferta de postos, demonstra ser inver\u00eddica a alega\u00e7\u00e3o.<\/p>\n\n\n\n<p>Logo, ficou mantido o entendimento da&nbsp;Justi\u00e7a de Primeira Inst\u00e2ncia. Acompanharam o voto os desembargadores Versiani Penna e Carlos Henrique Perp\u00e9tuo Braga.<\/p>\n\n\n\n<p>Confira a\u00a0<a rel=\"noreferrer noopener\" target=\"_blank\" href=\"https:\/\/www4.tjmg.jus.br\/juridico\/sf\/proc_resultado.jsp?listaProcessos=11009096&amp;comrCodigo=704&amp;numero=1\">movimenta\u00e7\u00e3o<\/a>\u00a0processual e leia na \u00edntegra o\u00a0<a rel=\"noreferrer noopener\" target=\"_blank\" href=\"https:\/\/www5.tjmg.jus.br\/jurisprudencia\/pesquisaNumeroCNJEspelhoAcordao.do?numeroRegistro=1&amp;totalLinhas=1&amp;linhasPorPagina=10&amp;numeroUnico=1.0704.11.009096-3%2F001&amp;pesquisaNumeroCNJ=Pesquisar\">ac\u00f3rd\u00e3o<\/a>.<\/p>\n\n\n\n<p class=\"has-background has-very-light-gray-background-color\">Quer saber as not\u00edcias do <strong>Aconteceu no Vale<\/strong> em primeira m\u00e3o? Siga-nos no Facebook <a rel=\"noreferrer noopener\" href=\"http:\/\/facebook.com\/aconteceunovale\" target=\"_blank\">@aconteceunovale<\/a>, Twitter <a rel=\"noreferrer noopener\" href=\"https:\/\/twitter.com\/noticiadosvales\" target=\"_blank\">@noticiadosvales<\/a> e Instagram <a rel=\"noreferrer noopener\" href=\"https:\/\/www.instagram.com\/aconteceunovale\" target=\"_blank\">@aconteceunovale<\/a>.<\/p>\n","protected":false},"excerpt":{"rendered":"<p>O ex-prefeito de Una\u00ed&nbsp;Ant\u00e9rio M\u00e2nica,&nbsp;condenado por improbidade administrativa, ter\u00e1 seus direitos pol\u00edticos suspensos durante tr\u00eas anos&nbsp;e dever\u00e1 pagar multa aos cofres p\u00fablicos. Ao longo de seu mandato, o pol\u00edtico realizou mais de 700 contrata\u00e7\u00f5es tempor\u00e1rias, descumprindo a legisla\u00e7\u00e3o. A decis\u00e3o \u00e9 da 19\u00aa C\u00e2mara C\u00edvel do Tribunal de Justi\u00e7a de Minas Gerais (TJMG), que manteve [&hellip;]<\/p>\n","protected":false},"author":1,"featured_media":161376,"comment_status":"open","ping_status":"closed","sticky":false,"template":"","format":"standard","meta":{"amp_status":"","footnotes":""},"categories":[123,40240],"tags":[57666,176629,220404,65297,220406,220403,220405,19675,270,92646,222],"class_list":["post-161375","post","type-post","status-publish","format-standard","has-post-thumbnail","hentry","category-gerais","category-politica-2","tag-anterio-manica","tag-comarca-de-unai","tag-condenacao-de-ex-prefeito-de-unai","tag-ex-prefeito-de-unai-e-condenado","tag-juiz-claudio-roberto-domingues-junior","tag-justica-condena-ex-prefeito-de-unai-por-improbidade-administrativa","tag-ministerio-publico-estadual","tag-mpmg","tag-tjmg","tag-tribunal-de-justica-de-minas-gerais","tag-unai"],"_links":{"self":[{"href":"https:\/\/aconteceunovale.com.br\/portal\/index.php?rest_route=\/wp\/v2\/posts\/161375","targetHints":{"allow":["GET"]}}],"collection":[{"href":"https:\/\/aconteceunovale.com.br\/portal\/index.php?rest_route=\/wp\/v2\/posts"}],"about":[{"href":"https:\/\/aconteceunovale.com.br\/portal\/index.php?rest_route=\/wp\/v2\/types\/post"}],"author":[{"embeddable":true,"href":"https:\/\/aconteceunovale.com.br\/portal\/index.php?rest_route=\/wp\/v2\/users\/1"}],"replies":[{"embeddable":true,"href":"https:\/\/aconteceunovale.com.br\/portal\/index.php?rest_route=%2Fwp%2Fv2%2Fcomments&post=161375"}],"version-history":[{"count":1,"href":"https:\/\/aconteceunovale.com.br\/portal\/index.php?rest_route=\/wp\/v2\/posts\/161375\/revisions"}],"predecessor-version":[{"id":161377,"href":"https:\/\/aconteceunovale.com.br\/portal\/index.php?rest_route=\/wp\/v2\/posts\/161375\/revisions\/161377"}],"wp:featuredmedia":[{"embeddable":true,"href":"https:\/\/aconteceunovale.com.br\/portal\/index.php?rest_route=\/wp\/v2\/media\/161376"}],"wp:attachment":[{"href":"https:\/\/aconteceunovale.com.br\/portal\/index.php?rest_route=%2Fwp%2Fv2%2Fmedia&parent=161375"}],"wp:term":[{"taxonomy":"category","embeddable":true,"href":"https:\/\/aconteceunovale.com.br\/portal\/index.php?rest_route=%2Fwp%2Fv2%2Fcategories&post=161375"},{"taxonomy":"post_tag","embeddable":true,"href":"https:\/\/aconteceunovale.com.br\/portal\/index.php?rest_route=%2Fwp%2Fv2%2Ftags&post=161375"}],"curies":[{"name":"wp","href":"https:\/\/api.w.org\/{rel}","templated":true}]}}