{"id":161367,"date":"2020-04-22T12:37:15","date_gmt":"2020-04-22T15:37:15","guid":{"rendered":"http:\/\/aconteceunovale.com.br\/portal\/?p=161367"},"modified":"2020-04-22T12:38:45","modified_gmt":"2020-04-22T15:38:45","slug":"ses-mg-atualiza-numeros-do-coronavirus","status":"publish","type":"post","link":"https:\/\/aconteceunovale.com.br\/portal\/?p=161367","title":{"rendered":"SES-MG atualiza n\u00fameros do coronav\u00edrus"},"content":{"rendered":"\n<p>A Secretaria de Estado de Sa\u00fade (SES-MG) informou, na manh\u00e3 desta quarta-feira (22\/04\/2020), que 1.283 casos de Covid-19 foram confirmados em Minas Gerais.&nbsp;O n\u00famero de mortes pela doen\u00e7a subiu para 47.<\/p>\n\n\n\n<p>De acordo com o boletim epidemiol\u00f3gico, divulgado \u00e0s 10h45 de hoje, o Estado tamb\u00e9m possui 78 \u00f3bitos em investiga\u00e7\u00e3o e 325 foram descartados. O n\u00famero de casos suspeitos subiu para 77.744.<\/p>\n\n\n\n<p>A cidade com mais casos confirmados \u00e9 Belo Horizonte, onde 478 pacientes tiveram diagn\u00f3stico positivo para a doen\u00e7a. Na sequ\u00eancia, aparecem Juiz de Fora, com 100 casos, Uberl\u00e2ndia, com 67, e Nova Lima, com 50.<\/p>\n\n\n\n<p><strong>RESUMO DOS \u00d3BITOS POR COVID-19 EM MINAS GERAIS<\/strong><\/p>\n\n\n\n<figure class=\"wp-block-gallery columns-1 is-cropped wp-block-gallery-1 is-layout-flex wp-block-gallery-is-layout-flex\"><ul class=\"blocks-gallery-grid\"><li class=\"blocks-gallery-item\"><figure><img decoding=\"async\" src=\"http:\/\/aconteceu.info\/pub\/quadro_obitos_22abril.jpg\" alt=\"\"\/><\/figure><\/li><\/ul><\/figure>\n\n\n\n<p><strong>BOLETIM EPIDEMIOL\u00d3GICO &#8211; 22\/04\/2020<\/strong><\/p>\n\n\n\n<figure class=\"wp-block-gallery columns-1 is-cropped wp-block-gallery-2 is-layout-flex wp-block-gallery-is-layout-flex\"><ul class=\"blocks-gallery-grid\"><li class=\"blocks-gallery-item\"><figure><img decoding=\"async\" src=\"http:\/\/aconteceu.info\/pub\/boletim_corona_22abril.jpg\" alt=\"\"\/><\/figure><\/li><\/ul><\/figure>\n\n\n\n<p class=\"has-background has-very-light-gray-background-color\">Quer saber as not\u00edcias do <strong>Aconteceu no Vale<\/strong> em primeira m\u00e3o? Siga-nos no Facebook <a rel=\"noreferrer noopener\" href=\"http:\/\/facebook.com\/aconteceunovale\" target=\"_blank\">@aconteceunovale<\/a>, Twitter <a rel=\"noreferrer noopener\" href=\"https:\/\/twitter.com\/noticiadosvales\" target=\"_blank\">@noticiadosvales<\/a> e Instagram <a rel=\"noreferrer noopener\" href=\"https:\/\/www.instagram.com\/aconteceunovale\" target=\"_blank\">@aconteceunovale<\/a>.<\/p>\n","protected":false},"excerpt":{"rendered":"<p>A Secretaria de Estado de Sa\u00fade (SES-MG) informou, na manh\u00e3 desta quarta-feira (22\/04\/2020), que 1.283 casos de Covid-19 foram confirmados em Minas Gerais.&nbsp;O n\u00famero de mortes pela doen\u00e7a subiu para 47. De acordo com o boletim epidemiol\u00f3gico, divulgado \u00e0s 10h45 de hoje, o Estado tamb\u00e9m possui 78 \u00f3bitos em investiga\u00e7\u00e3o e 325 foram descartados. O [&hellip;]<\/p>\n","protected":false},"author":1,"featured_media":159952,"comment_status":"open","ping_status":"closed","sticky":false,"template":"","format":"standard","meta":{"amp_status":"","footnotes":""},"categories":[123,40242],"tags":[217799,219851,219853,214884,216498,219855,215653,219854,219852,217692,220285,220287,220286],"class_list":["post-161367","post","type-post","status-publish","format-standard","has-post-thumbnail","hentry","category-gerais","category-saude-2","tag-casos-de-coronavirus-em-minas-gerais","tag-casos-de-covid-19-em-minas-gerais","tag-cidades-com-casos-de-coronavirus-em-minas-gerais","tag-coronavirus","tag-covid-19","tag-mortes-por-coronavirus-em-minas-gerais","tag-novo-coronavirus","tag-numeros-do-coronavirus-em-minas-gerais","tag-obitos-por-coronavirus-em-minas-gerias","tag-pandemia-de-coronavirus","tag-secretaria-de-saude-atualiza-numeros-do-coronavirus-em-minas-gerais","tag-secretaria-de-saude-de-minas-gerais-atualiza-numeros-do-coronavirus","tag-ses-mg-atualiza-numeros-do-coronavirus"],"_links":{"self":[{"href":"https:\/\/aconteceunovale.com.br\/portal\/index.php?rest_route=\/wp\/v2\/posts\/161367","targetHints":{"allow":["GET"]}}],"collection":[{"href":"https:\/\/aconteceunovale.com.br\/portal\/index.php?rest_route=\/wp\/v2\/posts"}],"about":[{"href":"https:\/\/aconteceunovale.com.br\/portal\/index.php?rest_route=\/wp\/v2\/types\/post"}],"author":[{"embeddable":true,"href":"https:\/\/aconteceunovale.com.br\/portal\/index.php?rest_route=\/wp\/v2\/users\/1"}],"replies":[{"embeddable":true,"href":"https:\/\/aconteceunovale.com.br\/portal\/index.php?rest_route=%2Fwp%2Fv2%2Fcomments&post=161367"}],"version-history":[{"count":1,"href":"https:\/\/aconteceunovale.com.br\/portal\/index.php?rest_route=\/wp\/v2\/posts\/161367\/revisions"}],"predecessor-version":[{"id":161369,"href":"https:\/\/aconteceunovale.com.br\/portal\/index.php?rest_route=\/wp\/v2\/posts\/161367\/revisions\/161369"}],"wp:featuredmedia":[{"embeddable":true,"href":"https:\/\/aconteceunovale.com.br\/portal\/index.php?rest_route=\/wp\/v2\/media\/159952"}],"wp:attachment":[{"href":"https:\/\/aconteceunovale.com.br\/portal\/index.php?rest_route=%2Fwp%2Fv2%2Fmedia&parent=161367"}],"wp:term":[{"taxonomy":"category","embeddable":true,"href":"https:\/\/aconteceunovale.com.br\/portal\/index.php?rest_route=%2Fwp%2Fv2%2Fcategories&post=161367"},{"taxonomy":"post_tag","embeddable":true,"href":"https:\/\/aconteceunovale.com.br\/portal\/index.php?rest_route=%2Fwp%2Fv2%2Ftags&post=161367"}],"curies":[{"name":"wp","href":"https:\/\/api.w.org\/{rel}","templated":true}]}}