{"id":161362,"date":"2020-04-22T11:44:48","date_gmt":"2020-04-22T14:44:48","guid":{"rendered":"http:\/\/aconteceunovale.com.br\/portal\/?p=161362"},"modified":"2020-04-22T12:46:10","modified_gmt":"2020-04-22T15:46:10","slug":"prefeitura-de-teofilo-otoni-confirma-caso-de-coronavirus","status":"publish","type":"post","link":"https:\/\/aconteceunovale.com.br\/portal\/?p=161362","title":{"rendered":"Prefeitura de Te\u00f3filo Otoni confirma caso de coronav\u00edrus"},"content":{"rendered":"\n<p>O prefeito de Te\u00f3filo Otoni (MG), Daniel Sucupira, confirmou na manh\u00e3 desta quarta-feira (22\/04\/2020), em pronunciamento ao vivo nas redes sociais, o primeiro caso positivo para Covid-19 (doen\u00e7a causada pelo novo coronav\u00edrus) registrado no munic\u00edpio.<\/p>\n\n\n\n<p>Segundo o Executivo, a paciente, de 37 anos, \u00e9 uma profissional da \u00e1rea da sa\u00fade. O caso tamb\u00e9m foi confirmado no Boletim Epidemiol\u00f3gico da Secretaria de Estado de Sa\u00fade publicado na manh\u00e3 de hoje.<\/p>\n\n\n\n<p>Ainda de acordo com a administra\u00e7\u00e3o municipal, a mulher passa bem e est\u00e1 em casa. Informou ainda que todas as pessoas que tiveram contato com ela est\u00e3o sendo rastreadas e ficar\u00e3o em isolamento domiciliar.<\/p>\n\n\n\n<figure class=\"wp-block-gallery columns-1 is-cropped wp-block-gallery-1 is-layout-flex wp-block-gallery-is-layout-flex\"><ul class=\"blocks-gallery-grid\"><li class=\"blocks-gallery-item\"><figure><img loading=\"lazy\" decoding=\"async\" width=\"678\" height=\"436\" src=\"http:\/\/aconteceunovale.com.br\/portal\/wp-content\/uploads\/2020\/04\/prefeito_teofilo_otoni.jpg\" alt=\"\" data-id=\"161363\" data-full-url=\"http:\/\/aconteceunovale.com.br\/portal\/wp-content\/uploads\/2020\/04\/prefeito_teofilo_otoni.jpg\" data-link=\"http:\/\/aconteceunovale.com.br\/portal\/?attachment_id=161363\" class=\"wp-image-161363\" srcset=\"https:\/\/aconteceunovale.com.br\/portal\/wp-content\/uploads\/2020\/04\/prefeito_teofilo_otoni.jpg 678w, https:\/\/aconteceunovale.com.br\/portal\/wp-content\/uploads\/2020\/04\/prefeito_teofilo_otoni-300x193.jpg 300w, https:\/\/aconteceunovale.com.br\/portal\/wp-content\/uploads\/2020\/04\/prefeito_teofilo_otoni-653x420.jpg 653w\" sizes=\"auto, (max-width: 678px) 100vw, 678px\" \/><figcaption class=\"blocks-gallery-item__caption\"><em>Prefeito Daniel Sucupira e Mafl\u00e1via Aparecida Luiz Ferreira (Secret\u00e1ria Municipal de Sa\u00fade) &#8211; Foto: Reprodu\u00e7\u00e3o\/Redes sociais<\/em><\/figcaption><\/figure><\/li><\/ul><\/figure>\n\n\n\n<p>Apesar do caso ser de uma profissional da \u00e1rea da sa\u00fade, a Prefeitura refor\u00e7ou que ainda n\u00e3o h\u00e1 nenhum paciente com a confirma\u00e7\u00e3o do novo coronav\u00edrus na rede hospitalar do munic\u00edpio. Portanto, n\u00e3o se sabe ainda onde a mulher contraiu o v\u00edrus.<\/p>\n\n\n\n<p>Durante a transmiss\u00e3o, o prefeito Daniel Sucupira (PT) fez um apelo sobre a import\u00e2ncia dos cuidados a serem tomados pela popula\u00e7\u00e3o, e das medidas de combate \u00e0 dissemina\u00e7\u00e3o do v\u00edrus tomadas pela Prefeitura.<\/p>\n\n\n\n<p>\u201cQueria ressaltar a import\u00e2ncia de manter os cuidados. Desde quando n\u00f3s fizemos a primeira reuni\u00e3o aqui no gabinete falando sobre a seriedade da Covid-19, foi justamente para deixar claro que \u00e9 necess\u00e1rio o envolvimento de todos no combate dessa doen\u00e7a. \u00c9 um inimigo invis\u00edvel. Eu sei que muitas pessoas ficaram chateadas com as medidas tomadas pela Prefeitura, mas podem saber, o que fizemos at\u00e9 aqui \u00e9 para evitar a propaga\u00e7\u00e3o desse v\u00edrus\u201d, disse o chefe do Executivo.<\/p>\n\n\n\n<h2 class=\"wp-block-heading\">Boletim epidemiol\u00f3gico<\/h2>\n\n\n\n<figure class=\"wp-block-gallery columns-1 is-cropped wp-block-gallery-2 is-layout-flex wp-block-gallery-is-layout-flex\"><ul class=\"blocks-gallery-grid\"><li class=\"blocks-gallery-item\"><figure><img decoding=\"async\" src=\"http:\/\/aconteceu.info\/pub\/boletim_corona_teo.jpg\" alt=\"\"\/><\/figure><\/li><\/ul><\/figure>\n\n\n\n<h2 class=\"wp-block-heading\">Pronunciamento<\/h2>\n\n\n\n<iframe loading=\"lazy\" width=\"100%\" height=\"400\" src=\"https:\/\/www.youtube.com\/embed\/mpnxtw3CcrM\" frameborder=\"0\" allow=\"accelerometer; autoplay; encrypted-media; gyroscope; picture-in-picture\" allowfullscreen=\"\"><\/iframe>\n\n\n\n<p class=\"has-background has-very-light-gray-background-color\">Quer saber as not\u00edcias do <strong>Aconteceu no Vale<\/strong> em primeira m\u00e3o? Siga-nos no Facebook <a rel=\"noreferrer noopener\" href=\"http:\/\/facebook.com\/aconteceunovale\" target=\"_blank\">@aconteceunovale<\/a>, Twitter <a rel=\"noreferrer noopener\" href=\"https:\/\/twitter.com\/noticiadosvales\" target=\"_blank\">@noticiadosvales<\/a> e Instagram <a rel=\"noreferrer noopener\" href=\"https:\/\/www.instagram.com\/aconteceunovale\" target=\"_blank\">@aconteceunovale<\/a>.<\/p>\n","protected":false},"excerpt":{"rendered":"<p>O prefeito de Te\u00f3filo Otoni (MG), Daniel Sucupira, confirmou na manh\u00e3 desta quarta-feira (22\/04\/2020), em pronunciamento ao vivo nas redes sociais, o primeiro caso positivo para Covid-19 (doen\u00e7a causada pelo novo coronav\u00edrus) registrado no munic\u00edpio. Segundo o Executivo, a paciente, de 37 anos, \u00e9 uma profissional da \u00e1rea da sa\u00fade. O caso tamb\u00e9m foi confirmado [&hellip;]<\/p>\n","protected":false},"author":1,"featured_media":161363,"comment_status":"open","ping_status":"closed","sticky":false,"template":"","format":"standard","meta":{"amp_status":"","footnotes":""},"categories":[40242,122],"tags":[220395,220394,214884,220365,216498,220363,27813,1018,194124,220396,219687,218365,194123,220393,164],"class_list":["post-161362","post","type-post","status-publish","format-standard","has-post-thumbnail","hentry","category-saude-2","category-mucuri","tag-caso-confirmado-de-coronavirus-em-teofilo-otoni","tag-caso-de-coronavirus-em-teofilo-otoni","tag-coronavirus","tag-coronavirus-em-teofilo-otoni","tag-covid-19","tag-covid-19-em-teofilo-otoni","tag-daniel-sucupira","tag-destaque","tag-maflavia-aparecida-luiz-ferreira","tag-paciente-de-teofilo-otoni-com-coronavirus","tag-pandemia-da-covid-19","tag-pandemia-do-coronavirus","tag-prefeito-daniel-sucupira","tag-prefeitura-de-teofilo-otoni-confirma-caso-de-coronavirus","tag-teofilo-otoni"],"_links":{"self":[{"href":"https:\/\/aconteceunovale.com.br\/portal\/index.php?rest_route=\/wp\/v2\/posts\/161362","targetHints":{"allow":["GET"]}}],"collection":[{"href":"https:\/\/aconteceunovale.com.br\/portal\/index.php?rest_route=\/wp\/v2\/posts"}],"about":[{"href":"https:\/\/aconteceunovale.com.br\/portal\/index.php?rest_route=\/wp\/v2\/types\/post"}],"author":[{"embeddable":true,"href":"https:\/\/aconteceunovale.com.br\/portal\/index.php?rest_route=\/wp\/v2\/users\/1"}],"replies":[{"embeddable":true,"href":"https:\/\/aconteceunovale.com.br\/portal\/index.php?rest_route=%2Fwp%2Fv2%2Fcomments&post=161362"}],"version-history":[{"count":3,"href":"https:\/\/aconteceunovale.com.br\/portal\/index.php?rest_route=\/wp\/v2\/posts\/161362\/revisions"}],"predecessor-version":[{"id":161372,"href":"https:\/\/aconteceunovale.com.br\/portal\/index.php?rest_route=\/wp\/v2\/posts\/161362\/revisions\/161372"}],"wp:featuredmedia":[{"embeddable":true,"href":"https:\/\/aconteceunovale.com.br\/portal\/index.php?rest_route=\/wp\/v2\/media\/161363"}],"wp:attachment":[{"href":"https:\/\/aconteceunovale.com.br\/portal\/index.php?rest_route=%2Fwp%2Fv2%2Fmedia&parent=161362"}],"wp:term":[{"taxonomy":"category","embeddable":true,"href":"https:\/\/aconteceunovale.com.br\/portal\/index.php?rest_route=%2Fwp%2Fv2%2Fcategories&post=161362"},{"taxonomy":"post_tag","embeddable":true,"href":"https:\/\/aconteceunovale.com.br\/portal\/index.php?rest_route=%2Fwp%2Fv2%2Ftags&post=161362"}],"curies":[{"name":"wp","href":"https:\/\/api.w.org\/{rel}","templated":true}]}}