{"id":161361,"date":"2020-04-22T11:53:29","date_gmt":"2020-04-22T14:53:29","guid":{"rendered":"http:\/\/aconteceunovale.com.br\/portal\/?p=161361"},"modified":"2020-04-22T11:54:17","modified_gmt":"2020-04-22T14:54:17","slug":"higiene-bucal-pode-ajudar-a-prevenir-complicacoes-da-covid-19","status":"publish","type":"post","link":"https:\/\/aconteceunovale.com.br\/portal\/?p=161361","title":{"rendered":"Higiene bucal pode ajudar a prevenir complica\u00e7\u00f5es da Covid-19"},"content":{"rendered":"\n<p>Diante da pandemia do novo coronav\u00edrus, uma das maiores preocupa\u00e7\u00f5es \u00e9 cuidar da higiene, principalmente das m\u00e3os. Mas a higiene bucal tamb\u00e9m deve ser intensificada, j\u00e1 que uma das portas principais de entrada do v\u00edrus \u00e9 a boca.<\/p>\n\n\n\n<p>Manter uma boa higiene bucal \u00e9 tamb\u00e9m importante forma de preven\u00e7\u00e3o de doen\u00e7as nesta pandemia. E o cuidado redobrado com a higiene das m\u00e3os \u00e9 de extrema import\u00e2ncia para a sa\u00fade bucal. \u201cComo as m\u00e3os v\u00e3o ser imprescind\u00edveis para o uso do fio dental, do higienizador da&nbsp;l\u00edngua e da escova de dentes, \u00e9 importante que estejam bem limpas, para que a gente possa lev\u00e1-las at\u00e9 a cavidade bucal\u201d, explica o professor Vin\u00edcius Pedrazzi, da Faculdade de Odontologia de Ribeir\u00e3o Preto (Forp), da Universidade de S\u00e3o Paulo (USP).<\/p>\n\n\n\n<p>O professor esclarece que o estado de sa\u00fade do paciente que tenha contra\u00eddo a covid-19 pode ser agravado, caso sua higiene bucal n\u00e3o seja realizada da maneira correta. Ele lembra que uma boa higieniza\u00e7\u00e3o da boca pode evitar, principalmente, problemas pulmonares que tornam a doen\u00e7a ainda mais perigosa.<\/p>\n\n\n\n<p>\u201c\u00c9 muito importante que n\u00f3s fa\u00e7amos a higieniza\u00e7\u00e3o correta da l\u00edngua e de todos os dentes, mas com cuidado muito especial para os molares, aqueles mais pr\u00f3ximos da faringe, para evitar a pneumonia por aspira\u00e7\u00e3o. Ent\u00e3o, para prevenir quem est\u00e1 com coronav\u00edrus, e mesmo quem n\u00e3o tenha a doen\u00e7a, do&nbsp;agravamento&nbsp;de infec\u00e7\u00f5es pulmonares, \u00e9 imprescind\u00edvel a higieniza\u00e7\u00e3o bucal correta\u201d, destacou.<\/p>\n\n\n\n<h2 class=\"wp-block-heading\">Escova dental<\/h2>\n\n\n\n<p>Outro alerta de Pedrazzi \u00e9 para a troca da escova dental, que deve ser feita sempre que uma pessoa estiver se recuperando de alguma infec\u00e7\u00e3o, para evitar risco de recontamina\u00e7\u00e3o, al\u00e9m do uso di\u00e1rio do fio dental e do enxaguante bucal.<\/p>\n\n\n\n<p>O professor diz que essas medidas s\u00e3o espec\u00edficas para a higiene bucal durante esse per\u00edodo do novo coronav\u00edrus, mas que devem ser levadas para o resto da vida, j\u00e1 que a qualquer momento as pessoas podem ser infectadas por outro v\u00edrus.<\/p>\n\n\n\n<p>Outra dica importante \u00e9 a forma correta de cuidar das escovas dentais e dos higienizadores de l\u00edngua, mantendo-os imersos em solu\u00e7\u00e3o desinfetante, \u00e0 base de \u00e1gua e enxaguante bucal, para evitar a reinfec\u00e7\u00e3o ap\u00f3s cada uso.<\/p>\n\n\n\n<p class=\"has-background has-very-light-gray-background-color\">Quer saber as not\u00edcias do <strong>Aconteceu no Vale<\/strong> em primeira m\u00e3o? Siga-nos no Facebook <a rel=\"noreferrer noopener\" href=\"http:\/\/facebook.com\/aconteceunovale\" target=\"_blank\">@aconteceunovale<\/a>, Twitter <a rel=\"noreferrer noopener\" href=\"https:\/\/twitter.com\/noticiadosvales\" target=\"_blank\">@noticiadosvales<\/a> e Instagram <a rel=\"noreferrer noopener\" href=\"https:\/\/www.instagram.com\/aconteceunovale\" target=\"_blank\">@aconteceunovale<\/a>.<\/p>\n","protected":false},"excerpt":{"rendered":"<p>Diante da pandemia do novo coronav\u00edrus, uma das maiores preocupa\u00e7\u00f5es \u00e9 cuidar da higiene, principalmente das m\u00e3os. Mas a higiene bucal tamb\u00e9m deve ser intensificada, j\u00e1 que uma das portas principais de entrada do v\u00edrus \u00e9 a boca. Manter uma boa higiene bucal \u00e9 tamb\u00e9m importante forma de preven\u00e7\u00e3o de doen\u00e7as nesta pandemia. E o [&hellip;]<\/p>\n","protected":false},"author":1,"featured_media":161365,"comment_status":"open","ping_status":"closed","sticky":false,"template":"","format":"standard","meta":{"amp_status":"","footnotes":""},"categories":[6,40242],"tags":[220399,214884,216498,220402,220401,220400,220397,79937,46670,220398],"class_list":["post-161361","post","type-post","status-publish","format-standard","has-post-thumbnail","hentry","category-br","category-saude-2","tag-complicacoes-da-covid-19","tag-coronavirus","tag-covid-19","tag-faculdade-de-odontologia-de-ribeirao-preto","tag-forp","tag-higiene-bucal","tag-higienizacao-bucal","tag-universidade-de-sao-paulo","tag-usp","tag-vinicius-pedrazzi"],"_links":{"self":[{"href":"https:\/\/aconteceunovale.com.br\/portal\/index.php?rest_route=\/wp\/v2\/posts\/161361","targetHints":{"allow":["GET"]}}],"collection":[{"href":"https:\/\/aconteceunovale.com.br\/portal\/index.php?rest_route=\/wp\/v2\/posts"}],"about":[{"href":"https:\/\/aconteceunovale.com.br\/portal\/index.php?rest_route=\/wp\/v2\/types\/post"}],"author":[{"embeddable":true,"href":"https:\/\/aconteceunovale.com.br\/portal\/index.php?rest_route=\/wp\/v2\/users\/1"}],"replies":[{"embeddable":true,"href":"https:\/\/aconteceunovale.com.br\/portal\/index.php?rest_route=%2Fwp%2Fv2%2Fcomments&post=161361"}],"version-history":[{"count":1,"href":"https:\/\/aconteceunovale.com.br\/portal\/index.php?rest_route=\/wp\/v2\/posts\/161361\/revisions"}],"predecessor-version":[{"id":161366,"href":"https:\/\/aconteceunovale.com.br\/portal\/index.php?rest_route=\/wp\/v2\/posts\/161361\/revisions\/161366"}],"wp:featuredmedia":[{"embeddable":true,"href":"https:\/\/aconteceunovale.com.br\/portal\/index.php?rest_route=\/wp\/v2\/media\/161365"}],"wp:attachment":[{"href":"https:\/\/aconteceunovale.com.br\/portal\/index.php?rest_route=%2Fwp%2Fv2%2Fmedia&parent=161361"}],"wp:term":[{"taxonomy":"category","embeddable":true,"href":"https:\/\/aconteceunovale.com.br\/portal\/index.php?rest_route=%2Fwp%2Fv2%2Fcategories&post=161361"},{"taxonomy":"post_tag","embeddable":true,"href":"https:\/\/aconteceunovale.com.br\/portal\/index.php?rest_route=%2Fwp%2Fv2%2Ftags&post=161361"}],"curies":[{"name":"wp","href":"https:\/\/api.w.org\/{rel}","templated":true}]}}