{"id":161354,"date":"2020-04-22T00:17:49","date_gmt":"2020-04-22T03:17:49","guid":{"rendered":"http:\/\/aconteceunovale.com.br\/portal\/?p=161354"},"modified":"2020-04-22T00:30:50","modified_gmt":"2020-04-22T03:30:50","slug":"manaus-enterra-vitimas-da-covid-19-em-valas-comuns","status":"publish","type":"post","link":"https:\/\/aconteceunovale.com.br\/portal\/?p=161354","title":{"rendered":"Manaus enterra v\u00edtimas da Covid-19 em valas comuns"},"content":{"rendered":"\n<p>Ap\u00f3s anunciar a instala\u00e7\u00e3o de cont\u00eaineres frigor\u00edficos no cemit\u00e9rio p\u00fablico Nossa Senhora Aparecida, no bairro Tarum\u00e3, a Prefeitura de Manaus informou nesta ter\u00e7a-feira (21\/04\/2020) que est\u00e1 fazendo valas comuns, chamadas pelo \u00f3rg\u00e3o de trincheiras, para enterrar v\u00edtimas do novo coronav\u00edrus. Conforme boletim divulgado hoje, a cidade possui 163 \u00f3bitos por Covid-19. No Estado do Amazonas, no total, s\u00e3o 2.270 casos confirmados da doen\u00e7a e 197 mortes.<\/p>\n\n\n\n<p>O r\u00e1pido aumento de mortes por Covid-19 no estado fez com que dezenas de covas fossem abertas no mesmo cemit\u00e9rio. Segundo informa\u00e7\u00f5es da prefeitura, desde mar\u00e7o, houve um acr\u00e9scimo de aproximadamente 50% na demanda. Cart\u00f3rios da capital tamb\u00e9m estenderam o regime de plant\u00e3o para atender alta demanda de registro de \u00f3bito.<\/p>\n\n\n\n<p>A Prefeitura de Manaus informou, por meio de nota divulgada nesta ter\u00e7a-feira (21), que devido ao grande aumento no n\u00famero de sepultamentos realizados no cemit\u00e9rio, a Secretaria Municipal de Limpeza Urbana adotou o sistema de trincheiras para realizar o enterro das v\u00edtimas de Covid-19.<\/p>\n\n\n\n<p>&#8220;A metodologia, j\u00e1 utilizada em outros pa\u00edses, preserva a identidade dos corpos e os la\u00e7os familiares, com o distanciamento entre os caix\u00f5es e com a identifica\u00e7\u00e3o das sepulturas. A medida foi necess\u00e1ria para atender a demanda de sepultamentos na capital&#8221;, diz a nota.<\/p>\n\n\n\n<figure class=\"wp-block-gallery columns-1 is-cropped wp-block-gallery-1 is-layout-flex wp-block-gallery-is-layout-flex\"><ul class=\"blocks-gallery-grid\"><li class=\"blocks-gallery-item\"><figure><img decoding=\"async\" src=\"http:\/\/aconteceu.info\/pub\/vala_amazonas.jpeg\" alt=\"\"\/><figcaption class=\"blocks-gallery-item__caption\"><em>Valas comuns s\u00e3o abertas para enterrar v\u00edtimas da Covid-19 em Manaus &#8211; Foto: Reprodu\u00e7\u00e3o\/Internet<\/em><\/figcaption><\/figure><\/li><\/ul><\/figure>\n\n\n\n<p>Na segunda-feira (20), a administra\u00e7\u00e3o municipal de Manaus informou sobre a instala\u00e7\u00e3o de cont\u00eaineres frigor\u00edficos no cemit\u00e9rio para comportar caix\u00f5es que aguardavam sepultamento.<\/p>\n\n\n\n<p>A medida visa dar mais agilidade ao servi\u00e7o SOS Funeral, que \u00e9 o \u00fanico dispon\u00edvel para popula\u00e7\u00e3o mais vulner\u00e1vel financeiramente de forma gratuita.<\/p>\n\n\n\n<p>&#8220;As c\u00e2maras est\u00e3o sendo utilizadas para o armazenamento dos caix\u00f5es, enquanto os familiares aguardam o momento do enterro, sem a necessidade do ve\u00edculo do SOS Funeral ficar aguardando a libera\u00e7\u00e3o, j\u00e1 podendo retornar \u00e0 base para novo chamado&#8221;, pontua a nota da Secretaria Municipal de Limpeza Urbana.<\/p>\n\n\n\n<p>Cont\u00eaineres frigor\u00edficos tamb\u00e9m foram instalados, pelo Governo do Amazonas, em unidades hospitalares de Manaus, ap\u00f3s a repercuss\u00e3o de um v\u00eddeo que mostra corpos com suspeita de Covid-19 posicionados dentro do Hospital Jo\u00e3o L\u00facio, Zona Leste, ao lado de pacientes internados.<\/p>\n\n\n\n<h2 class=\"wp-block-heading\">V\u00eddeo<\/h2>\n\n\n\n<figure><iframe loading=\"lazy\" width=\"100%\" height=\"400\" src=\"https:\/\/www.youtube.com\/embed\/rRK0w7QuDoM\" allowfullscreen=\"\"><\/iframe><\/figure>\n\n\n\n<h2 class=\"wp-block-heading\">Pacientes morrem \u00e0 espera de leito<\/h2>\n\n\n\n<p>Internada h\u00e1 quatro dias na rede p\u00fablica de sa\u00fade do Amazonas, Dona Maria das Gra\u00e7as, de 63 anos de idade, morreu com suspeita de Covid-19 nessa segunda-feira (20). Ela esperava uma transfer\u00eancia de hospital para ter acesso a uma Unidade de Tratamento Intensivo (UTI), mas foi a \u00f3bito antes de conseguir. A fam\u00edlia denunciou descaso m\u00e9dico no caso.<\/p>\n\n\n\n<p>A filha, em entrevista \u00e0 Rede Amaz\u00f4nica, denunciou descaso de m\u00e9dicos e enfermeiros. &#8221;Foi uma espera angustiante do in\u00edcio ao fim&#8221;, comentou.<\/p>\n\n\n\n<p>A Secretaria de Sa\u00fade do Estado (Susam) afirmou que a paciente seria transferida do SPA do S\u00e3o Raimundo, em Manaus, para o hospital universit\u00e1rio Get\u00falio Vargas &#8211; tamb\u00e9m na capital. A transfer\u00eancia nunca aconteceu, com o agravamento do caso.<\/p>\n\n\n\n<p>O sistema de sa\u00fade da rede p\u00fablica do Amazonas sofre um colapso iminente e j\u00e1 tem 91% dos leitos de UTI ocupados. At\u00e9 esta segunda-feira, segundo o governo, entre casos confirmados e suspeitos de Covid-19, h\u00e1 815 pacientes internados no estado.<\/p>\n\n\n\n<p>Segundo o estado, atualmente, o Amazonas possui 682 respiradores cadastrados no Cadastro Nacional de Estabelecimentos de Sa\u00fade (CNES). Desse n\u00famero, 232 est\u00e3o voltados para o atendimento de pacientes com Covid-19, sendo 66% dispon\u00edveis para a pandemia.<\/p>\n\n\n\n<p>Ap\u00f3s den\u00fancias, o Minist\u00e9rio P\u00fablico de Contas do Estado do Amazonas iniciou uma investiga\u00e7\u00e3o e cobra respostas do governo sobre a compra de 28 respiradores pulmonares para a rede p\u00fablica de sa\u00fade no valor de R$ 2 milh\u00f5es e 970 mil. O MPC informou que o custo teve uma m\u00e9dia de R$ 106 mil e 200 por unidade.<\/p>\n\n\n\n<p>De acordo com o documento do Gabinete do Procurador Geral de Contas, assinado por Jo\u00e3o Barroso de Souza, o Governo Federal tem adquirido os mesmos respiradores ao pre\u00e7o unit\u00e1rio de R$ 57.300. O procurador-geral relata que o valor \u00e9 quase metade do pre\u00e7o dos equipamentos que o Amazonas adquiriu.<\/p>\n\n\n\n<p class=\"has-background has-very-light-gray-background-color\">Quer saber as not\u00edcias do <strong>Aconteceu no Vale<\/strong> em primeira m\u00e3o? Siga-nos no Facebook <a rel=\"noreferrer noopener\" href=\"http:\/\/facebook.com\/aconteceunovale\" target=\"_blank\">@aconteceunovale<\/a>, Twitter <a rel=\"noreferrer noopener\" href=\"https:\/\/twitter.com\/noticiadosvales\" target=\"_blank\">@noticiadosvales<\/a> e Instagram <a rel=\"noreferrer noopener\" href=\"https:\/\/www.instagram.com\/aconteceunovale\" target=\"_blank\">@aconteceunovale<\/a>.<\/p>\n","protected":false},"excerpt":{"rendered":"<p>Ap\u00f3s anunciar a instala\u00e7\u00e3o de cont\u00eaineres frigor\u00edficos no cemit\u00e9rio p\u00fablico Nossa Senhora Aparecida, no bairro Tarum\u00e3, a Prefeitura de Manaus informou nesta ter\u00e7a-feira (21\/04\/2020) que est\u00e1 fazendo valas comuns, chamadas pelo \u00f3rg\u00e3o de trincheiras, para enterrar v\u00edtimas do novo coronav\u00edrus. Conforme boletim divulgado hoje, a cidade possui 163 \u00f3bitos por Covid-19. No Estado do Amazonas, [&hellip;]<\/p>\n","protected":false},"author":1,"featured_media":161355,"comment_status":"open","ping_status":"closed","sticky":false,"template":"","format":"standard","meta":{"amp_status":"","footnotes":""},"categories":[6,40242],"tags":[15952,220372,220382,220369,220381,220370,220384,220373,220383,220371,214884,219597,220376,216498,219595,220374,23427,220378,140166,220386,220377,220385,220375,220379,220387,220380,220368],"class_list":["post-161354","post","type-post","status-publish","format-standard","has-post-thumbnail","hentry","category-br","category-saude-2","tag-amazonas","tag-amazonas-enterra-vitimas-da-covid-19-em-valas-comuns","tag-colapso-do-sistema-de-saude-em-manaus","tag-colapso-do-sistema-de-saude-no-amazonas","tag-colapso-do-sistema-funerario-em-manaus","tag-colapso-do-sistema-funerario-no-amazonas","tag-colapso-em-cemiterios-de-manaus","tag-colapso-em-cemiterios-do-amazonas","tag-colapso-em-manaus","tag-colapso-no-amazonas","tag-coronavirus","tag-coronavirus-em-manaus","tag-coronavirus-no-amazonas","tag-covid-19","tag-covid-19-em-manaus","tag-covid-19-no-amazonas","tag-manaus","tag-manaus-enterra-vitimas-da-covid-19-em-valas-comuns","tag-pandemia","tag-pandemia-do-coronavirus-em-manaus","tag-pandemia-do-coronavirus-no-amazonas","tag-situacao-do-coronavirus-em-manaus","tag-situacao-do-coronavirus-no-amazonas","tag-valas-comuns-amazonas","tag-valas-comuns-manaus","tag-valas-comuns-sao-abertas-para-enterrar-vitimas-da-covid-19-em-manaus","tag-valas-comuns-sao-abertas-para-enterrar-vitimas-da-covid-19-no-amazonas"],"_links":{"self":[{"href":"https:\/\/aconteceunovale.com.br\/portal\/index.php?rest_route=\/wp\/v2\/posts\/161354","targetHints":{"allow":["GET"]}}],"collection":[{"href":"https:\/\/aconteceunovale.com.br\/portal\/index.php?rest_route=\/wp\/v2\/posts"}],"about":[{"href":"https:\/\/aconteceunovale.com.br\/portal\/index.php?rest_route=\/wp\/v2\/types\/post"}],"author":[{"embeddable":true,"href":"https:\/\/aconteceunovale.com.br\/portal\/index.php?rest_route=\/wp\/v2\/users\/1"}],"replies":[{"embeddable":true,"href":"https:\/\/aconteceunovale.com.br\/portal\/index.php?rest_route=%2Fwp%2Fv2%2Fcomments&post=161354"}],"version-history":[{"count":2,"href":"https:\/\/aconteceunovale.com.br\/portal\/index.php?rest_route=\/wp\/v2\/posts\/161354\/revisions"}],"predecessor-version":[{"id":161357,"href":"https:\/\/aconteceunovale.com.br\/portal\/index.php?rest_route=\/wp\/v2\/posts\/161354\/revisions\/161357"}],"wp:featuredmedia":[{"embeddable":true,"href":"https:\/\/aconteceunovale.com.br\/portal\/index.php?rest_route=\/wp\/v2\/media\/161355"}],"wp:attachment":[{"href":"https:\/\/aconteceunovale.com.br\/portal\/index.php?rest_route=%2Fwp%2Fv2%2Fmedia&parent=161354"}],"wp:term":[{"taxonomy":"category","embeddable":true,"href":"https:\/\/aconteceunovale.com.br\/portal\/index.php?rest_route=%2Fwp%2Fv2%2Fcategories&post=161354"},{"taxonomy":"post_tag","embeddable":true,"href":"https:\/\/aconteceunovale.com.br\/portal\/index.php?rest_route=%2Fwp%2Fv2%2Ftags&post=161354"}],"curies":[{"name":"wp","href":"https:\/\/api.w.org\/{rel}","templated":true}]}}