{"id":161351,"date":"2020-04-21T23:40:13","date_gmt":"2020-04-22T02:40:13","guid":{"rendered":"http:\/\/aconteceunovale.com.br\/portal\/?p=161351"},"modified":"2020-04-21T23:40:38","modified_gmt":"2020-04-22T02:40:38","slug":"comercio-de-teofilo-otoni-reabrira-com-escala-e-horario-reduzido","status":"publish","type":"post","link":"https:\/\/aconteceunovale.com.br\/portal\/?p=161351","title":{"rendered":"Com\u00e9rcio de Te\u00f3filo Otoni reabrir\u00e1 com escala e hor\u00e1rio reduzido"},"content":{"rendered":"\n<p>Sem nenhum caso da Covid-19 confirmado at\u00e9 ent\u00e3o, a Prefeitura de Te\u00f3filo Otoni, no Vale do Mucuri, resolveu flexibilizar o isolamento social. A partir da pr\u00f3xima quarta-feira (22\/4\/2020), parte do com\u00e9rcio da cidade poder\u00e1 voltar a funcionar, em escala reduzida de hor\u00e1rio.<\/p>\n\n\n\n<p>O decreto municipal mant\u00e9m a proibi\u00e7\u00e3o do funcionamento de bares, restaurantes, academias e escolas da cidade, mas libera, por exemplo, a realiza\u00e7\u00e3o de missas e cultos religiosos, desde que eles sejam realizados com a presen\u00e7a de, no m\u00e1ximo, 30 pessoas. As feiras de pequenos agricultores, realizadas aos s\u00e1bados, tamb\u00e9m voltar\u00e3o a acontecer, mas com n\u00famero controlado de pessoas.&nbsp;<\/p>\n\n\n\n<p>A atividade de sal\u00f5es de beleza e cl\u00ednicas de est\u00e9tica tamb\u00e9m ser\u00e1 liberada mediante agendamento dos clientes. Parte das lojas dever\u00e1 abrir suas portas das 8h \u00e0s 12h, enquanto outras poder\u00e3o funcionar somente das 14h \u00e0s 18h.<\/p>\n\n\n\n<p><strong>M\u00e1scaras e distanciamento social<\/strong><\/p>\n\n\n\n<p>Todos devem utilizar m\u00e1scaras, e caber\u00e1 aos estabelecimentos controlar o fluxo de clientes e respeitar uma dist\u00e2ncia m\u00ednima de 5 m\u00b2 entre as pessoas.&nbsp;A prefeitura admitiu que n\u00e3o tem como fiscalizar a reabertura do com\u00e9rcio em toda a cidade e diz confiar na consci\u00eancia da popula\u00e7\u00e3o.&nbsp;<\/p>\n\n\n\n<p>&#8220;\u00c9 dif\u00edcil fazer o papel que o prefeito tem que fazer, mas, caso esses crit\u00e9rios n\u00e3o sejam cumpridos, esse decreto vai ser revogado e o com\u00e9rcio vai ser fechado novamente&#8221;, avisou o prefeito de Te\u00f3filo Otoni, Daniel Sucupira (PT).&nbsp;<\/p>\n\n\n\n<p>At\u00e9 ontem, a cidade do Vale do Mucuri tinha registrado 179 notifica\u00e7\u00f5es de suspeitas da Covid-19. Segundo a prefeitura, tr\u00eas est\u00e3o sob investiga\u00e7\u00e3o, 48 foram descartados e 90 eram de gripe comum. At\u00e9 ent\u00e3o, n\u00e3o h\u00e1 nenhum caso confirmado da doen\u00e7a.<\/p>\n\n\n\n<p><strong>Confira o decreto<\/strong><\/p>\n\n\n\n<figure class=\"wp-block-image size-large\"><img decoding=\"async\" src=\"http:\/\/aconteceu.info\/pub\/decreto_teo_1.jpg\" alt=\"\"\/><\/figure>\n\n\n\n<figure class=\"wp-block-image size-large\"><img decoding=\"async\" src=\"http:\/\/aconteceu.info\/pub\/decreto_teo_2.jpg\" alt=\"\"\/><\/figure>\n\n\n\n<figure class=\"wp-block-image size-large\"><img decoding=\"async\" src=\"http:\/\/aconteceu.info\/pub\/decreto_teo_3.jpg\" alt=\"\"\/><\/figure>\n\n\n\n<figure class=\"wp-block-image size-large\"><img decoding=\"async\" src=\"http:\/\/aconteceu.info\/pub\/decreto_teo_4.jpg\" alt=\"\"\/><\/figure>\n\n\n\n<figure class=\"wp-block-image size-large\"><img decoding=\"async\" src=\"http:\/\/aconteceu.info\/pub\/decreto_teo_5.jpg\" alt=\"\"\/><\/figure>\n\n\n\n<p class=\"has-background has-very-light-gray-background-color\">Quer saber as not\u00edcias do <strong>Aconteceu no Vale<\/strong> em primeira m\u00e3o? Siga-nos no Facebook <a rel=\"noreferrer noopener\" href=\"http:\/\/facebook.com\/aconteceunovale\" target=\"_blank\">@aconteceunovale<\/a>, Twitter <a rel=\"noreferrer noopener\" href=\"https:\/\/twitter.com\/noticiadosvales\" target=\"_blank\">@noticiadosvales<\/a> e Instagram <a rel=\"noreferrer noopener\" href=\"https:\/\/www.instagram.com\/aconteceunovale\" target=\"_blank\">@aconteceunovale<\/a>.<\/p>\n","protected":false},"excerpt":{"rendered":"<p>Sem nenhum caso da Covid-19 confirmado at\u00e9 ent\u00e3o, a Prefeitura de Te\u00f3filo Otoni, no Vale do Mucuri, resolveu flexibilizar o isolamento social. A partir da pr\u00f3xima quarta-feira (22\/4\/2020), parte do com\u00e9rcio da cidade poder\u00e1 voltar a funcionar, em escala reduzida de hor\u00e1rio. O decreto municipal mant\u00e9m a proibi\u00e7\u00e3o do funcionamento de bares, restaurantes, academias e [&hellip;]<\/p>\n","protected":false},"author":1,"featured_media":161352,"comment_status":"open","ping_status":"closed","sticky":false,"template":"","format":"standard","meta":{"amp_status":"","footnotes":""},"categories":[122],"tags":[220367,220365,220363,27813,220366,220364,15767,52483,164],"class_list":["post-161351","post","type-post","status-publish","format-standard","has-post-thumbnail","hentry","category-mucuri","tag-comercio-de-teofilo-otoni-reabrira-com-escala-e-horario-reduzido","tag-coronavirus-em-teofilo-otoni","tag-covid-19-em-teofilo-otoni","tag-daniel-sucupira","tag-funcionamento-do-comercio-em-teofilo-otoni","tag-horario-de-funcionamento-do-comercio-em-teofilo-otoni","tag-prefeito-de-teofilo-otoni","tag-prefeitura-de-teofilo-otoni","tag-teofilo-otoni"],"_links":{"self":[{"href":"https:\/\/aconteceunovale.com.br\/portal\/index.php?rest_route=\/wp\/v2\/posts\/161351","targetHints":{"allow":["GET"]}}],"collection":[{"href":"https:\/\/aconteceunovale.com.br\/portal\/index.php?rest_route=\/wp\/v2\/posts"}],"about":[{"href":"https:\/\/aconteceunovale.com.br\/portal\/index.php?rest_route=\/wp\/v2\/types\/post"}],"author":[{"embeddable":true,"href":"https:\/\/aconteceunovale.com.br\/portal\/index.php?rest_route=\/wp\/v2\/users\/1"}],"replies":[{"embeddable":true,"href":"https:\/\/aconteceunovale.com.br\/portal\/index.php?rest_route=%2Fwp%2Fv2%2Fcomments&post=161351"}],"version-history":[{"count":1,"href":"https:\/\/aconteceunovale.com.br\/portal\/index.php?rest_route=\/wp\/v2\/posts\/161351\/revisions"}],"predecessor-version":[{"id":161353,"href":"https:\/\/aconteceunovale.com.br\/portal\/index.php?rest_route=\/wp\/v2\/posts\/161351\/revisions\/161353"}],"wp:featuredmedia":[{"embeddable":true,"href":"https:\/\/aconteceunovale.com.br\/portal\/index.php?rest_route=\/wp\/v2\/media\/161352"}],"wp:attachment":[{"href":"https:\/\/aconteceunovale.com.br\/portal\/index.php?rest_route=%2Fwp%2Fv2%2Fmedia&parent=161351"}],"wp:term":[{"taxonomy":"category","embeddable":true,"href":"https:\/\/aconteceunovale.com.br\/portal\/index.php?rest_route=%2Fwp%2Fv2%2Fcategories&post=161351"},{"taxonomy":"post_tag","embeddable":true,"href":"https:\/\/aconteceunovale.com.br\/portal\/index.php?rest_route=%2Fwp%2Fv2%2Ftags&post=161351"}],"curies":[{"name":"wp","href":"https:\/\/api.w.org\/{rel}","templated":true}]}}