{"id":161344,"date":"2020-04-21T23:07:45","date_gmt":"2020-04-22T02:07:45","guid":{"rendered":"http:\/\/aconteceunovale.com.br\/portal\/?p=161344"},"modified":"2020-04-21T23:13:11","modified_gmt":"2020-04-22T02:13:11","slug":"covid-19-ja-chegou-a-28-municipios-de-minas-gerais-onde-nao-ha-respiradores","status":"publish","type":"post","link":"https:\/\/aconteceunovale.com.br\/portal\/?p=161344","title":{"rendered":"Covid-19 j\u00e1 chegou a 28 munic\u00edpios de Minas Gerais onde n\u00e3o h\u00e1 respiradores"},"content":{"rendered":"\n<p>A dissemina\u00e7\u00e3o da Covid-19 em dire\u00e7\u00e3o ao interior de Minas Gerais vem ratificando uma das principais preocupa\u00e7\u00f5es das autoridades: a oferta de respiradores mec\u00e2nicos, tamb\u00e9m conhecidos como ventiladores pulmonares. Segundo os dados oficiais at\u00e9 esta ter\u00e7a-feira (21\/04\/2020), j\u00e1 h\u00e1 casos confirmados da doen\u00e7a em 28 munic\u00edpios que n\u00e3o disp\u00f5em de nenhum equipamento.<\/p>\n\n\n\n<p>A an\u00e1lise foi realizada pelo Coronavirus-MG.com.br com informa\u00e7\u00f5es do Sistema \u00danico de Sa\u00fade (SUS) e da Secretaria de Estado de Sa\u00fade (SES). As 28 cidades desprovidas do aparelho representam 20,7% do total de localidades com diagn\u00f3sticos registrados at\u00e9 este momento (135).<\/p>\n\n\n\n<p>Em tr\u00eas desses munic\u00edpios, a pandemia j\u00e1 provocou mortes: Belmiro Braga (Zona da Mata), Bonfim (Metropolitana) e Varzel\u00e2ndia (Norte). As v\u00edtimas apresentavam comorbidade (outras doen\u00e7as graves), mas n\u00e3o se sabe se a falta de respiradores influenciou ou n\u00e3o nos \u00f3bitos nem se elas estavam sendo atendidas nas pr\u00f3prias cidades \u2014 o estado divulga os n\u00fameros conforme o local de resid\u00eancia dos pacientes.<\/p>\n\n\n\n<p>Para entender melhor esses dados, a an\u00e1lise levou em conta o Plano Diretor de Regionaliza\u00e7\u00e3o, ou seja, a divis\u00e3o administrativa que re\u00fane as cidades em microrregi\u00f5es de sa\u00fade. Este \u00e9 um fator importante pois, al\u00e9m da proximidade e conectividade entre si, esses munic\u00edpios compartilham os recursos dispon\u00edveis na rede assistencial.<\/p>\n\n\n\n<figure><iframe loading=\"lazy\" src=\"\/\/datawrapper.dwcdn.net\/XHgjt\/2\/\" allowfullscreen=\"\" width=\"600\" height=\"550\"><\/iframe><\/figure>\n\n\n\n<p>Quatro das 89 microrregi\u00f5es do Estado n\u00e3o possuem respiradores dispon\u00edveis, de acordo com os dados oficiais do SUS: Bocai\u00fava, Francisco S\u00e1, Guanh\u00e3es e Serro, totalizando 26 munic\u00edpios.<\/p>\n\n\n\n<p>No outro extremo, as microrregi\u00f5es com as maiores m\u00e9dias de ventiladores pulmonares a cada 100 mil habitantes s\u00e3o as de Juiz de Fora (57,1), Belo Horizonte (53,7), Uberaba (50,7), Po\u00e7os de Caldas (49,9), Uberl\u00e2ndia (44,9) e Montes Claros (44,9).<\/p>\n\n\n\n<p>Segundo os \u00faltimos n\u00fameros do Cadastro Nacional de Estabelecimentos de Sa\u00fade (CNES), Minas possui um total de 6.263 respiradores, considerando as redes p\u00fablica e privada. Destes, 5.926 est\u00e3o aptos para uso, enquanto os outros 337 encontram-se quebrados, em manuten\u00e7\u00e3o ou <em>stand by<\/em>, por exemplo.<\/p>\n\n\n\n<p>Considerando apenas os respiradores existentes em estabelecimentos administrados por \u00f3rg\u00e3os p\u00fablicos, h\u00e1 4.657 aparelhos no estado, sendo 4.366 deles dispon\u00edveis para uso.<\/p>\n\n\n\n<iframe loading=\"lazy\" src=\"\/\/datawrapper.dwcdn.net\/Vb3ln\/1\/\" allowfullscreen=\"\" width=\"600\" height=\"550\"><\/iframe><\/figure>\n\n\n\n<p><strong>Refor\u00e7o<\/strong><\/p>\n\n\n\n<p>De acordo com a Secretaria de Sa\u00fade, existem atualmente 220 respiradores inabilitados sendo reparados para refor\u00e7ar o atendimento aos pacientes em tratamento com Covid-19. <\/p>\n\n\n\n<p>No dia 13 de abril, a Advocacia-Geral do Estado (AGE) tamb\u00e9m conseguiu junto \u00e0 Justi\u00e7a Federal a libera\u00e7\u00e3o de R$ 84 milh\u00f5es para a compra de at\u00e9 1.600 novos aparelhos. O valor \u00e9 parte da quantia que se encontra depositada em ju\u00edzo pela Samarco a t\u00edtulo de garantia pelo desastre na barragem de Mariana, ocorrido em 2015.<\/p>\n\n\n\n<p><em>Nota<\/em><\/p>\n\n\n\n<p><em>Os 28 munic\u00edpios sem respiradores s\u00e3o: Alpercata; Belmiro Braga; Bonfim; Carmo do Cajuru; Divin\u00e9sia; Esp\u00edrito Santo do Dourado; Ferros; Goian\u00e1; Guimar\u00e2nia; Ipaba; Itaguara; Jeceaba; M\u00e1rio Campos; Marip\u00e1 de Minas; Marli\u00e9ria; Monte Azul; Munhoz; Porto Firme; Santa Maria de Itabira; Santana do Para\u00edso; S\u00e3o Br\u00e1s do Sua\u00e7u\u00ed; S\u00e3o Jos\u00e9 da Lapa; Sarzedo; Senador Amaral; Sobr\u00e1lia; Toledo; Varzel\u00e2ndia e Vazante.<\/em><\/p>\n\n\n\n<p><em>\u00c9 importante destacar que h\u00e1 uma pequena diferen\u00e7a entre os \u00faltimos n\u00fameros oficiais do SUS e os divulgados atualmente pela Secretaria de Sa\u00fade de Minas Gerais. O governo do estado, por\u00e9m, n\u00e3o informa esses dados detalhados por munic\u00edpio ou microrregi\u00e3o. Os n\u00fameros da SES s\u00e3o os seguintes: <\/em><\/p>\n\n\n\n<p><em>Respiradores: 6.303 (+0,64%) <\/em><\/p>\n\n\n\n<p><em>Respiradores dispon\u00edveis: 5.964 (+0,64%) <\/em><\/p>\n\n\n\n<p><em>Respiradores na rede p\u00fablica: 4.761 (+2,2%) <\/em><\/p>\n\n\n\n<p><em>Respiradores dispon\u00edveis na rede p\u00fablica: 4.473 (+2,4%)<\/em><\/p>\n\n\n\n<p class=\"has-background has-very-light-gray-background-color\">Quer saber as not\u00edcias do <strong>Aconteceu no Vale<\/strong> em primeira m\u00e3o? Siga-nos no Facebook <a rel=\"noreferrer noopener\" href=\"http:\/\/facebook.com\/aconteceunovale\" target=\"_blank\">@aconteceunovale<\/a>, Twitter <a rel=\"noreferrer noopener\" href=\"https:\/\/twitter.com\/noticiadosvales\" target=\"_blank\">@noticiadosvales<\/a> e Instagram <a rel=\"noreferrer noopener\" href=\"https:\/\/www.instagram.com\/aconteceunovale\" target=\"_blank\">@aconteceunovale<\/a>.<\/p>\n","protected":false},"excerpt":{"rendered":"<p>A dissemina\u00e7\u00e3o da Covid-19 em dire\u00e7\u00e3o ao interior de Minas Gerais vem ratificando uma das principais preocupa\u00e7\u00f5es das autoridades: a oferta de respiradores mec\u00e2nicos, tamb\u00e9m conhecidos como ventiladores pulmonares. Segundo os dados oficiais at\u00e9 esta ter\u00e7a-feira (21\/04\/2020), j\u00e1 h\u00e1 casos confirmados da doen\u00e7a em 28 munic\u00edpios que n\u00e3o disp\u00f5em de nenhum equipamento. A an\u00e1lise foi [&hellip;]<\/p>\n","protected":false},"author":1,"featured_media":161345,"comment_status":"open","ping_status":"closed","sticky":false,"template":"","format":"standard","meta":{"amp_status":"","footnotes":""},"categories":[123,40242],"tags":[217799,219851,219853,214884,216498,220360,219855,215653,219854,219852,220361,217692,220362,220285,220287,220286],"class_list":["post-161344","post","type-post","status-publish","format-standard","has-post-thumbnail","hentry","category-gerais","category-saude-2","tag-casos-de-coronavirus-em-minas-gerais","tag-casos-de-covid-19-em-minas-gerais","tag-cidades-com-casos-de-coronavirus-em-minas-gerais","tag-coronavirus","tag-covid-19","tag-covid-19-ja-chegou-a-28-municipios-de-minas-gerais-onde-nao-ha-respiradores","tag-mortes-por-coronavirus-em-minas-gerais","tag-novo-coronavirus","tag-numeros-do-coronavirus-em-minas-gerais","tag-obitos-por-coronavirus-em-minas-gerias","tag-onde-tem-respiradores-em-minas-gerais","tag-pandemia-de-coronavirus","tag-respiradores-em-minas-gerais","tag-secretaria-de-saude-atualiza-numeros-do-coronavirus-em-minas-gerais","tag-secretaria-de-saude-de-minas-gerais-atualiza-numeros-do-coronavirus","tag-ses-mg-atualiza-numeros-do-coronavirus"],"_links":{"self":[{"href":"https:\/\/aconteceunovale.com.br\/portal\/index.php?rest_route=\/wp\/v2\/posts\/161344","targetHints":{"allow":["GET"]}}],"collection":[{"href":"https:\/\/aconteceunovale.com.br\/portal\/index.php?rest_route=\/wp\/v2\/posts"}],"about":[{"href":"https:\/\/aconteceunovale.com.br\/portal\/index.php?rest_route=\/wp\/v2\/types\/post"}],"author":[{"embeddable":true,"href":"https:\/\/aconteceunovale.com.br\/portal\/index.php?rest_route=\/wp\/v2\/users\/1"}],"replies":[{"embeddable":true,"href":"https:\/\/aconteceunovale.com.br\/portal\/index.php?rest_route=%2Fwp%2Fv2%2Fcomments&post=161344"}],"version-history":[{"count":3,"href":"https:\/\/aconteceunovale.com.br\/portal\/index.php?rest_route=\/wp\/v2\/posts\/161344\/revisions"}],"predecessor-version":[{"id":161350,"href":"https:\/\/aconteceunovale.com.br\/portal\/index.php?rest_route=\/wp\/v2\/posts\/161344\/revisions\/161350"}],"wp:featuredmedia":[{"embeddable":true,"href":"https:\/\/aconteceunovale.com.br\/portal\/index.php?rest_route=\/wp\/v2\/media\/161345"}],"wp:attachment":[{"href":"https:\/\/aconteceunovale.com.br\/portal\/index.php?rest_route=%2Fwp%2Fv2%2Fmedia&parent=161344"}],"wp:term":[{"taxonomy":"category","embeddable":true,"href":"https:\/\/aconteceunovale.com.br\/portal\/index.php?rest_route=%2Fwp%2Fv2%2Fcategories&post=161344"},{"taxonomy":"post_tag","embeddable":true,"href":"https:\/\/aconteceunovale.com.br\/portal\/index.php?rest_route=%2Fwp%2Fv2%2Ftags&post=161344"}],"curies":[{"name":"wp","href":"https:\/\/api.w.org\/{rel}","templated":true}]}}