{"id":161338,"date":"2020-04-21T21:40:09","date_gmt":"2020-04-22T00:40:09","guid":{"rendered":"http:\/\/aconteceunovale.com.br\/portal\/?p=161338"},"modified":"2020-04-21T21:40:31","modified_gmt":"2020-04-22T00:40:31","slug":"minas-gerais-possui-a-quinta-menor-taxa-de-mortalidade-por-covid-19-no-pais-segundo-governo","status":"publish","type":"post","link":"https:\/\/aconteceunovale.com.br\/portal\/?p=161338","title":{"rendered":"Minas Gerais possui a quinta menor taxa de mortalidade por Covid-19 no pa\u00eds, segundo governo"},"content":{"rendered":"\n<p>Minas Gerais possui a quinta menor taxa de \u00f3bitos por coronav\u00edrus (Covid-19) no Brasil. De acordo com o Minist\u00e9rio da Sa\u00fade, o estado \u00e9 um dos que apresentam menor \u00edndice de mortalidade por cada cem mil habitantes. O resultado \u00e9 fruto do trabalho de preven\u00e7\u00e3o, combate e das medidas tomadas pelo governo estadual contra a pandemia de\u00a0Covid-19.<\/p>\n\n\n\n<p>A taxa de letalidade (n\u00famero de mortes por casos confirmados) em Minas Gerais \u00e9 31,5% menor que a m\u00e9dia dos demais estados brasileiros, e cerca de 50% menor que a taxa do pa\u00eds. Segundo dados do Minist\u00e9rio da Sa\u00fade, a taxa de \u00f3bitos a cada cem mil habitantes, em Minas, \u00e9 de 0,18. O levantamento foi feito com o n\u00famero de mortes e casos confirmados at\u00e9 o dia 19 de abril.<\/p>\n\n\n\n<p>Segundo o \u00faltimo balan\u00e7o da Secretaria de Estado de Sa\u00fade (SES-MG), divulgado nesta ter\u00e7a-feira (21\/4), Minas Gerais possui 1.230 casos e 44\u00a0mortes confirmadas pelo coronav\u00edrus.<\/p>\n\n\n\n<figure class=\"wp-block-gallery columns-1 is-cropped wp-block-gallery-1 is-layout-flex wp-block-gallery-is-layout-flex\"><ul class=\"blocks-gallery-grid\"><li class=\"blocks-gallery-item\"><figure><img loading=\"lazy\" decoding=\"async\" width=\"675\" height=\"450\" src=\"http:\/\/aconteceunovale.com.br\/portal\/wp-content\/uploads\/2020\/04\/desinfeccao_mg.jpg\" alt=\"\" data-id=\"161339\" data-full-url=\"http:\/\/aconteceunovale.com.br\/portal\/wp-content\/uploads\/2020\/04\/desinfeccao_mg.jpg\" data-link=\"http:\/\/aconteceunovale.com.br\/portal\/?attachment_id=161339\" class=\"wp-image-161339\" srcset=\"https:\/\/aconteceunovale.com.br\/portal\/wp-content\/uploads\/2020\/04\/desinfeccao_mg.jpg 675w, https:\/\/aconteceunovale.com.br\/portal\/wp-content\/uploads\/2020\/04\/desinfeccao_mg-300x200.jpg 300w, https:\/\/aconteceunovale.com.br\/portal\/wp-content\/uploads\/2020\/04\/desinfeccao_mg-630x420.jpg 630w\" sizes=\"auto, (max-width: 675px) 100vw, 675px\" \/><figcaption class=\"blocks-gallery-item__caption\"><em>A desinfec\u00e7\u00e3o de espa\u00e7os p\u00fablicos est\u00e1 entre as a\u00e7\u00f5es de destaque do Estado na preven\u00e7\u00e3o e combate \u00e0 pandemia &#8211; Foto: Gil Leonardi \/ Imprensa MG<\/em><\/figcaption><\/figure><\/li><\/ul><\/figure>\n\n\n\n<h3 class=\"wp-block-heading\"><strong>Medidas<\/strong><\/h3>\n\n\n\n<p>Segundo o governador Romeu Zema, os n\u00fameros representam o sucesso nas medidas adotadas pela gest\u00e3o estadual na preven\u00e7\u00e3o e combate \u00e0 pandemia. Entre elas se destacam o isolamento social, a suspens\u00e3o das aulas, as campanhas de conscientiza\u00e7\u00e3o da popula\u00e7\u00e3o, a desinfec\u00e7\u00e3o de espa\u00e7os p\u00fablicos e os investimentos na cria\u00e7\u00e3o de novos leitos e compra de equipamentos.<\/p>\n\n\n\n<p>\u201cMinas Gerais teve tempo de se preparar e estamos conseguindo importantes resultados. Estes n\u00fameros positivos s\u00e3o fruto das medidas e a\u00e7\u00f5es que temos tomado. Seguimos trabalhando para conter a prolifera\u00e7\u00e3o da doen\u00e7a no estado\u201d, afirmou o governador.<\/p>\n\n\n\n<h3 class=\"wp-block-heading\"><strong>Letalidade por n\u00famero de casos confirmados<\/strong><\/h3>\n\n\n\n<p>Considerando o n\u00famero de casos confirmados e \u00f3bitos at\u00e9 as 14h desta ter\u00e7a-feira (21\/04\/2020), de acordo com o Minist\u00e9rio da Sa\u00fade, o coeficiente de letalidade de Minas Gerais \u00e9 de 3,6%. Neste caso, o Estado ocupa a 12\u00aa posi\u00e7\u00e3o entre as 27 unidades da federa\u00e7\u00e3o. Confira a tabela:<\/p>\n\n\n\n<figure class=\"wp-block-table is-style-regular\"><table class=\"has-subtle-light-gray-background-color has-background\"><tbody><tr><td><strong>Estado<\/strong><\/td><td class=\"has-text-align-center\" data-align=\"center\"><strong>Casos Confirmados<\/strong><\/td><td class=\"has-text-align-center\" data-align=\"center\"><strong>\u00d3bitos<\/strong><\/td><td class=\"has-text-align-center\" data-align=\"center\"><strong>Letalidade<\/strong><\/td><\/tr><tr><td>Roraima<\/td><td class=\"has-text-align-center\" data-align=\"center\">247<\/td><td class=\"has-text-align-center\" data-align=\"center\">3<\/td><td class=\"has-text-align-center\" data-align=\"center\">1,20%<\/td><\/tr><tr><td>Rond\u00f4nia<\/td><td class=\"has-text-align-center\" data-align=\"center\">199<\/td><td class=\"has-text-align-center\" data-align=\"center\">4<\/td><td class=\"has-text-align-center\" data-align=\"center\">2,00%<\/td><\/tr><tr><td>Distrito Federal<\/td><td class=\"has-text-align-center\" data-align=\"center\">881<\/td><td class=\"has-text-align-center\" data-align=\"center\">24<\/td><td class=\"has-text-align-center\" data-align=\"center\">2,70%<\/td><\/tr><tr><td>Tocantins<\/td><td class=\"has-text-align-center\" data-align=\"center\">37<\/td><td class=\"has-text-align-center\" data-align=\"center\">1<\/td><td class=\"has-text-align-center\" data-align=\"center\">2,70%<\/td><\/tr><tr><td>Amap\u00e1<\/td><td class=\"has-text-align-center\" data-align=\"center\">457<\/td><td class=\"has-text-align-center\" data-align=\"center\">13<\/td><td class=\"has-text-align-center\" data-align=\"center\">2,80%<\/td><\/tr><tr><td>Esp\u00edrito Santo<\/td><td class=\"has-text-align-center\" data-align=\"center\">1212<\/td><td class=\"has-text-align-center\" data-align=\"center\">34<\/td><td class=\"has-text-align-center\" data-align=\"center\">2,80%<\/td><\/tr><tr><td>Rio Grande do Sul<\/td><td class=\"has-text-align-center\" data-align=\"center\">904<\/td><td class=\"has-text-align-center\" data-align=\"center\">27<\/td><td class=\"has-text-align-center\" data-align=\"center\">3,00%<\/td><\/tr><tr><td>Bahia<\/td><td class=\"has-text-align-center\" data-align=\"center\">1489<\/td><td class=\"has-text-align-center\" data-align=\"center\">47<\/td><td class=\"has-text-align-center\" data-align=\"center\">3,20%<\/td><\/tr><tr><td>Mato Grosso<\/td><td class=\"has-text-align-center\" data-align=\"center\">181<\/td><td class=\"has-text-align-center\" data-align=\"center\">6<\/td><td class=\"has-text-align-center\" data-align=\"center\">3,30%<\/td><\/tr><tr><td>Santa Catarina<\/td><td class=\"has-text-align-center\" data-align=\"center\">1063<\/td><td class=\"has-text-align-center\" data-align=\"center\">35<\/td><td class=\"has-text-align-center\" data-align=\"center\">3,30%<\/td><\/tr><tr><td>Mato Grosso do Sul<\/td><td class=\"has-text-align-center\" data-align=\"center\">173<\/td><td class=\"has-text-align-center\" data-align=\"center\">6<\/td><td class=\"has-text-align-center\" data-align=\"center\">3,50%<\/td><\/tr><tr><td>Minas Gerais<\/td><td class=\"has-text-align-center\" data-align=\"center\">1280<\/td><td class=\"has-text-align-center\" data-align=\"center\">44<\/td><td class=\"has-text-align-center\" data-align=\"center\">3,60%<\/td><\/tr><tr><td>Par\u00e1<\/td><td class=\"has-text-align-center\" data-align=\"center\">1026<\/td><td class=\"has-text-align-center\" data-align=\"center\">38<\/td><td class=\"has-text-align-center\" data-align=\"center\">3,70%<\/td><\/tr><tr><td>Acre<\/td><td class=\"has-text-align-center\" data-align=\"center\">195<\/td><td class=\"has-text-align-center\" data-align=\"center\">8<\/td><td class=\"has-text-align-center\" data-align=\"center\">4,10%<\/td><\/tr><tr><td>Maranh\u00e3o<\/td><td class=\"has-text-align-center\" data-align=\"center\">1396<\/td><td class=\"has-text-align-center\" data-align=\"center\">60<\/td><td class=\"has-text-align-center\" data-align=\"center\">4,30%<\/td><\/tr><tr><td>Goi\u00e1s<\/td><td class=\"has-text-align-center\" data-align=\"center\">421<\/td><td class=\"has-text-align-center\" data-align=\"center\">19<\/td><td class=\"has-text-align-center\" data-align=\"center\">4,50%<\/td><\/tr><tr><td>Rio Grande do Norte<\/td><td class=\"has-text-align-center\" data-align=\"center\">608<\/td><td class=\"has-text-align-center\" data-align=\"center\">28<\/td><td class=\"has-text-align-center\" data-align=\"center\">4,60%<\/td><\/tr><tr><td>Paran\u00e1<\/td><td class=\"has-text-align-center\" data-align=\"center\">1024<\/td><td class=\"has-text-align-center\" data-align=\"center\">51<\/td><td class=\"has-text-align-center\" data-align=\"center\">5,00%<\/td><\/tr><tr><td>Sergipe<\/td><td class=\"has-text-align-center\" data-align=\"center\">92<\/td><td class=\"has-text-align-center\" data-align=\"center\">5<\/td><td class=\"has-text-align-center\" data-align=\"center\">5,40%<\/td><\/tr><tr><td>Cear\u00e1<\/td><td class=\"has-text-align-center\" data-align=\"center\">3716<\/td><td class=\"has-text-align-center\" data-align=\"center\">215<\/td><td class=\"has-text-align-center\" data-align=\"center\">5,80%<\/td><\/tr><tr><td>S\u00e3o Paulo<\/td><td class=\"has-text-align-center\" data-align=\"center\">15385<\/td><td class=\"has-text-align-center\" data-align=\"center\">1093<\/td><td class=\"has-text-align-center\" data-align=\"center\">7,10%<\/td><\/tr><tr><td>Piau\u00ed<\/td><td class=\"has-text-align-center\" data-align=\"center\">186<\/td><td class=\"has-text-align-center\" data-align=\"center\">14<\/td><td class=\"has-text-align-center\" data-align=\"center\">7,50%<\/td><\/tr><tr><td>Amazonas<\/td><td class=\"has-text-align-center\" data-align=\"center\">2270<\/td><td class=\"has-text-align-center\" data-align=\"center\">193<\/td><td class=\"has-text-align-center\" data-align=\"center\">8,50%<\/td><\/tr><tr><td>Rio de Janeiro<\/td><td class=\"has-text-align-center\" data-align=\"center\">5306<\/td><td class=\"has-text-align-center\" data-align=\"center\">461<\/td><td class=\"has-text-align-center\" data-align=\"center\">8,70%<\/td><\/tr><tr><td>Pernambuco<\/td><td class=\"has-text-align-center\" data-align=\"center\">2908<\/td><td class=\"has-text-align-center\" data-align=\"center\">260<\/td><td class=\"has-text-align-center\" data-align=\"center\">8,90%<\/td><\/tr><tr><td>Alagoas<\/td><td class=\"has-text-align-center\" data-align=\"center\">210<\/td><td class=\"has-text-align-center\" data-align=\"center\">19<\/td><td class=\"has-text-align-center\" data-align=\"center\">9,00%<\/td><\/tr><tr><td>Para\u00edba<\/td><td class=\"has-text-align-center\" data-align=\"center\">263<\/td><td class=\"has-text-align-center\" data-align=\"center\">33<\/td><td class=\"has-text-align-center\" data-align=\"center\">12,50%<\/td><\/tr><\/tbody><\/table><\/figure>\n\n\n\n<p class=\"has-background has-very-light-gray-background-color\">Quer saber as not\u00edcias do <strong>Aconteceu no Vale<\/strong> em primeira m\u00e3o? Siga-nos no Facebook <a rel=\"noreferrer noopener\" href=\"http:\/\/facebook.com\/aconteceunovale\" target=\"_blank\">@aconteceunovale<\/a>, Twitter <a rel=\"noreferrer noopener\" href=\"https:\/\/twitter.com\/noticiadosvales\" target=\"_blank\">@noticiadosvales<\/a> e Instagram <a rel=\"noreferrer noopener\" href=\"https:\/\/www.instagram.com\/aconteceunovale\" target=\"_blank\">@aconteceunovale<\/a>.<\/p>\n","protected":false},"excerpt":{"rendered":"<p>Minas Gerais possui a quinta menor taxa de \u00f3bitos por coronav\u00edrus (Covid-19) no Brasil. De acordo com o Minist\u00e9rio da Sa\u00fade, o estado \u00e9 um dos que apresentam menor \u00edndice de mortalidade por cada cem mil habitantes. O resultado \u00e9 fruto do trabalho de preven\u00e7\u00e3o, combate e das medidas tomadas pelo governo estadual contra a [&hellip;]<\/p>\n","protected":false},"author":1,"featured_media":161339,"comment_status":"open","ping_status":"closed","sticky":false,"template":"","format":"standard","meta":{"amp_status":"","footnotes":""},"categories":[123,40242],"tags":[217799,219851,219853,214884,216498,220358,220357,19326,219855,215653,219854,219852,217692,220285,220287,52113,220286],"class_list":["post-161338","post","type-post","status-publish","format-standard","has-post-thumbnail","hentry","category-gerais","category-saude-2","tag-casos-de-coronavirus-em-minas-gerais","tag-casos-de-covid-19-em-minas-gerais","tag-cidades-com-casos-de-coronavirus-em-minas-gerais","tag-coronavirus","tag-covid-19","tag-minas-gerais-possui-a-quinta-menor-taxa-de-mortalidade-por-covid-19-no-pais","tag-minas-gerais-possui-a-quinta-menor-taxa-de-obitos-por-coronavirus-no-brasil","tag-ministerio-da-saude","tag-mortes-por-coronavirus-em-minas-gerais","tag-novo-coronavirus","tag-numeros-do-coronavirus-em-minas-gerais","tag-obitos-por-coronavirus-em-minas-gerias","tag-pandemia-de-coronavirus","tag-secretaria-de-saude-atualiza-numeros-do-coronavirus-em-minas-gerais","tag-secretaria-de-saude-de-minas-gerais-atualiza-numeros-do-coronavirus","tag-ses-mg","tag-ses-mg-atualiza-numeros-do-coronavirus"],"_links":{"self":[{"href":"https:\/\/aconteceunovale.com.br\/portal\/index.php?rest_route=\/wp\/v2\/posts\/161338","targetHints":{"allow":["GET"]}}],"collection":[{"href":"https:\/\/aconteceunovale.com.br\/portal\/index.php?rest_route=\/wp\/v2\/posts"}],"about":[{"href":"https:\/\/aconteceunovale.com.br\/portal\/index.php?rest_route=\/wp\/v2\/types\/post"}],"author":[{"embeddable":true,"href":"https:\/\/aconteceunovale.com.br\/portal\/index.php?rest_route=\/wp\/v2\/users\/1"}],"replies":[{"embeddable":true,"href":"https:\/\/aconteceunovale.com.br\/portal\/index.php?rest_route=%2Fwp%2Fv2%2Fcomments&post=161338"}],"version-history":[{"count":1,"href":"https:\/\/aconteceunovale.com.br\/portal\/index.php?rest_route=\/wp\/v2\/posts\/161338\/revisions"}],"predecessor-version":[{"id":161340,"href":"https:\/\/aconteceunovale.com.br\/portal\/index.php?rest_route=\/wp\/v2\/posts\/161338\/revisions\/161340"}],"wp:featuredmedia":[{"embeddable":true,"href":"https:\/\/aconteceunovale.com.br\/portal\/index.php?rest_route=\/wp\/v2\/media\/161339"}],"wp:attachment":[{"href":"https:\/\/aconteceunovale.com.br\/portal\/index.php?rest_route=%2Fwp%2Fv2%2Fmedia&parent=161338"}],"wp:term":[{"taxonomy":"category","embeddable":true,"href":"https:\/\/aconteceunovale.com.br\/portal\/index.php?rest_route=%2Fwp%2Fv2%2Fcategories&post=161338"},{"taxonomy":"post_tag","embeddable":true,"href":"https:\/\/aconteceunovale.com.br\/portal\/index.php?rest_route=%2Fwp%2Fv2%2Ftags&post=161338"}],"curies":[{"name":"wp","href":"https:\/\/api.w.org\/{rel}","templated":true}]}}