{"id":161329,"date":"2020-04-21T18:54:06","date_gmt":"2020-04-21T21:54:06","guid":{"rendered":"http:\/\/aconteceunovale.com.br\/portal\/?p=161329"},"modified":"2020-04-21T18:54:41","modified_gmt":"2020-04-21T21:54:41","slug":"ministerio-da-saude-vai-adquirir-mais-46-milhoes-de-testes-do-coronavirus","status":"publish","type":"post","link":"https:\/\/aconteceunovale.com.br\/portal\/?p=161329","title":{"rendered":"Minist\u00e9rio da Sa\u00fade vai adquirir mais 46 milh\u00f5es de testes do coronav\u00edrus"},"content":{"rendered":"\n<p>O Ministro\u00a0da Sa\u00fade, Nelson Teich, anunciou\u00a0nessa segunda-feira (20), a aquisi\u00e7\u00e3o de 46,2 milh\u00f5es de testes para diagn\u00f3stico da Covid-19. Deste total, s\u00e3o 24,2 milh\u00f5es de testes RT-PCR (biologia molecular) e 22 milh\u00f5es de testes r\u00e1pidos (sorologia).\u00a0O objetivo \u00e9 aumentar a capacidade de testagem no Pa\u00eds.<\/p>\n\n\n\n<p>O n\u00famero \u00e9 quase o dobro do que estava previsto anteriormente, de\u00a023,9 milh\u00f5es.\u00a0<\/p>\n\n\n\n<p>At\u00e9 o momento, mais de 2 milh\u00f5es de testes r\u00e1pidos j\u00e1 foram distribu\u00eddos em todo o Pa\u00eds. Eles foram doados pela mineradora Vale ao Minist\u00e9rio da Sa\u00fade para auxiliar o Brasil no enfrentamento ao coronav\u00edrus. Deste montante, 180 mil seguiu para uso em pesquisas e 247 mil para compor o estoque estrat\u00e9gico do Minist\u00e9rio da Sa\u00fade. No total, a Vale doou ao Minist\u00e9rio da Sa\u00fade 5 milh\u00f5es de testes r\u00e1pidos.\u00a0<\/p>\n\n\n\n<figure><iframe loading=\"lazy\" width=\"100%\" height=\"400\" src=\"https:\/\/www.youtube.com\/embed\/kD8qgo9jWsA\" allowfullscreen=\"\"><\/iframe><\/figure>\n\n\n\n<p>Ainda na segunda-feira (20), o Minist\u00e9rio da Sa\u00fade abriu edital de\u00a0<a href=\"http:\/\/www.in.gov.br\/en\/web\/dou\/-\/aviso-de-chamamento-publico-253185232\" target=\"_blank\" rel=\"noreferrer noopener\">chamamento p\u00fablico<\/a>\u00a0para aquisi\u00e7\u00e3o de mais 12 milh\u00f5es de testes r\u00e1pidos para diagn\u00f3stico da Covid-19. As propostas devem ser enviadas \u00e0 pasta at\u00e9 \u00e0s 23h59 desta quarta-feira (22), conforme orienta\u00e7\u00f5es que constam no Aviso de Chamamento P\u00fablico, divulgado no Di\u00e1rio Oficial da Uni\u00e3o (DOU).<\/p>\n\n\n\n<p>Em rela\u00e7\u00e3o aos testes RT-PCR (biologia molecular), o Minist\u00e9rio da Sa\u00fade j\u00e1 enviou 524.296 mil unidades aos Laborat\u00f3rios Centrais de Sa\u00fade P\u00fablica (Lacens) de todo o pa\u00eds. O quantitativo faz parte das aquisi\u00e7\u00f5es j\u00e1 entregues ao Minist\u00e9rio da Sa\u00fade pela Funda\u00e7\u00e3o Oswaldo Cruz &#8211; Fiocruz (161.704), Instituto de Biologia Molecular do Paran\u00e1 &#8211; IBMP (62.592) e doa\u00e7\u00e3o da Petrobras (300 mil).<\/p>\n\n\n\n<p>Al\u00e9m disso, o Minist\u00e9rio da Sa\u00fade adquiriu, via Organiza\u00e7\u00e3o Pan-Americana da Sa\u00fade (Opas\/OMS), 10 milh\u00f5es de testes RT-PCR (biologia molecular) para Covid-19. A previs\u00e3o \u00e9 que cerca de 500 mil testes comecem a chegar na semana pr\u00f3xima semana e, depois, cerca de 800 mil a cada semana.<\/p>\n\n\n\n<p>No \u00faltimo domingo, chegaram ao Brasil mais 1 milh\u00e3o de testes r\u00e1pidos doados pela Vale e outros 300 mil testes RT-PCR doados pela Petrobras, que come\u00e7ar\u00e3o a ser distribu\u00eddos nos pr\u00f3ximos dias.<\/p>\n\n\n\n<p class=\"has-background has-very-light-gray-background-color\">Quer saber as not\u00edcias do <strong>Aconteceu no Vale<\/strong> em primeira m\u00e3o? Siga-nos no Facebook <a rel=\"noreferrer noopener\" href=\"http:\/\/facebook.com\/aconteceunovale\" target=\"_blank\">@aconteceunovale<\/a>, Twitter <a rel=\"noreferrer noopener\" href=\"https:\/\/twitter.com\/noticiadosvales\" target=\"_blank\">@noticiadosvales<\/a> e Instagram <a rel=\"noreferrer noopener\" href=\"https:\/\/www.instagram.com\/aconteceunovale\" target=\"_blank\">@aconteceunovale<\/a>.<\/p>\n","protected":false},"excerpt":{"rendered":"<p>O Ministro\u00a0da Sa\u00fade, Nelson Teich, anunciou\u00a0nessa segunda-feira (20), a aquisi\u00e7\u00e3o de 46,2 milh\u00f5es de testes para diagn\u00f3stico da Covid-19. Deste total, s\u00e3o 24,2 milh\u00f5es de testes RT-PCR (biologia molecular) e 22 milh\u00f5es de testes r\u00e1pidos (sorologia).\u00a0O objetivo \u00e9 aumentar a capacidade de testagem no Pa\u00eds. O n\u00famero \u00e9 quase o dobro do que estava previsto [&hellip;]<\/p>\n","protected":false},"author":1,"featured_media":161330,"comment_status":"open","ping_status":"closed","sticky":false,"template":"","format":"standard","meta":{"amp_status":"","footnotes":""},"categories":[6,40242],"tags":[214884,216498,19326,220350,34259,219921,219687,218365,220351],"class_list":["post-161329","post","type-post","status-publish","format-standard","has-post-thumbnail","hentry","category-br","category-saude-2","tag-coronavirus","tag-covid-19","tag-ministerio-da-saude","tag-ministerio-da-saude-vai-adquirir-mais-46-milhoes-de-testes-do-coronavirus","tag-ministro-da-saude","tag-nelson-teich","tag-pandemia-da-covid-19","tag-pandemia-do-coronavirus","tag-testes-do-coronavirus"],"_links":{"self":[{"href":"https:\/\/aconteceunovale.com.br\/portal\/index.php?rest_route=\/wp\/v2\/posts\/161329","targetHints":{"allow":["GET"]}}],"collection":[{"href":"https:\/\/aconteceunovale.com.br\/portal\/index.php?rest_route=\/wp\/v2\/posts"}],"about":[{"href":"https:\/\/aconteceunovale.com.br\/portal\/index.php?rest_route=\/wp\/v2\/types\/post"}],"author":[{"embeddable":true,"href":"https:\/\/aconteceunovale.com.br\/portal\/index.php?rest_route=\/wp\/v2\/users\/1"}],"replies":[{"embeddable":true,"href":"https:\/\/aconteceunovale.com.br\/portal\/index.php?rest_route=%2Fwp%2Fv2%2Fcomments&post=161329"}],"version-history":[{"count":1,"href":"https:\/\/aconteceunovale.com.br\/portal\/index.php?rest_route=\/wp\/v2\/posts\/161329\/revisions"}],"predecessor-version":[{"id":161331,"href":"https:\/\/aconteceunovale.com.br\/portal\/index.php?rest_route=\/wp\/v2\/posts\/161329\/revisions\/161331"}],"wp:featuredmedia":[{"embeddable":true,"href":"https:\/\/aconteceunovale.com.br\/portal\/index.php?rest_route=\/wp\/v2\/media\/161330"}],"wp:attachment":[{"href":"https:\/\/aconteceunovale.com.br\/portal\/index.php?rest_route=%2Fwp%2Fv2%2Fmedia&parent=161329"}],"wp:term":[{"taxonomy":"category","embeddable":true,"href":"https:\/\/aconteceunovale.com.br\/portal\/index.php?rest_route=%2Fwp%2Fv2%2Fcategories&post=161329"},{"taxonomy":"post_tag","embeddable":true,"href":"https:\/\/aconteceunovale.com.br\/portal\/index.php?rest_route=%2Fwp%2Fv2%2Ftags&post=161329"}],"curies":[{"name":"wp","href":"https:\/\/api.w.org\/{rel}","templated":true}]}}