{"id":161321,"date":"2020-04-21T17:53:08","date_gmt":"2020-04-21T20:53:08","guid":{"rendered":"http:\/\/aconteceunovale.com.br\/portal\/?p=161321"},"modified":"2020-04-21T17:53:50","modified_gmt":"2020-04-21T20:53:50","slug":"ministro-do-stf-autoriza-investigacao-de-atos-antidemocraticos","status":"publish","type":"post","link":"https:\/\/aconteceunovale.com.br\/portal\/?p=161321","title":{"rendered":"Ministro do STF autoriza investiga\u00e7\u00e3o de atos antidemocr\u00e1ticos"},"content":{"rendered":"\n<p>O ministro do Supremo Tribunal Federal (STF) Alexandre de Moraes autorizou hoje (21\/4\/2020), a pedido da Procuradoria-Geral da Rep\u00fablica (PGR), a abertura de um inqu\u00e9rito para manifesta\u00e7\u00f5es que, no domingo (19), pediram a interven\u00e7\u00e3o militar e o fechamento do Congresso e do pr\u00f3prio Supremo.<\/p>\n\n\n\n<p>O procurador-geral da Rep\u00fablica, Augusto Aras,\u00a0fez o pedido ontem (20), informando que pretende apurar poss\u00edveis viola\u00e7\u00f5es \u00e0 Lei de Seguran\u00e7a Nacional pelos atos. O suposto envolvimento de deputados federais atrai a compet\u00eancia do Supremo para a investiga\u00e7\u00e3o, justificou o PGR.<\/p>\n\n\n\n<p>&#8220;O Estado brasileiro admite \u00fanica ideologia que \u00e9 a do regime da democracia participativa. Qualquer atentado \u00e0 democracia afronta a Constitui\u00e7\u00e3o e a Lei de Seguran\u00e7a Nacional\u201d, escreveu Aras no pedido.<\/p>\n\n\n\n<p>Ao autorizar a investiga\u00e7\u00e3o, Moraes manteve a investiga\u00e7\u00e3o sob sigilo, como havia solicitado Aras. Segundo nota divulgada pelo Supremo, o ministro escreveu que os fatos narrados pelo PGR s\u00e3o \u201cgrav\u00edssimos\u201d, ao atentarem conta o Estado Democr\u00e1tico de Direito e as institui\u00e7\u00f5es republicanas.<\/p>\n\n\n\n<p>Moraes destacou ainda que a Constitui\u00e7\u00e3o n\u00e3o permite o financiamento e a propaga\u00e7\u00e3o de ideias contr\u00e1rias \u00e0 ordem constitucional e ao Estado Democr\u00e1tico de Direito, nem a realiza\u00e7\u00e3o de atos visando o rompimento do regime.&nbsp;<\/p>\n\n\n\n<p>Segundo o ministro do STF, a decis\u00e3o concluiu \u201cser imprescind\u00edvel a verifica\u00e7\u00e3o da exist\u00eancia de organiza\u00e7\u00f5es e esquemas de financiamento de manifesta\u00e7\u00f5es contra a Democracia e a divulga\u00e7\u00e3o em massa de mensagens atentat\u00f3rias ao regime republicano, bem como as suas formas de gerenciamento, lideran\u00e7a, organiza\u00e7\u00e3o e propaga\u00e7\u00e3o que visam lesar ou expor a perigo de les\u00e3o os Direitos Fundamentais, a independ\u00eancia dos Poderes institu\u00eddos e ao Estado Democr\u00e1tico de Direito, trazendo como consequ\u00eancia o nefasto manto do arb\u00edtrio e da ditadura\u201d.<\/p>\n\n\n\n<h2 class=\"wp-block-heading\">Atos<\/h2>\n\n\n\n<p>No domingo (19), quando foi comemorado o Dia do Ex\u00e9rcito, manifesta\u00e7\u00f5es em diferentes cidades pediram a reabertura do com\u00e9rcio e o fim de medidas de isolamento por conta da pandemia do novo coranav\u00edrus.<\/p>\n\n\n\n<p>Em Bras\u00edlia, manifestantes carregaram faixas e gritaram palavras de ordem pedindo o fechamento do Congresso, do STF e a volta do Ato Institucional n\u00b0 5 (AI-5), usado durante o regime militar para punir opositores ao regime e cassar parlamentares.<\/p>\n\n\n\n<p>O presidente Jair Bolsonaro compareceu ao ato em Bras\u00edlia e discursou aos manifestantes. \u201cEu estou aqui porque acredito em voc\u00eas. Voc\u00eas est\u00e3o aqui porque acreditam no Brasil. N\u00f3s n\u00e3o queremos negociar nada. N\u00f3s queremos \u00e9 a\u00e7\u00e3o pelo Brasil. O que tinha de velho ficou para tr\u00e1s. N\u00f3s temos um novo Brasil pela frente. Todos, sem exce\u00e7\u00e3o no Brasil, t\u00eam que ser patriotas e acreditar e fazer a sua parte para que n\u00f3s possamos colocar o Brasil no lugar de destaque que ele merece. Acabou a \u00e9poca da patifaria. \u00c9 agora o povo no poder\u201d, disse no ato.<\/p>\n\n\n\n<p>Ontem (20), ao ser questionado em frente ao Pal\u00e1cio da Alvorada por apoiadores, o presidente defendeu Supremo Tribunal Federal (STF) e o Congresso Nacional &#8220;abertos e transparentes&#8221;. Na ocasi\u00e3o, ele afirmou que a pauta do ato do domingo era a volta ao trabalho e a ida do povo para a rua. Bolsonaro tamb\u00e9m\u00a0responsabilizou \u201cinfiltrados\u201d\u00a0na manifesta\u00e7\u00e3o por gritos e faixas que pediam fechamento do Congresso, STF e pediam a volta do AI-5.<\/p>\n\n\n\n<p>O\u00a0Minist\u00e9rio da Defesa emitiu nota\u00a0na noite de ontem (20) destacando que as For\u00e7as Armadas trabalham na manuten\u00e7\u00e3o da paz e da estabilidade no pa\u00eds, &#8220;sempre obedientes \u00e0 Constitui\u00e7\u00e3o Federal&#8221;. O texto destaca que o momento atual &#8220;exige entendimento e esfor\u00e7o de todos os brasileiros.&#8221;<\/p>\n\n\n\n<p class=\"has-background has-very-light-gray-background-color\">Quer saber as not\u00edcias do <strong>Aconteceu no Vale<\/strong> em primeira m\u00e3o? Siga-nos no Facebook <a rel=\"noreferrer noopener\" href=\"http:\/\/facebook.com\/aconteceunovale\" target=\"_blank\">@aconteceunovale<\/a>, Twitter <a rel=\"noreferrer noopener\" href=\"https:\/\/twitter.com\/noticiadosvales\" target=\"_blank\">@noticiadosvales<\/a> e Instagram <a rel=\"noreferrer noopener\" href=\"https:\/\/www.instagram.com\/aconteceunovale\" target=\"_blank\">@aconteceunovale<\/a>.<\/p>\n","protected":false},"excerpt":{"rendered":"<p>O ministro do Supremo Tribunal Federal (STF) Alexandre de Moraes autorizou hoje (21\/4\/2020), a pedido da Procuradoria-Geral da Rep\u00fablica (PGR), a abertura de um inqu\u00e9rito para manifesta\u00e7\u00f5es que, no domingo (19), pediram a interven\u00e7\u00e3o militar e o fechamento do Congresso e do pr\u00f3prio Supremo. O procurador-geral da Rep\u00fablica, Augusto Aras,\u00a0fez o pedido ontem (20), informando [&hellip;]<\/p>\n","protected":false},"author":1,"featured_media":161322,"comment_status":"open","ping_status":"closed","sticky":false,"template":"","format":"standard","meta":{"amp_status":"","footnotes":""},"categories":[6,40240],"tags":[35211,220333,220334,220336,220201,220202,207806,1018,220179,220337,220335,220341,136551,220332,220340,220338,220339,85356,36446,28511,28510],"class_list":["post-161321","post","type-post","status-publish","format-standard","has-post-thumbnail","hentry","category-br","category-politica-2","tag-alexandre-de-moraes","tag-alexandre-de-moraes-autoriza-investigacao-de-atos-contra-congresso-e-stf","tag-atos-antidemocraticos","tag-atos-contra-congresso-e-stf","tag-atos-contra-o-congresso","tag-atos-contra-o-supremo","tag-augusto-aras","tag-destaque","tag-dia-do-exercito","tag-investigacao-de-atos-antidemocraticos","tag-investigacao-de-atos-contra-congresso-e-stf","tag-lei-de-seguranca-nacional","tag-ministro-do-stf","tag-ministro-do-stf-autoriza-investigacao-de-atos-antidemocraticos","tag-pedido-de-fechamento-do-congresso","tag-pedido-de-fechamento-do-stf","tag-pedido-de-intervencao-militar","tag-pgr","tag-procurador-geral-da-republica","tag-stf","tag-supremo-tribunal-federal"],"_links":{"self":[{"href":"https:\/\/aconteceunovale.com.br\/portal\/index.php?rest_route=\/wp\/v2\/posts\/161321","targetHints":{"allow":["GET"]}}],"collection":[{"href":"https:\/\/aconteceunovale.com.br\/portal\/index.php?rest_route=\/wp\/v2\/posts"}],"about":[{"href":"https:\/\/aconteceunovale.com.br\/portal\/index.php?rest_route=\/wp\/v2\/types\/post"}],"author":[{"embeddable":true,"href":"https:\/\/aconteceunovale.com.br\/portal\/index.php?rest_route=\/wp\/v2\/users\/1"}],"replies":[{"embeddable":true,"href":"https:\/\/aconteceunovale.com.br\/portal\/index.php?rest_route=%2Fwp%2Fv2%2Fcomments&post=161321"}],"version-history":[{"count":1,"href":"https:\/\/aconteceunovale.com.br\/portal\/index.php?rest_route=\/wp\/v2\/posts\/161321\/revisions"}],"predecessor-version":[{"id":161323,"href":"https:\/\/aconteceunovale.com.br\/portal\/index.php?rest_route=\/wp\/v2\/posts\/161321\/revisions\/161323"}],"wp:featuredmedia":[{"embeddable":true,"href":"https:\/\/aconteceunovale.com.br\/portal\/index.php?rest_route=\/wp\/v2\/media\/161322"}],"wp:attachment":[{"href":"https:\/\/aconteceunovale.com.br\/portal\/index.php?rest_route=%2Fwp%2Fv2%2Fmedia&parent=161321"}],"wp:term":[{"taxonomy":"category","embeddable":true,"href":"https:\/\/aconteceunovale.com.br\/portal\/index.php?rest_route=%2Fwp%2Fv2%2Fcategories&post=161321"},{"taxonomy":"post_tag","embeddable":true,"href":"https:\/\/aconteceunovale.com.br\/portal\/index.php?rest_route=%2Fwp%2Fv2%2Ftags&post=161321"}],"curies":[{"name":"wp","href":"https:\/\/api.w.org\/{rel}","templated":true}]}}