{"id":161319,"date":"2020-04-21T17:46:19","date_gmt":"2020-04-21T20:46:19","guid":{"rendered":"http:\/\/aconteceunovale.com.br\/portal\/?p=161319"},"modified":"2020-04-21T17:46:50","modified_gmt":"2020-04-21T20:46:50","slug":"economia-brasileira-encolhera-mais-de-5-por-causa-do-coronavirus-preve-cepal","status":"publish","type":"post","link":"https:\/\/aconteceunovale.com.br\/portal\/?p=161319","title":{"rendered":"Economia Brasileira encolher\u00e1 mais de 5% por causa do coronav\u00edrus, prev\u00ea Cepal"},"content":{"rendered":"\n<p>A pandemia provocada pelo novo coronav\u00edrus far\u00e1 a economia brasileira encolher 5,2% neste ano, prev\u00ea a Comiss\u00e3o Econ\u00f4mica para a Am\u00e9rica Latina e o Caribe (Cepal). Segundo o \u00f3rg\u00e3o, vinculado \u00e0 Organiza\u00e7\u00e3o das Na\u00e7\u00f5es Unidas (ONU), a Am\u00e9rica Latina sofrer\u00e1 a pior crise social em d\u00e9cadas, com milh\u00f5es de pessoas passando por desemprego e pobreza.<\/p>\n\n\n\n<p>O n\u00famero est\u00e1 pr\u00f3ximo da previs\u00e3o para o impacto na Am\u00e9rica Latina, cuja economia se contrair\u00e1 5,3% em 2020, o pior desempenho desde que come\u00e7aram os levantamentos no continente, em 1900. Os principais impactos econ\u00f4micos sobre a regi\u00e3o vir\u00e3o da queda no valor das mat\u00e9rias-primas, da qual dependem as exporta\u00e7\u00f5es de muitos pa\u00edses, inclusive o Brasil, e da paralisa\u00e7\u00e3o de setores como o turismo.<\/p>\n\n\n\n<p>&nbsp;De acordo com a Cepal, os pa\u00edses mais afetados pela crise econ\u00f4mica provocada pela covid-19 ser\u00e3o Venezuela (-18%), M\u00e9xico (-6,5%), Argentina (-6,5%), Equador (-6,5%), Nicar\u00e1gua (-5,9%) e Brasil (-5,2%). No pelot\u00e3o intermedi\u00e1rio, est\u00e3o Chile (-4%), Peru (-4%), Uruguai (-4%), Cuba (-3,7%), Costa Rica (-3,6%), Haiti (-3,1%), El Salvador (-3%), Bol\u00edvia (-3%) e pa\u00edses do Caribe (-2,5%).<\/p>\n\n\n\n<p>As economias menos impactadas pela pandemia ser\u00e3o Guatemala (-1,3%), Paraguai (-1,4%), Panam\u00e1 (-2%), Col\u00f4mbia (-2,6%) e Honduras (-2,8%). A Rep\u00fablica Dominicana, de acordo com as proje\u00e7\u00f5es, ser\u00e1 o \u00fanico pa\u00eds da Am\u00e9rica Latina e do Caribe a n\u00e3o registrar recess\u00e3o, com varia\u00e7\u00e3o de 0% no Produto Interno Bruto (PIB, soma das riquezas produzidas em um pa\u00eds).<\/p>\n\n\n\n<p>Antes da pandemia de covid-19, a Cepal estimava que a Am\u00e9rica Latina e o Caribe cresceriam 1,3% em 2020. No ano passado, o crescimento somou apenas 0,1% na regi\u00e3o, de 626 milh\u00f5es de habitantes e com altos \u00edndices de desigualdade.<\/p>\n\n\n\n<h2 class=\"wp-block-heading\">Pobreza<\/h2>\n\n\n\n<p>A crise econ\u00f4mica afetar\u00e1 o mercado de trabalho e os indicadores sociais de forma significativa na regi\u00e3o. A taxa de desemprego na Am\u00e9rica Latina e no Caribe saltar\u00e1 de 8,1% em 2019 para 11,5% em 2020. Isso significa que a regi\u00e3o fechar\u00e1 o ano com 37,7 milh\u00f5es de desempregados, alta de 11,6 milh\u00f5es em rela\u00e7\u00e3o ao ano passado.<\/p>\n\n\n\n<p>Os indicadores de pobreza se deteriorar\u00e3o em ritmo pior. A Cepal projeta que 28,7 milh\u00f5es de pessoas passar\u00e3o para a situa\u00e7\u00e3o de pobreza na Am\u00e9rica Latina neste ano, com a taxa subindo de 30,3% para 34,7%. Em rela\u00e7\u00e3o \u00e0 extrema pobreza, 16 milh\u00f5es de latinos americanos e caribenhos migrar\u00e3o para essa categoria, com a taxa aumentando de 11% para 13,5%.<\/p>\n\n\n\n<p>Segundo a Cepal, as remessas de emigrantes para a Am\u00e9rica Latina dever\u00e3o cair de 10% a 15% em 2020, levando at\u00e9 oito anos para se recuperarem em rela\u00e7\u00e3o aos n\u00edveis de 2019. Diversos pa\u00edses da regi\u00e3o, como Haiti, Honduras e El Salvador, dependem do dinheiro de emigrantes que vivem em pa\u00edses avan\u00e7ados e enviam recursos para a fam\u00edlia no pa\u00eds de origem.<\/p>\n\n\n\n<p class=\"has-background has-very-light-gray-background-color\">Quer saber as not\u00edcias do <strong>Aconteceu no Vale<\/strong> em primeira m\u00e3o? Siga-nos no Facebook <a rel=\"noreferrer noopener\" href=\"http:\/\/facebook.com\/aconteceunovale\" target=\"_blank\">@aconteceunovale<\/a>, Twitter <a rel=\"noreferrer noopener\" href=\"https:\/\/twitter.com\/noticiadosvales\" target=\"_blank\">@noticiadosvales<\/a> e Instagram <a rel=\"noreferrer noopener\" href=\"https:\/\/www.instagram.com\/aconteceunovale\" target=\"_blank\">@aconteceunovale<\/a>.<\/p>\n","protected":false},"excerpt":{"rendered":"<p>A pandemia provocada pelo novo coronav\u00edrus far\u00e1 a economia brasileira encolher 5,2% neste ano, prev\u00ea a Comiss\u00e3o Econ\u00f4mica para a Am\u00e9rica Latina e o Caribe (Cepal). Segundo o \u00f3rg\u00e3o, vinculado \u00e0 Organiza\u00e7\u00e3o das Na\u00e7\u00f5es Unidas (ONU), a Am\u00e9rica Latina sofrer\u00e1 a pior crise social em d\u00e9cadas, com milh\u00f5es de pessoas passando por desemprego e pobreza. [&hellip;]<\/p>\n","protected":false},"author":1,"featured_media":153854,"comment_status":"open","ping_status":"closed","sticky":false,"template":"","format":"standard","meta":{"amp_status":"","footnotes":""},"categories":[6,28848],"tags":[191922,191923,214884,216498,220330,215653,24300,219687,218365,165511,220331],"class_list":["post-161319","post","type-post","status-publish","format-standard","has-post-thumbnail","hentry","category-br","category-mundo","tag-cepal","tag-comissao-economica-para-a-america-latina-e-o-caribe","tag-coronavirus","tag-covid-19","tag-economia-brasileira-encolhera-mais-de-5-por-causa-do-coronavirus","tag-novo-coronavirus","tag-onu","tag-pandemia-da-covid-19","tag-pandemia-do-coronavirus","tag-pobreza-no-brasil","tag-previsao-da-cepal"],"_links":{"self":[{"href":"https:\/\/aconteceunovale.com.br\/portal\/index.php?rest_route=\/wp\/v2\/posts\/161319","targetHints":{"allow":["GET"]}}],"collection":[{"href":"https:\/\/aconteceunovale.com.br\/portal\/index.php?rest_route=\/wp\/v2\/posts"}],"about":[{"href":"https:\/\/aconteceunovale.com.br\/portal\/index.php?rest_route=\/wp\/v2\/types\/post"}],"author":[{"embeddable":true,"href":"https:\/\/aconteceunovale.com.br\/portal\/index.php?rest_route=\/wp\/v2\/users\/1"}],"replies":[{"embeddable":true,"href":"https:\/\/aconteceunovale.com.br\/portal\/index.php?rest_route=%2Fwp%2Fv2%2Fcomments&post=161319"}],"version-history":[{"count":1,"href":"https:\/\/aconteceunovale.com.br\/portal\/index.php?rest_route=\/wp\/v2\/posts\/161319\/revisions"}],"predecessor-version":[{"id":161320,"href":"https:\/\/aconteceunovale.com.br\/portal\/index.php?rest_route=\/wp\/v2\/posts\/161319\/revisions\/161320"}],"wp:featuredmedia":[{"embeddable":true,"href":"https:\/\/aconteceunovale.com.br\/portal\/index.php?rest_route=\/wp\/v2\/media\/153854"}],"wp:attachment":[{"href":"https:\/\/aconteceunovale.com.br\/portal\/index.php?rest_route=%2Fwp%2Fv2%2Fmedia&parent=161319"}],"wp:term":[{"taxonomy":"category","embeddable":true,"href":"https:\/\/aconteceunovale.com.br\/portal\/index.php?rest_route=%2Fwp%2Fv2%2Fcategories&post=161319"},{"taxonomy":"post_tag","embeddable":true,"href":"https:\/\/aconteceunovale.com.br\/portal\/index.php?rest_route=%2Fwp%2Fv2%2Ftags&post=161319"}],"curies":[{"name":"wp","href":"https:\/\/api.w.org\/{rel}","templated":true}]}}