{"id":161308,"date":"2020-04-21T12:51:23","date_gmt":"2020-04-21T15:51:23","guid":{"rendered":"http:\/\/aconteceunovale.com.br\/portal\/?p=161308"},"modified":"2020-04-21T12:52:35","modified_gmt":"2020-04-21T15:52:35","slug":"suspeito-de-homicidios-e-outros-crimes-no-ceara-e-preso-em-carbonita","status":"publish","type":"post","link":"https:\/\/aconteceunovale.com.br\/portal\/?p=161308","title":{"rendered":"Suspeito de homic\u00eddios e outros crimes no Cear\u00e1 \u00e9 preso em Carbonita"},"content":{"rendered":"\n<p>Um andarilho foi preso pela Pol\u00edcia Militar (PM) em Carbonita, no Vale do Jequitinhonha, no \u00faltimo domingo (16\/04\/2020). Segundo a ocorr\u00eancia, o homem foi abordado na MGC-451 e, em consulta no sistema, foi constatado que ele possu\u00eda mandado de pris\u00e3o em aberto por crimes cometidos no Estado do Cear\u00e1.<\/p>\n\n\n\n<p><em>\u201cNa data de 19 de abril de 2020 (domingo), durante Opera\u00e7\u00e3o Batida Policial em Carbonita, militares abordaram um cidad\u00e3o que se passava por andarilho e, em conversa com ele, este informou seu nome completo e a cidade em que morava. Ao ser consultado no sistema informatizado, foi constatado que havia um mandado de pris\u00e3o em seu desfavor expedido pela comarca de Camocim\/CE. O autor foi preso e conduzido \u00e0 Delegacia de Pol\u00edcia Civil de Plant\u00e3o em Capelinha\u201d<\/em>, diz uma nota da Assessoria de Comunica\u00e7\u00e3o Organizacional da 23\u00aa Cia PM Ind.<\/p>\n\n\n\n<p>O suspeito, que n\u00e3o teve o nome e idade divulgados, \u00e9 apontado como autor de dois homic\u00eddios e v\u00e1rios outros crimes nos munic\u00edpios de Tut\u00f3ia e Camocim, no Cear\u00e1. Ele dever\u00e1 ser transferido para o Estado de origem.<\/p>\n\n\n\n<figure class=\"wp-block-gallery columns-1 is-cropped wp-block-gallery-1 is-layout-flex wp-block-gallery-is-layout-flex\"><ul class=\"blocks-gallery-grid\"><li class=\"blocks-gallery-item\"><figure><img decoding=\"async\" src=\"http:\/\/aconteceu.info\/pub\/preso_carbonita.jpg\" alt=\"\"\/><figcaption class=\"blocks-gallery-item__caption\"><em>Foto: Divulga\u00e7\u00e3o<\/em><\/figcaption><\/figure><\/li><\/ul><\/figure>\n\n\n\n<p class=\"has-background has-very-light-gray-background-color\">Quer saber as not\u00edcias do <strong>Aconteceu no Vale<\/strong> em primeira m\u00e3o? Siga-nos no Facebook <a rel=\"noreferrer noopener\" href=\"http:\/\/facebook.com\/aconteceunovale\" target=\"_blank\">@aconteceunovale<\/a>, Twitter <a rel=\"noreferrer noopener\" href=\"https:\/\/twitter.com\/noticiadosvales\" target=\"_blank\">@noticiadosvales<\/a> e Instagram <a rel=\"noreferrer noopener\" href=\"https:\/\/www.instagram.com\/aconteceunovale\" target=\"_blank\">@aconteceunovale<\/a>.<\/p>\n","protected":false},"excerpt":{"rendered":"<p>Um andarilho foi preso pela Pol\u00edcia Militar (PM) em Carbonita, no Vale do Jequitinhonha, no \u00faltimo domingo (16\/04\/2020). Segundo a ocorr\u00eancia, o homem foi abordado na MGC-451 e, em consulta no sistema, foi constatado que ele possu\u00eda mandado de pris\u00e3o em aberto por crimes cometidos no Estado do Cear\u00e1. \u201cNa data de 19 de abril [&hellip;]<\/p>\n","protected":false},"author":1,"featured_media":161309,"comment_status":"open","ping_status":"closed","sticky":false,"template":"","format":"standard","meta":{"amp_status":"","footnotes":""},"categories":[6,120],"tags":[220301,78791,557,208980,220303,220298,220304,170707,220300,220299,220302],"class_list":["post-161308","post","type-post","status-publish","format-standard","has-post-thumbnail","hentry","category-br","category-jequi","tag-andarilho-preso-em-carbonita","tag-camocim","tag-carbonita","tag-delegacia-de-capelinha","tag-delegacia-de-policia-civil-de-plantao-em-capelinha","tag-homicidios-em-camocim","tag-homicidios-em-tutoia","tag-preso-em-carbonita","tag-suspeito-de-homicidios-e-outros-crimes-no-ceara-e-preso-em-carbonita","tag-suspeito-de-homicidios-e-outros-crimes-no-ceara-e-preso-no-vale-do-jequitinhonha","tag-tutoia"],"_links":{"self":[{"href":"https:\/\/aconteceunovale.com.br\/portal\/index.php?rest_route=\/wp\/v2\/posts\/161308","targetHints":{"allow":["GET"]}}],"collection":[{"href":"https:\/\/aconteceunovale.com.br\/portal\/index.php?rest_route=\/wp\/v2\/posts"}],"about":[{"href":"https:\/\/aconteceunovale.com.br\/portal\/index.php?rest_route=\/wp\/v2\/types\/post"}],"author":[{"embeddable":true,"href":"https:\/\/aconteceunovale.com.br\/portal\/index.php?rest_route=\/wp\/v2\/users\/1"}],"replies":[{"embeddable":true,"href":"https:\/\/aconteceunovale.com.br\/portal\/index.php?rest_route=%2Fwp%2Fv2%2Fcomments&post=161308"}],"version-history":[{"count":1,"href":"https:\/\/aconteceunovale.com.br\/portal\/index.php?rest_route=\/wp\/v2\/posts\/161308\/revisions"}],"predecessor-version":[{"id":161310,"href":"https:\/\/aconteceunovale.com.br\/portal\/index.php?rest_route=\/wp\/v2\/posts\/161308\/revisions\/161310"}],"wp:featuredmedia":[{"embeddable":true,"href":"https:\/\/aconteceunovale.com.br\/portal\/index.php?rest_route=\/wp\/v2\/media\/161309"}],"wp:attachment":[{"href":"https:\/\/aconteceunovale.com.br\/portal\/index.php?rest_route=%2Fwp%2Fv2%2Fmedia&parent=161308"}],"wp:term":[{"taxonomy":"category","embeddable":true,"href":"https:\/\/aconteceunovale.com.br\/portal\/index.php?rest_route=%2Fwp%2Fv2%2Fcategories&post=161308"},{"taxonomy":"post_tag","embeddable":true,"href":"https:\/\/aconteceunovale.com.br\/portal\/index.php?rest_route=%2Fwp%2Fv2%2Ftags&post=161308"}],"curies":[{"name":"wp","href":"https:\/\/api.w.org\/{rel}","templated":true}]}}