{"id":161304,"date":"2020-04-21T11:57:45","date_gmt":"2020-04-21T14:57:45","guid":{"rendered":"http:\/\/aconteceunovale.com.br\/portal\/?p=161304"},"modified":"2020-04-21T11:58:05","modified_gmt":"2020-04-21T14:58:05","slug":"brasil-tem-quase-23-mil-pacientes-recuperados-da-covid-19","status":"publish","type":"post","link":"https:\/\/aconteceunovale.com.br\/portal\/?p=161304","title":{"rendered":"Brasil tem quase 23 mil pacientes recuperados da Covid-19"},"content":{"rendered":"\n<p>O Brasil registrou, at\u00e9 segunda-feira (20\/4\/2020),&nbsp;22.991 pessoas recuperadas da covid-19, segundo dados do Minist\u00e9rio da Sa\u00fade. O n\u00famero foi divulgado sem detalhamento por estado.<\/p>\n\n\n\n<p>A taxa nacional de recupera\u00e7\u00e3o da doen\u00e7a encontra-se em 56,7%, uma pequena melhora em rela\u00e7\u00e3o aos 55% registrados em 14 de abril, quando o minist\u00e9rio come\u00e7ou a divulgar o n\u00famero de recuperados. O pa\u00eds tem&nbsp;40.581 pacientes diagnosticados, segundo os dados divulgados&nbsp;ontem&nbsp;(20).<\/p>\n\n\n\n<p>O minist\u00e9rio contabiliza como recuperado o paciente com confirma\u00e7\u00e3o do novo coronav\u00edrus que recebeu alta hospitalar ap\u00f3s interna\u00e7\u00e3o e tamb\u00e9m os confirmados sem interna\u00e7\u00e3o, mas que deixaram de apresentar sintomas depois de ficar em casa.<\/p>\n\n\n\n<p>Enquanto a taxa de recupera\u00e7\u00e3o se mant\u00e9m acima da metade dos casos, o&nbsp;\u00edndice de letalidade encontra-se em 6,3% dos casos confirmados. No Brasil, foram registradas 2.575 mortes at\u00e9&nbsp;ontem&nbsp;(20).<\/p>\n\n\n\n<p>As hospitaliza\u00e7\u00f5es por covid-19 chegaram a 8.318. O total de pessoas internadas por S\u00edndrome Respirat\u00f3ria Aguda Grave (SRAG) em investiga\u00e7\u00e3o totalizaram 42.817. Outras 15.752 foram denominadas SRAG \u201cn\u00e3o especificado\u201d.&nbsp;<\/p>\n\n\n\n<p>Ontem&nbsp;(20), o ministro da Sa\u00fade, Nelson Teich, anunciou&nbsp;ter&nbsp;aumentado para 46 milh\u00f5es o n\u00famero de testes que a pasta pretende comprar para ampliar os diagn\u00f3sticos.&nbsp;&nbsp;<\/p>\n\n\n\n<p>\u201cIsso \u00e9 importante para entender a doen\u00e7a, a evolu\u00e7\u00e3o e fazer um planejamento para revis\u00e3o do distanciamento social\u201d, disse Teich, em v\u00eddeo divulgado pela assessoria do\u00a0Minist\u00e9rio da Sa\u00fade.\u00a0<\/p>\n\n\n\n<p class=\"has-background has-very-light-gray-background-color\">Quer saber as not\u00edcias do <strong>Aconteceu no Vale<\/strong> em primeira m\u00e3o? Siga-nos no Facebook <a rel=\"noreferrer noopener\" href=\"http:\/\/facebook.com\/aconteceunovale\" target=\"_blank\">@aconteceunovale<\/a>, Twitter <a rel=\"noreferrer noopener\" href=\"https:\/\/twitter.com\/noticiadosvales\" target=\"_blank\">@noticiadosvales<\/a> e Instagram <a rel=\"noreferrer noopener\" href=\"https:\/\/www.instagram.com\/aconteceunovale\" target=\"_blank\">@aconteceunovale<\/a>.<\/p>\n","protected":false},"excerpt":{"rendered":"<p>O Brasil registrou, at\u00e9 segunda-feira (20\/4\/2020),&nbsp;22.991 pessoas recuperadas da covid-19, segundo dados do Minist\u00e9rio da Sa\u00fade. O n\u00famero foi divulgado sem detalhamento por estado. A taxa nacional de recupera\u00e7\u00e3o da doen\u00e7a encontra-se em 56,7%, uma pequena melhora em rela\u00e7\u00e3o aos 55% registrados em 14 de abril, quando o minist\u00e9rio come\u00e7ou a divulgar o n\u00famero de [&hellip;]<\/p>\n","protected":false},"author":1,"featured_media":160490,"comment_status":"open","ping_status":"closed","sticky":false,"template":"","format":"standard","meta":{"amp_status":"","footnotes":""},"categories":[6,40242],"tags":[220290,214884,216498,220288,219187,1018,19326,215653,219687,218365,220289],"class_list":["post-161304","post","type-post","status-publish","format-standard","has-post-thumbnail","hentry","category-br","category-saude-2","tag-brasil-tem-quase-23-mil-pacientes-recuperados-da-covid-19","tag-coronavirus","tag-covid-19","tag-curados-da-covid-19-no-brasil","tag-curados-do-coronavirus-no-brasil","tag-destaque","tag-ministerio-da-saude","tag-novo-coronavirus","tag-pandemia-da-covid-19","tag-pandemia-do-coronavirus","tag-recuperados-da-covid-19-no-brasil"],"_links":{"self":[{"href":"https:\/\/aconteceunovale.com.br\/portal\/index.php?rest_route=\/wp\/v2\/posts\/161304","targetHints":{"allow":["GET"]}}],"collection":[{"href":"https:\/\/aconteceunovale.com.br\/portal\/index.php?rest_route=\/wp\/v2\/posts"}],"about":[{"href":"https:\/\/aconteceunovale.com.br\/portal\/index.php?rest_route=\/wp\/v2\/types\/post"}],"author":[{"embeddable":true,"href":"https:\/\/aconteceunovale.com.br\/portal\/index.php?rest_route=\/wp\/v2\/users\/1"}],"replies":[{"embeddable":true,"href":"https:\/\/aconteceunovale.com.br\/portal\/index.php?rest_route=%2Fwp%2Fv2%2Fcomments&post=161304"}],"version-history":[{"count":1,"href":"https:\/\/aconteceunovale.com.br\/portal\/index.php?rest_route=\/wp\/v2\/posts\/161304\/revisions"}],"predecessor-version":[{"id":161305,"href":"https:\/\/aconteceunovale.com.br\/portal\/index.php?rest_route=\/wp\/v2\/posts\/161304\/revisions\/161305"}],"wp:featuredmedia":[{"embeddable":true,"href":"https:\/\/aconteceunovale.com.br\/portal\/index.php?rest_route=\/wp\/v2\/media\/160490"}],"wp:attachment":[{"href":"https:\/\/aconteceunovale.com.br\/portal\/index.php?rest_route=%2Fwp%2Fv2%2Fmedia&parent=161304"}],"wp:term":[{"taxonomy":"category","embeddable":true,"href":"https:\/\/aconteceunovale.com.br\/portal\/index.php?rest_route=%2Fwp%2Fv2%2Fcategories&post=161304"},{"taxonomy":"post_tag","embeddable":true,"href":"https:\/\/aconteceunovale.com.br\/portal\/index.php?rest_route=%2Fwp%2Fv2%2Ftags&post=161304"}],"curies":[{"name":"wp","href":"https:\/\/api.w.org\/{rel}","templated":true}]}}