{"id":161298,"date":"2020-04-21T11:28:07","date_gmt":"2020-04-21T14:28:07","guid":{"rendered":"http:\/\/aconteceunovale.com.br\/portal\/?p=161298"},"modified":"2020-04-21T11:29:21","modified_gmt":"2020-04-21T14:29:21","slug":"ato-simbolico-homenageia-o-dia-da-inconfidencia","status":"publish","type":"post","link":"https:\/\/aconteceunovale.com.br\/portal\/?p=161298","title":{"rendered":"Ato simb\u00f3lico homenageia o Dia da Inconfid\u00eancia"},"content":{"rendered":"\n<p>Um ato simb\u00f3lico em homenagem ao Dia da Inconfid\u00eancia foi realizado nesta ter\u00e7a-feira (21\/4\/2020) na Pra\u00e7a Tiradentes, em Ouro Preto, regi\u00e3o Central do estado. A capital mineira tamb\u00e9m foi transferida, simbolicamente, para o munic\u00edpio ouro-pretano. Neste ano, devido \u00e0 pandemia do coronav\u00edrus, a entrega da Medalha da Inconfid\u00eancia foi suspensa. O ato tamb\u00e9m n\u00e3o contou com a presen\u00e7a de p\u00fablico em raz\u00e3o das medidas de isolamento social.<\/p>\n\n\n\n<p>Durante a homenagem, o Drag\u00e3o da Inconfid\u00eancia marchou pela pra\u00e7a com uma coroa de flores at\u00e9 o monumento de Tiradentes, onde foi feita a sua aposi\u00e7\u00e3o. Em seguida, foi executado o toque de sil\u00eancio.<\/p>\n\n\n\n<p>O feriado tamb\u00e9m \u00e9 conhecido como Dia de Tiradentes \u2013 em alus\u00e3o a Joaquim Jos\u00e9 da Silva Xavier, m\u00e1rtir da Inconfid\u00eancia Mineira, movimento de independ\u00eancia que teve como epicentro a cidade de Ouro Preto, no s\u00e9culo XVIII. A data resgata os valores hist\u00f3ricos de Minas Gerais, como a luta para um processo mais amplo, democr\u00e1tico e de liberdade. A execu\u00e7\u00e3o de Tiradentes se deu no dia 21 de abril de 1792, no Rio de Janeiro.<\/p>\n\n\n\n<figure class=\"wp-block-gallery columns-1 is-cropped wp-block-gallery-1 is-layout-flex wp-block-gallery-is-layout-flex\"><ul class=\"blocks-gallery-grid\"><li class=\"blocks-gallery-item\"><figure><img loading=\"lazy\" decoding=\"async\" width=\"675\" height=\"450\" src=\"http:\/\/aconteceunovale.com.br\/portal\/wp-content\/uploads\/2020\/04\/ato_inconfidencia.jpg\" alt=\"\" data-id=\"161299\" data-full-url=\"http:\/\/aconteceunovale.com.br\/portal\/wp-content\/uploads\/2020\/04\/ato_inconfidencia.jpg\" data-link=\"http:\/\/aconteceunovale.com.br\/portal\/?attachment_id=161299\" class=\"wp-image-161299\" srcset=\"https:\/\/aconteceunovale.com.br\/portal\/wp-content\/uploads\/2020\/04\/ato_inconfidencia.jpg 675w, https:\/\/aconteceunovale.com.br\/portal\/wp-content\/uploads\/2020\/04\/ato_inconfidencia-300x200.jpg 300w, https:\/\/aconteceunovale.com.br\/portal\/wp-content\/uploads\/2020\/04\/ato_inconfidencia-630x420.jpg 630w\" sizes=\"auto, (max-width: 675px) 100vw, 675px\" \/><figcaption class=\"blocks-gallery-item__caption\"><em>Foto: Gil Leonardi \/ Imprensa MG<\/em><\/figcaption><\/figure><\/li><\/ul><\/figure>\n\n\n\n<p><strong>Medalha da Inconfid\u00eancia<\/strong><\/p>\n\n\n\n<p>Segundo acordo realizado em reuni\u00e3o do Conselho Permanente da Medalha da Inconfid\u00eancia e, posteriormente, decreto do governo estadual do dia 17 de abril de 2020, foram suspensas as celebra\u00e7\u00f5es c\u00edvicas, como medida de preven\u00e7\u00e3o sanit\u00e1rio-epidemiol\u00f3gica no enfrentamento da pandemia de Covid-19.<\/p>\n\n\n\n<p>Criada em 1952 pelo governador Juscelino Kubitschek, a Medalha da Inconfid\u00eancia \u00e9 a maior comenda concedida pelo&nbsp;Governo de Minas Gerais. Realizada tradicionalmente em 21 de abril, ela homenageia personalidades e entidades que contribu\u00edram para o desenvolvimento e proje\u00e7\u00e3o do estado.<\/p>\n\n\n\n<p class=\"has-background has-very-light-gray-background-color\">Quer saber as not\u00edcias do <strong>Aconteceu no Vale<\/strong> em primeira m\u00e3o? Siga-nos no Facebook <a rel=\"noreferrer noopener\" href=\"http:\/\/facebook.com\/aconteceunovale\" target=\"_blank\">@aconteceunovale<\/a>, Twitter <a rel=\"noreferrer noopener\" href=\"https:\/\/twitter.com\/noticiadosvales\" target=\"_blank\">@noticiadosvales<\/a> e Instagram <a rel=\"noreferrer noopener\" href=\"https:\/\/www.instagram.com\/aconteceunovale\" target=\"_blank\">@aconteceunovale<\/a>.<\/p>\n","protected":false},"excerpt":{"rendered":"<p>Um ato simb\u00f3lico em homenagem ao Dia da Inconfid\u00eancia foi realizado nesta ter\u00e7a-feira (21\/4\/2020) na Pra\u00e7a Tiradentes, em Ouro Preto, regi\u00e3o Central do estado. A capital mineira tamb\u00e9m foi transferida, simbolicamente, para o munic\u00edpio ouro-pretano. Neste ano, devido \u00e0 pandemia do coronav\u00edrus, a entrega da Medalha da Inconfid\u00eancia foi suspensa. O ato tamb\u00e9m n\u00e3o contou [&hellip;]<\/p>\n","protected":false},"author":1,"featured_media":161299,"comment_status":"open","ping_status":"closed","sticky":false,"template":"","format":"standard","meta":{"amp_status":"","footnotes":""},"categories":[123],"tags":[220282,220280,214884,216498,1018,220281,220283,220278,146617,220284,42240,220279,41847,218364,41858,42238,211,219687,218156,218516],"class_list":["post-161298","post","type-post","status-publish","format-standard","has-post-thumbnail","hentry","category-gerais","tag-ato-dia-da-inconfidencia","tag-ato-simbolico-homenageia-o-dia-da-inconfidencia","tag-coronavirus","tag-covid-19","tag-destaque","tag-dia-da-inconfidencia","tag-dia-da-inconfidencia-em-minas-gerais","tag-dia-da-inconfidencia-em-ouro-preto","tag-dia-de-tiradentes","tag-dragao-da-inconfidencia","tag-entrega-da-medalha-da-inconfidencia","tag-homenagem-dia-da-inconfidencia","tag-inconfidencia-mineira","tag-isolamento-social","tag-joaquim-jose-da-silva-xavier","tag-medalha-da-inconfidencia","tag-ouro-preto","tag-pandemia-da-covid-19","tag-pandemia-do-novo-coronavirus","tag-quarentena"],"_links":{"self":[{"href":"https:\/\/aconteceunovale.com.br\/portal\/index.php?rest_route=\/wp\/v2\/posts\/161298","targetHints":{"allow":["GET"]}}],"collection":[{"href":"https:\/\/aconteceunovale.com.br\/portal\/index.php?rest_route=\/wp\/v2\/posts"}],"about":[{"href":"https:\/\/aconteceunovale.com.br\/portal\/index.php?rest_route=\/wp\/v2\/types\/post"}],"author":[{"embeddable":true,"href":"https:\/\/aconteceunovale.com.br\/portal\/index.php?rest_route=\/wp\/v2\/users\/1"}],"replies":[{"embeddable":true,"href":"https:\/\/aconteceunovale.com.br\/portal\/index.php?rest_route=%2Fwp%2Fv2%2Fcomments&post=161298"}],"version-history":[{"count":2,"href":"https:\/\/aconteceunovale.com.br\/portal\/index.php?rest_route=\/wp\/v2\/posts\/161298\/revisions"}],"predecessor-version":[{"id":161301,"href":"https:\/\/aconteceunovale.com.br\/portal\/index.php?rest_route=\/wp\/v2\/posts\/161298\/revisions\/161301"}],"wp:featuredmedia":[{"embeddable":true,"href":"https:\/\/aconteceunovale.com.br\/portal\/index.php?rest_route=\/wp\/v2\/media\/161299"}],"wp:attachment":[{"href":"https:\/\/aconteceunovale.com.br\/portal\/index.php?rest_route=%2Fwp%2Fv2%2Fmedia&parent=161298"}],"wp:term":[{"taxonomy":"category","embeddable":true,"href":"https:\/\/aconteceunovale.com.br\/portal\/index.php?rest_route=%2Fwp%2Fv2%2Fcategories&post=161298"},{"taxonomy":"post_tag","embeddable":true,"href":"https:\/\/aconteceunovale.com.br\/portal\/index.php?rest_route=%2Fwp%2Fv2%2Ftags&post=161298"}],"curies":[{"name":"wp","href":"https:\/\/api.w.org\/{rel}","templated":true}]}}