{"id":161292,"date":"2020-04-21T11:00:50","date_gmt":"2020-04-21T14:00:50","guid":{"rendered":"http:\/\/aconteceunovale.com.br\/portal\/?p=161292"},"modified":"2020-04-21T11:01:22","modified_gmt":"2020-04-21T14:01:22","slug":"ufvjm-produz-protetores-faciais-para-profissionais-da-saude-em-teofilo-otoni","status":"publish","type":"post","link":"https:\/\/aconteceunovale.com.br\/portal\/?p=161292","title":{"rendered":"UFVJM produz protetores faciais para profissionais da sa\u00fade em Te\u00f3filo Otoni"},"content":{"rendered":"\n<p>O Campus do Mucuri da Universidade Federal dos Vales do Jequitinhonha e Mucuri (UFVJM) est\u00e1 produzindo protetores faciais para profissionais da sa\u00fade em combate ao novo coronav\u00edrus em Te\u00f3filo Otoni e regi\u00e3o. No \u00faltimo s\u00e1bado (18\/4), foram entregues 90 protetores faciais para os hospitais Santa Ros\u00e1lia, Bom Samaritano e para a Unidade de Pronto Atendimento (UPA 24h). A produ\u00e7\u00e3o \u00e9 feita por servidores, professores e t\u00e9cnicos administrativos, do Campus do Mucuri, e tem previs\u00e3o, no momento, de produ\u00e7\u00e3o de 450 protetores.<\/p>\n\n\n\n<p>De acordo com um dos coordenadores da a\u00e7\u00e3o, professor do Instituto de Ci\u00eancia Engenharia e Tecnologia (Icet), Alexandre Faissal, o trabalho come\u00e7ou no final de mar\u00e7o, com a produ\u00e7\u00e3o de prot\u00f3tipos para saber qual era o melhor. \u201cDurante este trabalho, de desenvolvimento do protetor ideal, buscamos a contribui\u00e7\u00e3o do curso de Medicina do Campus do Mucuri. Com apoio da professora Christiane Corr\u00eaa Rodrigues Cimini, que \u00e9 m\u00e9dica intensivista, chegamos ao modelo que estamos produzindo hoje\u201d, destaca.<\/p>\n\n\n\n<p>Faissal ressalta que a produ\u00e7\u00e3o s\u00f3 foi poss\u00edvel porque a iniciativa conquistou apoio financeiro. \u201cE para viabilizar a produ\u00e7\u00e3o, conseguimos o apoio financeiro da Unimed &#8211; Tr\u00eas Vales e do Sindicato dos Trabalhadores em Institui\u00e7\u00f5es Federais de Ensino (SINDIFES) para a aquisi\u00e7\u00e3o de insumos e equipamentos, que permitem a produ\u00e7\u00e3o dos protetores para atender profissionais da \u00e1rea da sa\u00fade das redes p\u00fablica e privada dos munic\u00edpios da nossa regi\u00e3o\u201d.<\/p>\n\n\n\n<p>Para a produ\u00e7\u00e3o, est\u00e3o sendo utilizadas quatro impressoras 3D, em laborat\u00f3rios do Campus do Mucuri da UFVJM, com produ\u00e7\u00e3o m\u00e9dia de 15 protetores por dia. \u201cEstamos trabalhando para salvar vidas, para dar mais seguran\u00e7a aos trabalhadores da sa\u00fade que est\u00e3o na linha de frente no combate ao coronav\u00edrus e t\u00eam tido car\u00eancia desses materiais de prote\u00e7\u00e3o\u201d, afirma Faissal.<\/p>\n\n\n\n<p>Os protetores est\u00e3o sendo feitos nos laborat\u00f3rios de Ensino da Matem\u00e1tica e de Interdisciplinar de Forma\u00e7\u00e3o de Educadores da UFVJM. Al\u00e9m dos servidores destes laborat\u00f3rios, est\u00e3o envolvidos, tamb\u00e9m, servidores do Mestrado Profissional em Matem\u00e1tica, do N\u00facleo Integrado de Pesquisa e Extens\u00e3o do Campus do Mucuri, do Grupo de Extens\u00e3o e Pesquisa em Agricultura Familiar, da Faculdade de Ci\u00eancias Sociais Aplicadas e Exatas (Facsae) e do Instituto de Ci\u00eancia, Engenharia e Tecnologia (Icet). A produ\u00e7\u00e3o integra as a\u00e7\u00f5es do Comit\u00ea T\u00e9cnico Cient\u00edfico Multidisciplinar de Assessoramento da Defensoria P\u00fablica para assuntos referentes ao combate \u00e0 COVID 19.<\/p>\n\n\n\n<figure class=\"wp-block-gallery columns-1 is-cropped wp-block-gallery-1 is-layout-flex wp-block-gallery-is-layout-flex\"><ul class=\"blocks-gallery-grid\"><li class=\"blocks-gallery-item\"><figure><img loading=\"lazy\" decoding=\"async\" width=\"600\" height=\"450\" src=\"http:\/\/aconteceunovale.com.br\/portal\/wp-content\/uploads\/2020\/04\/protetores_teo.jpeg\" alt=\"\" data-id=\"161293\" data-full-url=\"http:\/\/aconteceunovale.com.br\/portal\/wp-content\/uploads\/2020\/04\/protetores_teo.jpeg\" data-link=\"http:\/\/aconteceunovale.com.br\/portal\/?attachment_id=161293\" class=\"wp-image-161293\" srcset=\"https:\/\/aconteceunovale.com.br\/portal\/wp-content\/uploads\/2020\/04\/protetores_teo.jpeg 600w, https:\/\/aconteceunovale.com.br\/portal\/wp-content\/uploads\/2020\/04\/protetores_teo-300x225.jpeg 300w, https:\/\/aconteceunovale.com.br\/portal\/wp-content\/uploads\/2020\/04\/protetores_teo-80x60.jpeg 80w, https:\/\/aconteceunovale.com.br\/portal\/wp-content\/uploads\/2020\/04\/protetores_teo-265x198.jpeg 265w, https:\/\/aconteceunovale.com.br\/portal\/wp-content\/uploads\/2020\/04\/protetores_teo-560x420.jpeg 560w\" sizes=\"auto, (max-width: 600px) 100vw, 600px\" \/><figcaption class=\"blocks-gallery-item__caption\"><em>Primeira entrega dos protetores faciais produzidos pelo Campus do Mucuri (Foto: Christiane Corr\u00eaa Rodrigues Cimini\/UFVJM)<\/em><\/figcaption><\/figure><\/li><\/ul><\/figure>\n\n\n\n<p class=\"has-background has-very-light-gray-background-color\">Quer saber as not\u00edcias do <strong>Aconteceu no Vale<\/strong> em primeira m\u00e3o? Siga-nos no Facebook <a rel=\"noreferrer noopener\" href=\"http:\/\/facebook.com\/aconteceunovale\" target=\"_blank\">@aconteceunovale<\/a>, Twitter <a rel=\"noreferrer noopener\" href=\"https:\/\/twitter.com\/noticiadosvales\" target=\"_blank\">@noticiadosvales<\/a> e Instagram <a rel=\"noreferrer noopener\" href=\"https:\/\/www.instagram.com\/aconteceunovale\" target=\"_blank\">@aconteceunovale<\/a>.<\/p>\n","protected":false},"excerpt":{"rendered":"<p>O Campus do Mucuri da Universidade Federal dos Vales do Jequitinhonha e Mucuri (UFVJM) est\u00e1 produzindo protetores faciais para profissionais da sa\u00fade em combate ao novo coronav\u00edrus em Te\u00f3filo Otoni e regi\u00e3o. No \u00faltimo s\u00e1bado (18\/4), foram entregues 90 protetores faciais para os hospitais Santa Ros\u00e1lia, Bom Samaritano e para a Unidade de Pronto Atendimento [&hellip;]<\/p>\n","protected":false},"author":1,"featured_media":161293,"comment_status":"open","ping_status":"closed","sticky":false,"template":"","format":"standard","meta":{"amp_status":"","footnotes":""},"categories":[40242,122],"tags":[220274,15751,53550,220272,52421,164,220271,115409,220273,7129],"class_list":["post-161292","post","type-post","status-publish","format-standard","has-post-thumbnail","hentry","category-saude-2","category-mucuri","tag-alexandre-faissal","tag-campus-do-mucuri-da-universidade-federal-dos-vales-do-jequitinhonha-e-mucuri","tag-campus-mucuri-da-ufvjm","tag-christiane-correa-rodrigues-cimini","tag-sindifes","tag-teofilo-otoni","tag-ufvjm-produz-protetores-faciais-para-profissionais-da-saude-em-teofilo-otoni","tag-ufvjm-teofilo-otoni","tag-unimed-tres-vales","tag-universidade-federal-dos-vales-do-jequitinhonha-e-mucuri"],"_links":{"self":[{"href":"https:\/\/aconteceunovale.com.br\/portal\/index.php?rest_route=\/wp\/v2\/posts\/161292","targetHints":{"allow":["GET"]}}],"collection":[{"href":"https:\/\/aconteceunovale.com.br\/portal\/index.php?rest_route=\/wp\/v2\/posts"}],"about":[{"href":"https:\/\/aconteceunovale.com.br\/portal\/index.php?rest_route=\/wp\/v2\/types\/post"}],"author":[{"embeddable":true,"href":"https:\/\/aconteceunovale.com.br\/portal\/index.php?rest_route=\/wp\/v2\/users\/1"}],"replies":[{"embeddable":true,"href":"https:\/\/aconteceunovale.com.br\/portal\/index.php?rest_route=%2Fwp%2Fv2%2Fcomments&post=161292"}],"version-history":[{"count":1,"href":"https:\/\/aconteceunovale.com.br\/portal\/index.php?rest_route=\/wp\/v2\/posts\/161292\/revisions"}],"predecessor-version":[{"id":161294,"href":"https:\/\/aconteceunovale.com.br\/portal\/index.php?rest_route=\/wp\/v2\/posts\/161292\/revisions\/161294"}],"wp:featuredmedia":[{"embeddable":true,"href":"https:\/\/aconteceunovale.com.br\/portal\/index.php?rest_route=\/wp\/v2\/media\/161293"}],"wp:attachment":[{"href":"https:\/\/aconteceunovale.com.br\/portal\/index.php?rest_route=%2Fwp%2Fv2%2Fmedia&parent=161292"}],"wp:term":[{"taxonomy":"category","embeddable":true,"href":"https:\/\/aconteceunovale.com.br\/portal\/index.php?rest_route=%2Fwp%2Fv2%2Fcategories&post=161292"},{"taxonomy":"post_tag","embeddable":true,"href":"https:\/\/aconteceunovale.com.br\/portal\/index.php?rest_route=%2Fwp%2Fv2%2Ftags&post=161292"}],"curies":[{"name":"wp","href":"https:\/\/api.w.org\/{rel}","templated":true}]}}