{"id":161286,"date":"2020-04-21T10:53:27","date_gmt":"2020-04-21T13:53:27","guid":{"rendered":"http:\/\/aconteceunovale.com.br\/portal\/?p=161286"},"modified":"2020-04-21T10:54:23","modified_gmt":"2020-04-21T13:54:23","slug":"ufvjm-inicia-testes-do-novo-coronavirus","status":"publish","type":"post","link":"https:\/\/aconteceunovale.com.br\/portal\/?p=161286","title":{"rendered":"UFVJM inicia testes do novo coronav\u00edrus"},"content":{"rendered":"\n<p>Em uma uni\u00e3o de esfor\u00e7os entre diversos setores e cursos, especialmente da \u00e1rea da Sa\u00fade, a Universidade Federal dos Vales do Jequitinhonha e Mucuri (UFVJM) est\u00e1 preparada para a realiza\u00e7\u00e3o de an\u00e1lises laboratoriais para o diagn\u00f3stico do novo coronav\u00edrus (<em>SARS-CoV-2<\/em>) que provoca a Covid-19. A universidade passou pela etapa de valida\u00e7\u00e3o e faz parte, efetivamente, da REDELAB COVID-19, coordenada pelo \u00fanico laborat\u00f3rio p\u00fablico em Minas Gerais &#8211; a Funda\u00e7\u00e3o Ezequiel Dias (Funed). Os trabalhos iniciaram nesta segunda-feira, 20 de abril.<\/p>\n\n\n\n<figure class=\"wp-block-gallery columns-1 is-cropped wp-block-gallery-1 is-layout-flex wp-block-gallery-is-layout-flex\"><ul class=\"blocks-gallery-grid\"><li class=\"blocks-gallery-item\"><figure><img loading=\"lazy\" decoding=\"async\" width=\"673\" height=\"450\" src=\"http:\/\/aconteceunovale.com.br\/portal\/wp-content\/uploads\/2020\/04\/corona_ufvjm_1.jpg\" alt=\"\" data-id=\"161287\" data-full-url=\"http:\/\/aconteceunovale.com.br\/portal\/wp-content\/uploads\/2020\/04\/corona_ufvjm_1.jpg\" data-link=\"http:\/\/aconteceunovale.com.br\/portal\/?attachment_id=161287\" class=\"wp-image-161287\" srcset=\"https:\/\/aconteceunovale.com.br\/portal\/wp-content\/uploads\/2020\/04\/corona_ufvjm_1.jpg 673w, https:\/\/aconteceunovale.com.br\/portal\/wp-content\/uploads\/2020\/04\/corona_ufvjm_1-300x201.jpg 300w, https:\/\/aconteceunovale.com.br\/portal\/wp-content\/uploads\/2020\/04\/corona_ufvjm_1-628x420.jpg 628w\" sizes=\"auto, (max-width: 673px) 100vw, 673px\" \/><figcaption class=\"blocks-gallery-item__caption\"><em>Acompanhada pelo reitor Janir Soares, equipe da UFVJM comemora in\u00edcio do trabalho de diagn\u00f3stico do novo coronav\u00edrus (Foto: Anna Bastos\/UFVJM)<\/em><\/figcaption><\/figure><\/li><\/ul><\/figure>\n\n\n\n<p>A UFVJM inicia o trabalho com insumos pr\u00f3prios para a realiza\u00e7\u00e3o de 200 testes, adquiridos pela Pr\u00f3-reitoria de Pesquisa e P\u00f3s-gradua\u00e7\u00e3o (PRPPG), atendendo primeiramente amostras de casos mais graves. Mas essa capacidade ser\u00e1 ampliada com a aquisi\u00e7\u00e3o de insumos atrav\u00e9s de&nbsp;repasses financeiros no valor de R$ 925 mil que a UFVJM recebeu do Minist\u00e9rio da Educa\u00e7\u00e3o (MEC), para apoiar v\u00e1rias a\u00e7\u00f5es de enfrentamento da COVID-19. Esses&nbsp;insumos est\u00e3o sendo adquiridos pela Pr\u00f3-reitoria de Administra\u00e7\u00e3o (Proad),&nbsp;para a realiza\u00e7\u00e3o de mais 3 mil testes, inicialmente.&nbsp;\u201c\u00c9 poss\u00edvel tamb\u00e9m que a universidade receba insumos da Secretaria de Sa\u00fade do Estado de Minas Gerais, atrav\u00e9s da Superintend\u00eancia Regional de Sa\u00fade, e recursos&nbsp;do Minist\u00e9rio P\u00fablico Estadual, que ser\u00e3o destinados \u00e0 aquisi\u00e7\u00e3o de insumos e de novos equipamentos para o laborat\u00f3rio e ao pagamento de bolsas de apoio t\u00e9cnico aos estudantes envolvidos na realiza\u00e7\u00e3o dos servi\u00e7os\u201d, esclarece o reitor da UFVJM, professor Janir Alves Soares.<\/p>\n\n\n\n<p>Al\u00e9m de recursos para a compra emergencial de insumos, a PRPPG acordou a disponibiliza\u00e7\u00e3o de equipamentos multiusu\u00e1rios, dentre eles o RT-qPCR, de equipe t\u00e9cnica, tecnologia e conhecimento t\u00e9cnico-cient\u00edfico. \u201cEssa parceria s\u00f3 foi poss\u00edvel devido ao envolvimento de nossos pesquisadores, que ir\u00e3o utilizar seus conhecimentos e experi\u00eancias profissionais, fazendo com que a universidade cumpra a sua miss\u00e3o de gerar e aplicar o conhecimento como forma de desenvolvimento regional e nacional. Por isso, o incentivo \u00e0 pesquisa e a valoriza\u00e7\u00e3o de nossos pesquisadores est\u00e3o sendo o ponto central de nossa gest\u00e3o\u201d, declara o pr\u00f3-reitor, professor Lucas Franco Ferreira.<\/p>\n\n\n\n<p>O diretor de Pesquisa da UFVJM, professor Danilo Bretas, que est\u00e1 \u00e0 frente do trabalho&nbsp;de an\u00e1lises laboratoriais para o diagn\u00f3stico do novo coronav\u00edrus, destaca ainda o envolvimento fundamental da Faculdade de Medicina de Diamantina (Famed) e dos departamentos de Farm\u00e1cia, Fisioterapia e Enfermagem,&nbsp;da Faculdade de Ci\u00eancias Biol\u00f3gicas e da Sa\u00fade (FCBS).&nbsp;<\/p>\n\n\n\n<p><strong>In\u00edcio, treinamento e processo<\/strong><\/p>\n\n\n\n<p>Para come\u00e7ar a receber as amostras, a UFVJM cadastrou-se no sistema Gerenciador de Ambiente Laboratorial (GAL), que a Funed utiliza para gerenciar as amostras e onde tamb\u00e9m ser\u00e3o disponibilizados os resultados. Outra obrigatoriedade foi disponibilizar o fluxo de entrega das amostras, definido em conjunto com a Superintend\u00eancia Regional de Sa\u00fade (SRS), que tem sede em Diamantina. O trabalho de diagn\u00f3stico pretende atender os 31 munic\u00edpios da macrorregi\u00e3o do Jequitinhonha. \u201cDesignamos, a princ\u00edpio, o fluxo das amostras para as Casas de Sa\u00fade de Diamantina. Esperamos definir as formas de participa\u00e7\u00e3o dos demais munic\u00edpios j\u00e1 nesta semana\u201d, explica a professora&nbsp;Val\u00e9ria&nbsp;Gomes de Almeida, coordenadora do&nbsp;Laborat\u00f3rio-Escola de An\u00e1lises Cl\u00ednicas.<\/p>\n\n\n\n<p>As an\u00e1lises iniciaram nesta segunda-feira, 20 de abril, e ser\u00e3o realizadas no N\u00facleo de Doen\u00e7as Infecciosas e Parasit\u00e1rias do Laborat\u00f3rio-Escola de An\u00e1lises Cl\u00ednicas, do curso de Farm\u00e1cia, que possui estrutura destinada \u00e0 pesquisa e projeto arquitet\u00f4nico voltado para a rotina laboratorial.<\/p>\n\n\n\n<p>Para a realiza\u00e7\u00e3o dos diagn\u00f3sticos, foi montada uma equipe de 24 pessoas, formada por pesquisadores volunt\u00e1rios da \u00e1rea de Sa\u00fade da universidade &#8211; professores, t\u00e9cnicos administrativos e alunos de p\u00f3s-gradua\u00e7\u00e3o -, que passou por treinamento espec\u00edfico para o diagn\u00f3stico molecular do novo coronav\u00edrus e por treinamento de biosseguran\u00e7a. Toda a equipe tamb\u00e9m foi testada e est\u00e1 negativa em rela\u00e7\u00e3o \u00e0 doen\u00e7a.<\/p>\n\n\n\n<figure class=\"wp-block-gallery columns-1 is-cropped wp-block-gallery-2 is-layout-flex wp-block-gallery-is-layout-flex\"><ul class=\"blocks-gallery-grid\"><li class=\"blocks-gallery-item\"><figure><img loading=\"lazy\" decoding=\"async\" width=\"673\" height=\"450\" src=\"http:\/\/aconteceunovale.com.br\/portal\/wp-content\/uploads\/2020\/04\/corona_ufvjm_2.jpg\" alt=\"\" data-id=\"161289\" data-full-url=\"http:\/\/aconteceunovale.com.br\/portal\/wp-content\/uploads\/2020\/04\/corona_ufvjm_2.jpg\" data-link=\"http:\/\/aconteceunovale.com.br\/portal\/?attachment_id=161289\" class=\"wp-image-161289\" srcset=\"https:\/\/aconteceunovale.com.br\/portal\/wp-content\/uploads\/2020\/04\/corona_ufvjm_2.jpg 673w, https:\/\/aconteceunovale.com.br\/portal\/wp-content\/uploads\/2020\/04\/corona_ufvjm_2-300x201.jpg 300w, https:\/\/aconteceunovale.com.br\/portal\/wp-content\/uploads\/2020\/04\/corona_ufvjm_2-628x420.jpg 628w\" sizes=\"auto, (max-width: 673px) 100vw, 673px\" \/><figcaption class=\"blocks-gallery-item__caption\"><em>Equipe participa de treinamento para diagn\u00f3stico do novo coronav\u00edrus (SARS-CoV-2) que provoca a Covid 19 (Foto: Anna Bastos\/UFVJM)<\/em><\/figcaption><\/figure><\/li><li class=\"blocks-gallery-item\"><figure><img loading=\"lazy\" decoding=\"async\" width=\"673\" height=\"450\" src=\"http:\/\/aconteceunovale.com.br\/portal\/wp-content\/uploads\/2020\/04\/corona_ufvjm_3.jpg\" alt=\"\" data-id=\"161288\" data-full-url=\"http:\/\/aconteceunovale.com.br\/portal\/wp-content\/uploads\/2020\/04\/corona_ufvjm_3.jpg\" data-link=\"http:\/\/aconteceunovale.com.br\/portal\/?attachment_id=161288\" class=\"wp-image-161288\" srcset=\"https:\/\/aconteceunovale.com.br\/portal\/wp-content\/uploads\/2020\/04\/corona_ufvjm_3.jpg 673w, https:\/\/aconteceunovale.com.br\/portal\/wp-content\/uploads\/2020\/04\/corona_ufvjm_3-300x201.jpg 300w, https:\/\/aconteceunovale.com.br\/portal\/wp-content\/uploads\/2020\/04\/corona_ufvjm_3-628x420.jpg 628w\" sizes=\"auto, (max-width: 673px) 100vw, 673px\" \/><figcaption class=\"blocks-gallery-item__caption\"><em>Equipe participa de treinamento para diagn\u00f3stico do novo coronav\u00edrus (SARS-CoV-2) que provoca a Covid 19 (Foto: Anna Bastos\/UFVJM)<\/em><\/figcaption><\/figure><\/li><\/ul><\/figure>\n\n\n\n<p>O professor Danilo Bretas explica que o processo \u00e9 realizado em laborat\u00f3rio separado em fluxo unidirecional, em cinco etapas: recebimento e processamento das amostras cl\u00ednicas dos pacientes; extra\u00e7\u00e3o do material gen\u00e9tico viral; preparado da rea\u00e7\u00e3o de amplifica\u00e7\u00e3o do material gen\u00e9tico; corrida da rea\u00e7\u00e3o em equipamento de PCR (rea\u00e7\u00e3o em cadeia da polimerase)&nbsp;em tempo real; e an\u00e1lise dos resultados e envio para as autoridades de Sa\u00fade.<\/p>\n\n\n\n<p>\u201cA infraestrutura autorizada pela Vigil\u00e2ncia Sanit\u00e1ria e o quadro de pesquisadores e t\u00e9cnicos capacitados envolvidos nesse servi\u00e7o asseguram \u00e0 universidade prestar um servi\u00e7o de alta qualidade aos gestores da sa\u00fade p\u00fablica das regi\u00f5es dos Vales do Jequitinhonha e Mucuri\u201d, pondera o assessor de Assuntos Estrat\u00e9gicos e Institucionais da UFVJM, Ronaldo Lopes Guimar\u00e3es.<\/p>\n\n\n\n<p><strong>Iniciativa<\/strong><\/p>\n\n\n\n<p>A iniciativa do cadastro da UFVJM junto \u00e0 Funed foi dos professores Danilo Bretas e Etel Vieira, do Centro Integrado de P\u00f3s-gradua\u00e7\u00e3o e Pesquisa em Sa\u00fade (CIPq-Sa\u00fade), e prontamente aceita e incentivada pelo reitor Janir Soares. \u201cTrata-se de uma a\u00e7\u00e3o institucional em prol do combate \u00e0 doen\u00e7a que s\u00f3 foi poss\u00edvel com a ades\u00e3o e envolvimento de todos. Teve in\u00edcio na PRPPG, com pesquisadores da Sa\u00fade, e acabou agregando professores, t\u00e9cnicos e alunos de outros cursos da \u00e1rea, que nos procuraram voluntariamente\u201d, afirma o professor Danilo Bretas, e completa: \u201cEu fui treinado para isso durante toda a minha carreira acad\u00eamica. Agora, com seguran\u00e7a, estamos prontos para ir para o enfrentamento!\u201d.<\/p>\n\n\n\n<p><strong>Equipe<\/strong><\/p>\n\n\n\n<figure class=\"wp-block-gallery columns-1 is-cropped wp-block-gallery-3 is-layout-flex wp-block-gallery-is-layout-flex\"><ul class=\"blocks-gallery-grid\"><li class=\"blocks-gallery-item\"><figure><img loading=\"lazy\" decoding=\"async\" width=\"673\" height=\"450\" src=\"http:\/\/aconteceunovale.com.br\/portal\/wp-content\/uploads\/2020\/04\/corona_ufvjm_4.jpg\" alt=\"\" data-id=\"161290\" data-full-url=\"http:\/\/aconteceunovale.com.br\/portal\/wp-content\/uploads\/2020\/04\/corona_ufvjm_4.jpg\" data-link=\"http:\/\/aconteceunovale.com.br\/portal\/?attachment_id=161290\" class=\"wp-image-161290\" srcset=\"https:\/\/aconteceunovale.com.br\/portal\/wp-content\/uploads\/2020\/04\/corona_ufvjm_4.jpg 673w, https:\/\/aconteceunovale.com.br\/portal\/wp-content\/uploads\/2020\/04\/corona_ufvjm_4-300x201.jpg 300w, https:\/\/aconteceunovale.com.br\/portal\/wp-content\/uploads\/2020\/04\/corona_ufvjm_4-628x420.jpg 628w\" sizes=\"auto, (max-width: 673px) 100vw, 673px\" \/><figcaption class=\"blocks-gallery-item__caption\"><em>(Foto: Anna Bastos\/UFVJM)<\/em><\/figcaption><\/figure><\/li><\/ul><\/figure>\n\n\n\n<p>A equipe respons\u00e1vel pela realiza\u00e7\u00e3o dos diagn\u00f3sticos \u00e9 formada por pesquisadores volunt\u00e1rios da \u00e1rea de Sa\u00fade da UFVJM. S\u00e3o eles:<\/p>\n\n\n\n<ul class=\"wp-block-list\"><li>Coordenadores &#8211; Danilo Bretas de Oliveira; Etel Rocha Vieira e Lucas Franco Ferreira.<\/li><li>Membros &#8211; Bruna Caroline Chaves Garcia; Bruno Ferreira Mendes; Carolina Vanetti Ansani; Cristiane Rocha Fagundes Moura; Daniel Campos Villela; Fidelis Ant\u00f4nio da Silva Junior; Gustavo Eust\u00e1quio Brito Alvim de Melo; Helen Rodrigues Martins; Jousielle M\u00e1rcia dos Santos; Juliana Sales Rodrigues Costa; Kamila Lorene Soares Rocha; Karine Beatriz Costa; Lincoln Rodrigues Rocha; Marcelo Henrique Fernandes Ottoni; Philipe Luan Brito; Ronaldo Luis Thomasini; Sanny Lara da Silva Lage; Thyago Jos\u00e9 Silva; Val\u00e9ria Gomes de Almeida; Vin\u00edcius de Oliveira Ottone e Vin\u00edcius Lopes Cantu\u00e1ria.<\/li><\/ul>\n\n\n\n<p>O reitor Janir Soares parabeniza toda a equipe pelos esfor\u00e7os empreendidos para iniciar o trabalho\u00a0de an\u00e1lises laboratoriais para o diagn\u00f3stico do novo coronav\u00edrus. \u201cAgrade\u00e7o tamb\u00e9m \u00e0s in\u00fameras outras equipes de trabalho dos campi de Jana\u00faba, Te\u00f3filo Otoni e Una\u00ed, que t\u00eam tornado a nossa universidade presente e atuante no enfrentamento da COVID-19\u201d, finaliza o reitor.<\/p>\n\n\n\n<p class=\"has-background has-very-light-gray-background-color\">Quer saber as not\u00edcias do <strong>Aconteceu no Vale<\/strong> em primeira m\u00e3o? Siga-nos no Facebook <a rel=\"noreferrer noopener\" href=\"http:\/\/facebook.com\/aconteceunovale\" target=\"_blank\">@aconteceunovale<\/a>, Twitter <a rel=\"noreferrer noopener\" href=\"https:\/\/twitter.com\/noticiadosvales\" target=\"_blank\">@noticiadosvales<\/a> e Instagram <a rel=\"noreferrer noopener\" href=\"https:\/\/www.instagram.com\/aconteceunovale\" target=\"_blank\">@aconteceunovale<\/a>.<\/p>\n","protected":false},"excerpt":{"rendered":"<p>Em uma uni\u00e3o de esfor\u00e7os entre diversos setores e cursos, especialmente da \u00e1rea da Sa\u00fade, a Universidade Federal dos Vales do Jequitinhonha e Mucuri (UFVJM) est\u00e1 preparada para a realiza\u00e7\u00e3o de an\u00e1lises laboratoriais para o diagn\u00f3stico do novo coronav\u00edrus (SARS-CoV-2) que provoca a Covid-19. A universidade passou pela etapa de valida\u00e7\u00e3o e faz parte, efetivamente, [&hellip;]<\/p>\n","protected":false},"author":1,"featured_media":161290,"comment_status":"open","ping_status":"closed","sticky":false,"template":"","format":"standard","meta":{"amp_status":"","footnotes":""},"categories":[40242,120,122],"tags":[220250,220251,220252,216498,220253,220254,220247,1018,220248,220255,2559,38748,220257,220256,220258,220259,220261,220260,220264,220249,220262,215653,220263,220245,220246,44884,220265,220267,219312,220266,250,220244,7129,220268,220270,220269],"class_list":["post-161286","post","type-post","status-publish","format-standard","has-post-thumbnail","hentry","category-saude-2","category-jequi","category-mucuri","tag-bruna-caroline-chaves-garcia","tag-bruno-ferreira-mendes","tag-carolina-vanetti-ansani","tag-covid-19","tag-cristiane-rocha-fagundes-moura","tag-daniel-campos-villela","tag-danilo-bretas-de-oliveira","tag-destaque","tag-etel-rocha-vieira","tag-fidelis-antonio-da-silva-junior","tag-fundacao-ezequiel-dias","tag-funed","tag-gustavo-eustaquio-brito-alvim-de-melo","tag-helen-rodrigues-martins","tag-jousielle-marcia-dos-santos","tag-juliana-sales-rodrigues-costa","tag-kamila-lorene-soares-rocha","tag-karine-beatriz-costa","tag-lincoln-rodrigues-rocha","tag-lucas-franco-ferreira","tag-marcelo-henrique-fernandes-ottoni","tag-novo-coronavirus","tag-philipe-luan-brito","tag-professor-janir-alves-soares","tag-redelab-covid-19","tag-reitor-da-ufvjm","tag-ronaldo-luis-thomasini","tag-sanny-lara-da-silva-lage","tag-sars-cov-2","tag-thyago-jose-silva","tag-ufvjm","tag-ufvjm-inicia-testes-do-novo-coronavirus","tag-universidade-federal-dos-vales-do-jequitinhonha-e-mucuri","tag-valeria-gomes-de-almeida","tag-vinicius-de-oliveira-ottone","tag-vinicius-lopes-cantuaria"],"_links":{"self":[{"href":"https:\/\/aconteceunovale.com.br\/portal\/index.php?rest_route=\/wp\/v2\/posts\/161286","targetHints":{"allow":["GET"]}}],"collection":[{"href":"https:\/\/aconteceunovale.com.br\/portal\/index.php?rest_route=\/wp\/v2\/posts"}],"about":[{"href":"https:\/\/aconteceunovale.com.br\/portal\/index.php?rest_route=\/wp\/v2\/types\/post"}],"author":[{"embeddable":true,"href":"https:\/\/aconteceunovale.com.br\/portal\/index.php?rest_route=\/wp\/v2\/users\/1"}],"replies":[{"embeddable":true,"href":"https:\/\/aconteceunovale.com.br\/portal\/index.php?rest_route=%2Fwp%2Fv2%2Fcomments&post=161286"}],"version-history":[{"count":1,"href":"https:\/\/aconteceunovale.com.br\/portal\/index.php?rest_route=\/wp\/v2\/posts\/161286\/revisions"}],"predecessor-version":[{"id":161291,"href":"https:\/\/aconteceunovale.com.br\/portal\/index.php?rest_route=\/wp\/v2\/posts\/161286\/revisions\/161291"}],"wp:featuredmedia":[{"embeddable":true,"href":"https:\/\/aconteceunovale.com.br\/portal\/index.php?rest_route=\/wp\/v2\/media\/161290"}],"wp:attachment":[{"href":"https:\/\/aconteceunovale.com.br\/portal\/index.php?rest_route=%2Fwp%2Fv2%2Fmedia&parent=161286"}],"wp:term":[{"taxonomy":"category","embeddable":true,"href":"https:\/\/aconteceunovale.com.br\/portal\/index.php?rest_route=%2Fwp%2Fv2%2Fcategories&post=161286"},{"taxonomy":"post_tag","embeddable":true,"href":"https:\/\/aconteceunovale.com.br\/portal\/index.php?rest_route=%2Fwp%2Fv2%2Ftags&post=161286"}],"curies":[{"name":"wp","href":"https:\/\/api.w.org\/{rel}","templated":true}]}}