{"id":161281,"date":"2020-04-21T10:16:52","date_gmt":"2020-04-21T13:16:52","guid":{"rendered":"http:\/\/aconteceunovale.com.br\/portal\/?p=161281"},"modified":"2020-04-21T10:17:34","modified_gmt":"2020-04-21T13:17:34","slug":"preservar-economia-nao-significa-sair-do-isolamento-social-diz-paulo-guedes","status":"publish","type":"post","link":"https:\/\/aconteceunovale.com.br\/portal\/?p=161281","title":{"rendered":"Preservar economia n\u00e3o significa sair do isolamento social, diz Paulo Guedes"},"content":{"rendered":"\n<p class=\"wp-block-paragraph\">O isolamento social n\u00e3o precisa ser abandonado e pode ser conciliado com a preserva\u00e7\u00e3o da atividade econ\u00f4mica, disse nesta segunda-feira (20) o ministro da Economia, Paulo Guedes. Em videoconfer\u00eancia com investidores, ele se disse otimista com a recupera\u00e7\u00e3o da produ\u00e7\u00e3o e do consumo e ressaltou que n\u00e3o faltar\u00e1 dinheiro para a sa\u00fade durante a pandemia provocada pelo novo coronav\u00edrus.<\/p>\n\n\n\n<p class=\"wp-block-paragraph\">Segundo o ministro, as medidas de preserva\u00e7\u00e3o do emprego e de aux\u00edlio \u00e0s camadas mais vulner\u00e1veis da popula\u00e7\u00e3o ajudar\u00e3o a manter os \u201cpontos vitais\u201d da economia de forma a tornar poss\u00edvel a sa\u00edda da crise da melhor forma poss\u00edvel. Ele se disse otimista com o trabalho da equipe econ\u00f4mica e afirmou que as medidas tomadas no primeiro ano de governo facilitar\u00e3o a recupera\u00e7\u00e3o.<\/p>\n\n\n\n<p class=\"wp-block-paragraph\">\u201cA economia est\u00e1 com mais for\u00e7a do que se est\u00e1 pensando, porque ela j\u00e1 estava come\u00e7ando a se mover. E, se n\u00f3s preservamos os sinais vitais da economia, n\u00e3o significa sair do isolamento. Temos de pensar nisso tamb\u00e9m. S\u00e3o duas dimens\u00f5es\u201d, disse Guedes.<\/p>\n\n\n\n<p class=\"wp-block-paragraph\">Na avalia\u00e7\u00e3o de Guedes, um dos sinais de que a recupera\u00e7\u00e3o econ\u00f4mica \u00e9 vi\u00e1vel est\u00e1 na manuten\u00e7\u00e3o das exporta\u00e7\u00f5es para a China, nosso maior parceiro comercial e principal destino dos produtos brasileiros. \u201cN\u00e3o sabia que seria uma pandemia, mas vale observar que at\u00e9 o momento n\u00e3o h\u00e1 queda nas exporta\u00e7\u00f5es\u201d, disse.<\/p>\n\n\n\n<p class=\"wp-block-paragraph\">O ministro admitiu que a crise foi maior que o esperado, mas defendeu a atua\u00e7\u00e3o da pasta assim que a dimens\u00e3o dos impactos da covid-19 foi percebida. \u201cComo no Brasil temos zika, dengue, eles t\u00eam l\u00e1 a gripe su\u00edna, a gripe avi\u00e1ria e teria sido a covid-19 um problema [apenas] na China. Quando caiu a ficha de que era uma pandemia, no dia seguinte tomamos conhecimento da dimens\u00e3o tr\u00e1gica, montamos o grupo e come\u00e7amos a disparar as medidas\u201d, disse.<\/p>\n\n\n\n<h2 class=\"wp-block-heading\">Sa\u00fade<\/h2>\n\n\n\n<p class=\"wp-block-paragraph\">O ministro assegurou que n\u00e3o faltar\u00e1 dinheiro para a sa\u00fade enquanto durar a pandemia. Em rela\u00e7\u00e3o \u00e0 recupera\u00e7\u00e3o econ\u00f4mica, Guedes afirmou que o governo ter\u00e1 de acelerar as reformas estruturais \u2013 como a tribut\u00e1ria, do pacto federativo e a administrativa \u2013 para criar um ambiente mais favor\u00e1vel ao investimento privado. Ele pediu que, a partir do segundo semestre, o Congresso aprove mecanismos para reequilibrar as contas p\u00fablicas e prometeu acelerar o programa de privatiza\u00e7\u00f5es para reduzir o endividamento do governo com as pol\u00edticas emergenciais.<\/p>\n\n\n\n<p class=\"wp-block-paragraph\">\u201cA velocidade de escape desse buraco negro depender\u00e1 do prosseguimento das reformas. Se n\u00e3o acelerar com as reformas estruturantes, n\u00e3o teremos apenas um ano de pesadelo\u201d, declarou.<\/p>\n\n\n\n<p class=\"wp-block-paragraph\">Guedes criticou ainda o pacote de aux\u00edlio a estados e munic\u00edpios\u00a0aprovado pela C\u00e2mara. Ele defende o repasse de R$ 40 bilh\u00f5es para repor perdas de arrecada\u00e7\u00e3o dos governos locais, contra um pacote de R$ 86,9 bilh\u00f5es aprovado pela C\u00e2mara que obriga a Uni\u00e3o a repor, sem limites, a diminui\u00e7\u00e3o das receitas das prefeituras e dos governos estaduais. \u201cComo n\u00f3s podemos garantir receitas? Voc\u00ea n\u00e3o pode depositar R$ 80 bilh\u00f5es e dar garantias irrestritas. E se o governador decidir que o isolamento \u00e9 de dois anos? Como n\u00f3s vamos garantir isso?\u201d, questionou.<\/p>\n\n\n\n<p class=\"wp-block-paragraph\">O ministro participou de uma videoconfer\u00eancia promovida pelo banco de investimentos BTG. A conversa foi conduzida pelo seu antecessor, o ex-ministro da Fazenda, Eduardo Guardia, que hoje \u00e9 CEO (presidente-executivo) da institui\u00e7\u00e3o financeira. Guedes falou por cerca de uma hora e meia sem ser interrompido pelo antecessor.<\/p>\n\n\n\n<p class=\"has-background has-very-light-gray-background-color wp-block-paragraph\">Quer saber as not\u00edcias do <strong>Aconteceu no Vale<\/strong> em primeira m\u00e3o? Siga-nos no Facebook <a rel=\"noreferrer noopener\" href=\"http:\/\/facebook.com\/aconteceunovale\" target=\"_blank\">@aconteceunovale<\/a>, Twitter <a rel=\"noreferrer noopener\" href=\"https:\/\/twitter.com\/noticiadosvales\" target=\"_blank\">@noticiadosvales<\/a> e Instagram <a rel=\"noreferrer noopener\" href=\"https:\/\/www.instagram.com\/aconteceunovale\" target=\"_blank\">@aconteceunovale<\/a>.<\/p>\n","protected":false},"excerpt":{"rendered":"<p>O isolamento social n\u00e3o precisa ser abandonado e pode ser conciliado com a preserva\u00e7\u00e3o da atividade econ\u00f4mica, disse nesta segunda-feira (20) o ministro da Economia, Paulo Guedes. Em videoconfer\u00eancia com investidores, ele se disse otimista com a recupera\u00e7\u00e3o da produ\u00e7\u00e3o e do consumo e ressaltou que n\u00e3o faltar\u00e1 dinheiro para a sa\u00fade durante a pandemia [&hellip;]<\/p>\n","protected":false},"author":1,"featured_media":161282,"comment_status":"open","ping_status":"closed","sticky":false,"template":"","format":"standard","meta":{"amp_status":"","footnotes":""},"categories":[6,40240],"tags":[214884,216498,1018,55503,218364,194202,219687,218365,17364,220238,220239,218516],"class_list":["post-161281","post","type-post","status-publish","format-standard","has-post-thumbnail","hentry","category-br","category-politica","tag-coronavirus","tag-covid-19","tag-destaque","tag-economia-brasileira","tag-isolamento-social","tag-ministro-da-economia","tag-pandemia-da-covid-19","tag-pandemia-do-coronavirus","tag-paulo-guedes","tag-preservacao-da-economia","tag-preservar-economia-nao-significa-sair-do-isolamento-social","tag-quarentena"],"yoast_head":"<!-- This site is optimized with the Yoast SEO plugin v28.3 - https:\/\/yoast.com\/product\/yoast-seo-wordpress\/ -->\n<title>Preservar economia n\u00e3o significa sair do isolamento social, diz Paulo Guedes - Aconteceu no Vale<\/title>\n<meta name=\"robots\" content=\"index, follow, max-snippet:-1, max-image-preview:large, max-video-preview:-1\" \/>\n<link rel=\"canonical\" href=\"https:\/\/aconteceunovale.com.br\/portal\/?p=161281\" \/>\n<meta property=\"og:locale\" content=\"pt_BR\" \/>\n<meta property=\"og:type\" content=\"article\" \/>\n<meta property=\"og:title\" content=\"Preservar economia n\u00e3o significa sair do isolamento social, diz Paulo Guedes - Aconteceu no Vale\" \/>\n<meta property=\"og:description\" content=\"O isolamento social n\u00e3o precisa ser abandonado e pode ser conciliado com a preserva\u00e7\u00e3o da atividade econ\u00f4mica, disse nesta segunda-feira (20) o ministro da Economia, Paulo Guedes. Em videoconfer\u00eancia com investidores, ele se disse otimista com a recupera\u00e7\u00e3o da produ\u00e7\u00e3o e do consumo e ressaltou que n\u00e3o faltar\u00e1 dinheiro para a sa\u00fade durante a pandemia [&hellip;]\" \/>\n<meta property=\"og:url\" content=\"https:\/\/aconteceunovale.com.br\/portal\/?p=161281\" \/>\n<meta property=\"og:site_name\" content=\"Aconteceu no Vale\" \/>\n<meta property=\"article:publisher\" content=\"https:\/\/www.facebook.com\/aconteceunovale\/\" \/>\n<meta property=\"article:published_time\" content=\"2020-04-21T13:16:52+00:00\" \/>\n<meta property=\"article:modified_time\" content=\"2020-04-21T13:17:34+00:00\" \/>\n<meta property=\"og:image\" content=\"https:\/\/aconteceunovale.com.br\/portal\/wp-content\/uploads\/2020\/04\/ministro_paulo_guedes.jpg\" \/>\n\t<meta property=\"og:image:width\" content=\"678\" \/>\n\t<meta property=\"og:image:height\" content=\"406\" \/>\n\t<meta property=\"og:image:type\" content=\"image\/jpeg\" \/>\n<meta name=\"author\" content=\"Aconteceu no Vale\" \/>\n<meta name=\"twitter:card\" content=\"summary_large_image\" \/>\n<meta name=\"twitter:creator\" content=\"@noticiadosvales\" \/>\n<meta name=\"twitter:site\" content=\"@noticiadosvales\" \/>\n<meta name=\"twitter:label1\" content=\"Escrito por\" \/>\n\t<meta name=\"twitter:data1\" content=\"Aconteceu no Vale\" \/>\n\t<meta name=\"twitter:label2\" content=\"Est. tempo de leitura\" \/>\n\t<meta name=\"twitter:data2\" content=\"3 minutos\" \/>\n<script type=\"application\/ld+json\" class=\"yoast-schema-graph\">{\"@context\":\"https:\\\/\\\/schema.org\",\"@graph\":[{\"@type\":\"Article\",\"@id\":\"https:\\\/\\\/aconteceunovale.com.br\\\/portal\\\/?p=161281#article\",\"isPartOf\":{\"@id\":\"https:\\\/\\\/aconteceunovale.com.br\\\/portal\\\/?p=161281\"},\"author\":{\"name\":\"Aconteceu no Vale\",\"@id\":\"https:\\\/\\\/aconteceunovale.com.br\\\/portal\\\/#\\\/schema\\\/person\\\/633529146f2c94272bef50ac2953d589\"},\"headline\":\"Preservar economia n\u00e3o significa sair do isolamento social, diz Paulo Guedes\",\"datePublished\":\"2020-04-21T13:16:52+00:00\",\"dateModified\":\"2020-04-21T13:17:34+00:00\",\"mainEntityOfPage\":{\"@id\":\"https:\\\/\\\/aconteceunovale.com.br\\\/portal\\\/?p=161281\"},\"wordCount\":642,\"commentCount\":0,\"image\":{\"@id\":\"https:\\\/\\\/aconteceunovale.com.br\\\/portal\\\/?p=161281#primaryimage\"},\"thumbnailUrl\":\"https:\\\/\\\/aconteceunovale.com.br\\\/portal\\\/wp-content\\\/uploads\\\/2020\\\/04\\\/ministro_paulo_guedes.jpg\",\"keywords\":[\"Coronav\u00edrus\",\"COVID-19\",\"destaque\",\"economia brasileira\",\"Isolamento social\",\"ministro da Economia\",\"Pandemia da covid-19\",\"Pandemia do coronav\u00edrus\",\"Paulo Guedes\",\"Preserva\u00e7\u00e3o da economia\",\"Preservar economia n\u00e3o significa sair do isolamento social\",\"Quarentena\"],\"articleSection\":[\"Brasil\",\"Pol\u00edtica\"],\"inLanguage\":\"pt-BR\",\"potentialAction\":[{\"@type\":\"CommentAction\",\"name\":\"Comment\",\"target\":[\"https:\\\/\\\/aconteceunovale.com.br\\\/portal\\\/?p=161281#respond\"]}]},{\"@type\":\"WebPage\",\"@id\":\"https:\\\/\\\/aconteceunovale.com.br\\\/portal\\\/?p=161281\",\"url\":\"https:\\\/\\\/aconteceunovale.com.br\\\/portal\\\/?p=161281\",\"name\":\"Preservar economia n\u00e3o significa sair do isolamento social, diz Paulo Guedes - Aconteceu no Vale\",\"isPartOf\":{\"@id\":\"https:\\\/\\\/aconteceunovale.com.br\\\/portal\\\/#website\"},\"primaryImageOfPage\":{\"@id\":\"https:\\\/\\\/aconteceunovale.com.br\\\/portal\\\/?p=161281#primaryimage\"},\"image\":{\"@id\":\"https:\\\/\\\/aconteceunovale.com.br\\\/portal\\\/?p=161281#primaryimage\"},\"thumbnailUrl\":\"https:\\\/\\\/aconteceunovale.com.br\\\/portal\\\/wp-content\\\/uploads\\\/2020\\\/04\\\/ministro_paulo_guedes.jpg\",\"datePublished\":\"2020-04-21T13:16:52+00:00\",\"dateModified\":\"2020-04-21T13:17:34+00:00\",\"author\":{\"@id\":\"https:\\\/\\\/aconteceunovale.com.br\\\/portal\\\/#\\\/schema\\\/person\\\/633529146f2c94272bef50ac2953d589\"},\"breadcrumb\":{\"@id\":\"https:\\\/\\\/aconteceunovale.com.br\\\/portal\\\/?p=161281#breadcrumb\"},\"inLanguage\":\"pt-BR\",\"potentialAction\":[{\"@type\":\"ReadAction\",\"target\":[\"https:\\\/\\\/aconteceunovale.com.br\\\/portal\\\/?p=161281\"]}]},{\"@type\":\"ImageObject\",\"inLanguage\":\"pt-BR\",\"@id\":\"https:\\\/\\\/aconteceunovale.com.br\\\/portal\\\/?p=161281#primaryimage\",\"url\":\"https:\\\/\\\/aconteceunovale.com.br\\\/portal\\\/wp-content\\\/uploads\\\/2020\\\/04\\\/ministro_paulo_guedes.jpg\",\"contentUrl\":\"https:\\\/\\\/aconteceunovale.com.br\\\/portal\\\/wp-content\\\/uploads\\\/2020\\\/04\\\/ministro_paulo_guedes.jpg\",\"width\":678,\"height\":406,\"caption\":\"O ministro da Economia, Paulo Guedes. fala \u00e0 imprensa no Pal\u00e1cio do Planalto\"},{\"@type\":\"BreadcrumbList\",\"@id\":\"https:\\\/\\\/aconteceunovale.com.br\\\/portal\\\/?p=161281#breadcrumb\",\"itemListElement\":[{\"@type\":\"ListItem\",\"position\":1,\"name\":\"In\u00edcio\",\"item\":\"https:\\\/\\\/aconteceunovale.com.br\\\/portal\\\/\"},{\"@type\":\"ListItem\",\"position\":2,\"name\":\"Preservar economia n\u00e3o significa sair do isolamento social, diz Paulo Guedes\"}]},{\"@type\":\"WebSite\",\"@id\":\"https:\\\/\\\/aconteceunovale.com.br\\\/portal\\\/#website\",\"url\":\"https:\\\/\\\/aconteceunovale.com.br\\\/portal\\\/\",\"name\":\"Aconteceu no Vale\",\"description\":\"Portal de Not\u00edcias\",\"potentialAction\":[{\"@type\":\"SearchAction\",\"target\":{\"@type\":\"EntryPoint\",\"urlTemplate\":\"https:\\\/\\\/aconteceunovale.com.br\\\/portal\\\/?s={search_term_string}\"},\"query-input\":{\"@type\":\"PropertyValueSpecification\",\"valueRequired\":true,\"valueName\":\"search_term_string\"}}],\"inLanguage\":\"pt-BR\"},{\"@type\":\"Person\",\"@id\":\"https:\\\/\\\/aconteceunovale.com.br\\\/portal\\\/#\\\/schema\\\/person\\\/633529146f2c94272bef50ac2953d589\",\"name\":\"Aconteceu no Vale\",\"description\":\"Equipe de reportagem do Aconteceu no Vale, portal de not\u00edcias do Vale do Jequitinhonha, em Minas Gerais. Cobrimos as 51 cidades do Vale desde 2013. Sugest\u00f5es de pauta e pedidos de corre\u00e7\u00e3o: contato@aconteceunovale.com.br\",\"sameAs\":[\"http:\\\/\\\/www.aconteceunovale.com.br\"],\"url\":\"https:\\\/\\\/aconteceunovale.com.br\\\/portal\\\/?author=1\"}]}<\/script>\n<!-- \/ Yoast SEO plugin. -->","yoast_head_json":{"title":"Preservar economia n\u00e3o significa sair do isolamento social, diz Paulo Guedes - Aconteceu no Vale","robots":{"index":"index","follow":"follow","max-snippet":"max-snippet:-1","max-image-preview":"max-image-preview:large","max-video-preview":"max-video-preview:-1"},"canonical":"https:\/\/aconteceunovale.com.br\/portal\/?p=161281","og_locale":"pt_BR","og_type":"article","og_title":"Preservar economia n\u00e3o significa sair do isolamento social, diz Paulo Guedes - Aconteceu no Vale","og_description":"O isolamento social n\u00e3o precisa ser abandonado e pode ser conciliado com a preserva\u00e7\u00e3o da atividade econ\u00f4mica, disse nesta segunda-feira (20) o ministro da Economia, Paulo Guedes. Em videoconfer\u00eancia com investidores, ele se disse otimista com a recupera\u00e7\u00e3o da produ\u00e7\u00e3o e do consumo e ressaltou que n\u00e3o faltar\u00e1 dinheiro para a sa\u00fade durante a pandemia [&hellip;]","og_url":"https:\/\/aconteceunovale.com.br\/portal\/?p=161281","og_site_name":"Aconteceu no Vale","article_publisher":"https:\/\/www.facebook.com\/aconteceunovale\/","article_published_time":"2020-04-21T13:16:52+00:00","article_modified_time":"2020-04-21T13:17:34+00:00","og_image":[{"width":678,"height":406,"url":"https:\/\/aconteceunovale.com.br\/portal\/wp-content\/uploads\/2020\/04\/ministro_paulo_guedes.jpg","type":"image\/jpeg"}],"author":"Aconteceu no Vale","twitter_card":"summary_large_image","twitter_creator":"@noticiadosvales","twitter_site":"@noticiadosvales","twitter_misc":{"Escrito por":"Aconteceu no Vale","Est. tempo de leitura":"3 minutos"},"schema":{"@context":"https:\/\/schema.org","@graph":[{"@type":"Article","@id":"https:\/\/aconteceunovale.com.br\/portal\/?p=161281#article","isPartOf":{"@id":"https:\/\/aconteceunovale.com.br\/portal\/?p=161281"},"author":{"name":"Aconteceu no Vale","@id":"https:\/\/aconteceunovale.com.br\/portal\/#\/schema\/person\/633529146f2c94272bef50ac2953d589"},"headline":"Preservar economia n\u00e3o significa sair do isolamento social, diz Paulo Guedes","datePublished":"2020-04-21T13:16:52+00:00","dateModified":"2020-04-21T13:17:34+00:00","mainEntityOfPage":{"@id":"https:\/\/aconteceunovale.com.br\/portal\/?p=161281"},"wordCount":642,"commentCount":0,"image":{"@id":"https:\/\/aconteceunovale.com.br\/portal\/?p=161281#primaryimage"},"thumbnailUrl":"https:\/\/aconteceunovale.com.br\/portal\/wp-content\/uploads\/2020\/04\/ministro_paulo_guedes.jpg","keywords":["Coronav\u00edrus","COVID-19","destaque","economia brasileira","Isolamento social","ministro da Economia","Pandemia da covid-19","Pandemia do coronav\u00edrus","Paulo Guedes","Preserva\u00e7\u00e3o da economia","Preservar economia n\u00e3o significa sair do isolamento social","Quarentena"],"articleSection":["Brasil","Pol\u00edtica"],"inLanguage":"pt-BR","potentialAction":[{"@type":"CommentAction","name":"Comment","target":["https:\/\/aconteceunovale.com.br\/portal\/?p=161281#respond"]}]},{"@type":"WebPage","@id":"https:\/\/aconteceunovale.com.br\/portal\/?p=161281","url":"https:\/\/aconteceunovale.com.br\/portal\/?p=161281","name":"Preservar economia n\u00e3o significa sair do isolamento social, diz Paulo Guedes - Aconteceu no Vale","isPartOf":{"@id":"https:\/\/aconteceunovale.com.br\/portal\/#website"},"primaryImageOfPage":{"@id":"https:\/\/aconteceunovale.com.br\/portal\/?p=161281#primaryimage"},"image":{"@id":"https:\/\/aconteceunovale.com.br\/portal\/?p=161281#primaryimage"},"thumbnailUrl":"https:\/\/aconteceunovale.com.br\/portal\/wp-content\/uploads\/2020\/04\/ministro_paulo_guedes.jpg","datePublished":"2020-04-21T13:16:52+00:00","dateModified":"2020-04-21T13:17:34+00:00","author":{"@id":"https:\/\/aconteceunovale.com.br\/portal\/#\/schema\/person\/633529146f2c94272bef50ac2953d589"},"breadcrumb":{"@id":"https:\/\/aconteceunovale.com.br\/portal\/?p=161281#breadcrumb"},"inLanguage":"pt-BR","potentialAction":[{"@type":"ReadAction","target":["https:\/\/aconteceunovale.com.br\/portal\/?p=161281"]}]},{"@type":"ImageObject","inLanguage":"pt-BR","@id":"https:\/\/aconteceunovale.com.br\/portal\/?p=161281#primaryimage","url":"https:\/\/aconteceunovale.com.br\/portal\/wp-content\/uploads\/2020\/04\/ministro_paulo_guedes.jpg","contentUrl":"https:\/\/aconteceunovale.com.br\/portal\/wp-content\/uploads\/2020\/04\/ministro_paulo_guedes.jpg","width":678,"height":406,"caption":"O ministro da Economia, Paulo Guedes. fala \u00e0 imprensa no Pal\u00e1cio do Planalto"},{"@type":"BreadcrumbList","@id":"https:\/\/aconteceunovale.com.br\/portal\/?p=161281#breadcrumb","itemListElement":[{"@type":"ListItem","position":1,"name":"In\u00edcio","item":"https:\/\/aconteceunovale.com.br\/portal\/"},{"@type":"ListItem","position":2,"name":"Preservar economia n\u00e3o significa sair do isolamento social, diz Paulo Guedes"}]},{"@type":"WebSite","@id":"https:\/\/aconteceunovale.com.br\/portal\/#website","url":"https:\/\/aconteceunovale.com.br\/portal\/","name":"Aconteceu no Vale","description":"Portal de Not\u00edcias","potentialAction":[{"@type":"SearchAction","target":{"@type":"EntryPoint","urlTemplate":"https:\/\/aconteceunovale.com.br\/portal\/?s={search_term_string}"},"query-input":{"@type":"PropertyValueSpecification","valueRequired":true,"valueName":"search_term_string"}}],"inLanguage":"pt-BR"},{"@type":"Person","@id":"https:\/\/aconteceunovale.com.br\/portal\/#\/schema\/person\/633529146f2c94272bef50ac2953d589","name":"Aconteceu no Vale","description":"Equipe de reportagem do Aconteceu no Vale, portal de not\u00edcias do Vale do Jequitinhonha, em Minas Gerais. Cobrimos as 51 cidades do Vale desde 2013. Sugest\u00f5es de pauta e pedidos de corre\u00e7\u00e3o: contato@aconteceunovale.com.br","sameAs":["http:\/\/www.aconteceunovale.com.br"],"url":"https:\/\/aconteceunovale.com.br\/portal\/?author=1"}]}},"_links":{"self":[{"href":"https:\/\/aconteceunovale.com.br\/portal\/index.php?rest_route=\/wp\/v2\/posts\/161281","targetHints":{"allow":["GET"]}}],"collection":[{"href":"https:\/\/aconteceunovale.com.br\/portal\/index.php?rest_route=\/wp\/v2\/posts"}],"about":[{"href":"https:\/\/aconteceunovale.com.br\/portal\/index.php?rest_route=\/wp\/v2\/types\/post"}],"author":[{"embeddable":true,"href":"https:\/\/aconteceunovale.com.br\/portal\/index.php?rest_route=\/wp\/v2\/users\/1"}],"replies":[{"embeddable":true,"href":"https:\/\/aconteceunovale.com.br\/portal\/index.php?rest_route=%2Fwp%2Fv2%2Fcomments&post=161281"}],"version-history":[{"count":1,"href":"https:\/\/aconteceunovale.com.br\/portal\/index.php?rest_route=\/wp\/v2\/posts\/161281\/revisions"}],"predecessor-version":[{"id":161283,"href":"https:\/\/aconteceunovale.com.br\/portal\/index.php?rest_route=\/wp\/v2\/posts\/161281\/revisions\/161283"}],"wp:featuredmedia":[{"embeddable":true,"href":"https:\/\/aconteceunovale.com.br\/portal\/index.php?rest_route=\/wp\/v2\/media\/161282"}],"wp:attachment":[{"href":"https:\/\/aconteceunovale.com.br\/portal\/index.php?rest_route=%2Fwp%2Fv2%2Fmedia&parent=161281"}],"wp:term":[{"taxonomy":"category","embeddable":true,"href":"https:\/\/aconteceunovale.com.br\/portal\/index.php?rest_route=%2Fwp%2Fv2%2Fcategories&post=161281"},{"taxonomy":"post_tag","embeddable":true,"href":"https:\/\/aconteceunovale.com.br\/portal\/index.php?rest_route=%2Fwp%2Fv2%2Ftags&post=161281"}],"curies":[{"name":"wp","href":"https:\/\/api.w.org\/{rel}","templated":true}]}}