{"id":161277,"date":"2020-04-21T09:39:06","date_gmt":"2020-04-21T12:39:06","guid":{"rendered":"http:\/\/aconteceunovale.com.br\/portal\/?p=161277"},"modified":"2020-04-21T09:39:50","modified_gmt":"2020-04-21T12:39:50","slug":"governo-antecipa-segunda-parcela-do-auxilio-emergencial","status":"publish","type":"post","link":"https:\/\/aconteceunovale.com.br\/portal\/?p=161277","title":{"rendered":"Governo antecipa segunda parcela do Aux\u00edlio Emergencial"},"content":{"rendered":"\n<p class=\"wp-block-paragraph\">A partir de quinta-feira (23\/4\/2020), benefici\u00e1rios do Auxilio Emergencial nascidos em janeiro e fevereiro ser\u00e3o contemplados com a segunda parcela do benef\u00edcio, informou nesta segunda-feira (20) o presidente da Caixa, Pedro Guimar\u00e3es, durante coletiva no Pal\u00e1cio do Planalto. O pagamento seguir\u00e1, de acordo com o m\u00eas de nascimento do beneficiado, nos dias 24 (mar\u00e7o e abril), 25 (maio e junho), 27 (julho e agosto), 28 (setembro e outubro) e 29 (novembro e dezembro) de abril para informais, aut\u00f4nomos e integrantes do Cadastro \u00danico que j\u00e1 receberam a primeira parcela do benef\u00edcio.<\/p>\n\n\n\n<p class=\"wp-block-paragraph\">O ministro da Cidadania, Onyx Lorenzoni, afirmou que 12 milh\u00f5es de CPFs foram regularizados de forma massificada, pois grande parte dos problemas de cadastro para receber o Aux\u00edlio Emergencial deviam-se a pend\u00eancias eleitorais. Segundo o ministro, a&nbsp;utiliza\u00e7\u00e3o de CPFs como base do cadastro para o Aux\u00edlio Emergencial tem o objetivo de dificultar o recebimento de recursos indevidos, evitando fraudes. &#8220;Todo sistema financeiro brasileiro \u00e9 estruturado em cima dessa informa\u00e7\u00e3o, e era muito importante que n\u00f3s pud\u00e9ssemos manter&#8221;, acrescentou.&nbsp;<\/p>\n\n\n\n<p class=\"wp-block-paragraph\">Desde o dia 9 de abril, quando teve in\u00edcio o pagamento do Aux\u00edlio Emergencial do Governo Federal, a Caixa j\u00e1 creditou mais de R$ 16,3 bilh\u00f5es para 24,2 milh\u00f5es de brasileiros. O banco, agente pagador do aux\u00edlio, est\u00e1 realizando a maior opera\u00e7\u00e3o de bancariza\u00e7\u00e3o da hist\u00f3ria do Brasil, tendo aberto at\u00e9 esta segunda-feira (20) mais de dez milh\u00f5es de contas Poupan\u00e7a Social Digital, gratuitamente.&nbsp;<\/p>\n\n\n\n<p class=\"wp-block-paragraph\">&#8220;At\u00e9 o final de abril, estaremos bancarizando mais de vinte milh\u00f5es de pessoas que nunca tiveram uma conta banc\u00e1ria, tudo isso de maneira gratuita e dando condi\u00e7\u00f5es para que, no presente e no futuro, o Estado brasileiro enxergar esses que agora s\u00e3o vis\u00edveis&nbsp; e at\u00e9 alguma semanas atr\u00e1s eram os invis\u00edveis da economia brasileira&#8221;, ressaltou Onyx.&nbsp;<\/p>\n\n\n\n<p class=\"wp-block-paragraph\">At\u00e9 a tarde desta segunda-feira (20), 42,2 milh\u00f5es de cidad\u00e3os j\u00e1 se cadastraram para recebimento do benef\u00edcio. O site de cadastro superou a marca de 275,1 milh\u00f5es de visitas e a central exclusiva 111 registrou 49,6 milh\u00f5es de liga\u00e7\u00f5es. O aplicativo Caixa | Aux\u00edlio Emergencial foi baixado mais de 50 milh\u00f5es de vezes.<\/p>\n\n\n\n<p class=\"wp-block-paragraph\">Onyx defendeu o aprimoramento tecnol\u00f3gico para acesso da sociedade a aplicativos e o avan\u00e7o do calend\u00e1rio de pagamentos. Destacou que, neste momento, o Governo est\u00e1 antecipando parcelas e identificando pessoas, antes, invis\u00edveis (cerca de dez milh\u00f5es de acordo com Onyx). &#8220;Com essa base de dados atualizada, poderemos desenvolver pol\u00edticas p\u00fablicas de promo\u00e7\u00e3o \u00e0 cidadania&#8221;.<\/p>\n\n\n\n<h3 class=\"wp-block-heading\">Atualiza\u00e7\u00e3o do app<\/h3>\n\n\n\n<p class=\"wp-block-paragraph\">Durante a coletiva, a Caixa ainda anunciou uma atualiza\u00e7\u00e3o no aplicativo de cadastro, que passa a disponibilizar a possibilidade de nova solicita\u00e7\u00e3o ou contesta\u00e7\u00e3o do resultado da an\u00e1lise efetuada pela Dataprev. Para quem est\u00e1 no Cadastro \u00danico, a consulta do resultado da an\u00e1lise poder\u00e1 ser feita a partir desta segunda-feira (20) no aplicativo Caixa | Aux\u00edlio Emergencial.<\/p>\n\n\n\n<p class=\"wp-block-paragraph\">Se o cidad\u00e3o inscrito no Cadastro \u00danico tiver sido reprovado pela Dataprev, poder\u00e1 solicitar nova avalia\u00e7\u00e3o por meio do cadastramento no aplicativo ou do site\u00a0<a href=\"https:\/\/auxilio.caixa.gov.br\/\" target=\"_blank\" rel=\"noreferrer noopener\">https:\/\/auxilio.caixa.gov.br\/<\/a>.\u00a0A consulta do resultado da an\u00e1lise ser\u00e1 liberada ainda nesta semana, ap\u00f3s o recebimento pela Caixa dos arquivos a serem enviados pela Dataprev com a rela\u00e7\u00e3o de brasileiros n\u00e3o aprovados.<\/p>\n\n\n\n<p class=\"wp-block-paragraph\">&#8220;Todas as pessoas do Cadastro \u00danico que n\u00e3o receberam poder\u00e3o se cadastrar e ser\u00e3o analisadas pela Dataprev, pelo Minist\u00e9rio da Cidadania e poder\u00e3o sim vir a receber&#8221;, destacou o presidente da Caixa.<\/p>\n\n\n\n<p class=\"wp-block-paragraph\">Se o retorno da an\u00e1lise for \u201cdados inconclusivos\u201d, ser\u00e1 permitido ao cidad\u00e3o realizar nova solicita\u00e7\u00e3o. Os motivos da inconclus\u00e3o podem ser:&nbsp;<\/p>\n\n\n\n<ul class=\"wp-block-list\"><li>marca\u00e7\u00e3o como chefe de fam\u00edlia sem indica\u00e7\u00e3o de nenhum membro;<\/li><li>falta de inser\u00e7\u00e3o da informa\u00e7\u00e3o de sexo;\u00a0<\/li><li>inser\u00e7\u00e3o incorreta de dados de membro da fam\u00edlia, tais como CPF e data de nascimento;<\/li><li>diverg\u00eancia de cadastramento entre membros da mesma fam\u00edlia;<\/li><li>inclus\u00e3o de alguma pessoa da fam\u00edlia com indicativo de \u00f3bito.<\/li><\/ul>\n\n\n\n<p class=\"wp-block-paragraph\">Se o resultado for \u201cbenef\u00edcio n\u00e3o aprovado\u201d, o cidad\u00e3o poder\u00e1 contestar o motivo da n\u00e3o aprova\u00e7\u00e3o ou realizar nova solicita\u00e7\u00e3o.<\/p>\n\n\n\n<h3 class=\"wp-block-heading\">An\u00e1lise de elegibilidade<\/h3>\n\n\n\n<p class=\"wp-block-paragraph\">A lei 13.982\/2020 estabelece os crit\u00e9rios de quem tem direito a receber o Aux\u00edlio Emergencial. Todos os requisitos previstos nessa legisla\u00e7\u00e3o devem ser observados para ter direito ao recebimento do benef\u00edcio. A Caixa disponibiliza o aplicativo e o site para cadastramento e acompanhamento das solicita\u00e7\u00f5es do aux\u00edlio.<\/p>\n\n\n\n<p class=\"wp-block-paragraph\">As informa\u00e7\u00f5es coletadas por estes canais s\u00e3o enviadas \u00e0 Dataprev para avalia\u00e7\u00e3o dos requisitos previstos na lei. A Dataprev \u00e9 respons\u00e1vel por verificar e informar \u00e0 Caixa os cidad\u00e3os eleg\u00edveis e o valor do benef\u00edcio, bem como informar os ineleg\u00edveis e o motivo da n\u00e3o aprova\u00e7\u00e3o. Ap\u00f3s conclu\u00eddo esse processo, que tem sido feito em lotes de milh\u00f5es de inscritos, as informa\u00e7\u00f5es s\u00e3o encaminhadas ao banco, que, ent\u00e3o, realiza o pagamento aos aprovados.<\/p>\n\n\n\n<p class=\"wp-block-paragraph\">Para aqueles que recebem o Bolsa Fam\u00edlia, a avalia\u00e7\u00e3o de elegibilidade \u00e9 autom\u00e1tica. Quem tiver o direito receber\u00e1 o cr\u00e9dito do aux\u00edlio no mesmo calend\u00e1rio e forma do benef\u00edcio regular. Os cidad\u00e3os inscritos no Cad\u00danico at\u00e9 o dia 20 de mar\u00e7o que cumprem os requisitos legais, n\u00e3o fazem parte do Bolsa Fam\u00edlia e t\u00eam conta poupan\u00e7a na Caixa ou no Banco do Brasil recebem o cr\u00e9dito de forma autom\u00e1tica. No caso daqueles sem conta, o cr\u00e9dito \u00e9 feito na Poupan\u00e7a Social Digital da Caixa.&nbsp;<\/p>\n\n\n\n<h3 class=\"wp-block-heading\">App Caixa Tem<\/h3>\n\n\n\n<p class=\"wp-block-paragraph\">O app Caixa Tem, utilizado para movimenta\u00e7\u00e3o das contas Poupan\u00e7a Social Digital, j\u00e1 registrou 21,9 milh\u00f5es de\u00a0<em>downloads,<\/em>\u00a0e j\u00e1 foram abertas mais de dez milh\u00f5es de contas. A Caixa disponibilizou\u00a0<a rel=\"noreferrer noopener\" href=\"http:\/\/www.caixa.gov.br\/Downloads\/poupanca-social-digital\/Poupanca_Social_Digital_passo_a_passo.pdf\" target=\"_blank\">nesta p\u00e1gina<\/a>\u00a0passo a passo de cadastramento no app Caixa Tem para facilitar a utiliza\u00e7\u00e3o pelos clientes.<\/p>\n\n\n\n<h3 class=\"wp-block-heading\">Saque em esp\u00e9cie<\/h3>\n\n\n\n<p class=\"wp-block-paragraph\">Com o objetivo de evitar aglomera\u00e7\u00f5es nas ag\u00eancias e unidades lot\u00e9ricas, expondo empregados, parceiros e clientes ao risco de cont\u00e1gio, a Caixa escalonou o calend\u00e1rio de saque. Os recursos creditados na poupan\u00e7a digital podem ser utilizados por meio do app Caixa Tem para pagamentos e transfer\u00eancias, entre outros servi\u00e7os.<\/p>\n\n\n\n<p class=\"wp-block-paragraph\">Quem indicou conta banc\u00e1ria anterior ou vai receber os R$ 600 em substitui\u00e7\u00e3o ao Bolsa Fam\u00edlia, n\u00e3o tem restri\u00e7\u00e3o para saque. Segue o calend\u00e1rio de saque em esp\u00e9cie da poupan\u00e7a digital sem cart\u00e3o nos canais de autoatendimento e lot\u00e9ricas:<\/p>\n\n\n\n<ul class=\"wp-block-list\"><li>27 de abril: nascidos em janeiro e fevereiro<\/li><li>28 de abril: nascidos em mar\u00e7o e abril<\/li><li>29 de abril: nascidos em maio e junho<\/li><li>30 de abril: nascidos julho e agosto<\/li><li>4 de maio: nascidos em setembro e outubro<\/li><li>5 de maio: nascidos em novembro e dezembro\u00a0\u00a0<\/li><\/ul>\n\n\n\n<h3 class=\"wp-block-heading\">Pagamentos ao p\u00fablico Bolsa Fam\u00edlia<\/h3>\n\n\n\n<p class=\"wp-block-paragraph\">At\u00e9 o dia 30, ser\u00e3o liberados mais R$ 12 bilh\u00f5es em Aux\u00edlio Emergencial para benefici\u00e1rios do Bolsa Fam\u00edlia conforme calend\u00e1rio abaixo:<\/p>\n\n\n\n<p class=\"wp-block-paragraph\">Segunda-feira (20):<\/p>\n\n\n\n<ul class=\"wp-block-list\"><li>1.923.492 pessoas &#8211; NIS final 3 <\/li><li>1.357.623 fam\u00edlias<\/li><\/ul>\n\n\n\n<p class=\"wp-block-paragraph\">Quarta-feira (22):<\/p>\n\n\n\n<ul class=\"wp-block-list\"><li>1.924.261 pessoas &#8211; NIS final 4 <\/li><li>1.358.166 fam\u00edlias<\/li><\/ul>\n\n\n\n<p class=\"wp-block-paragraph\">Quinta-feira (23):<\/p>\n\n\n\n<ul class=\"wp-block-list\"><li>1.922.522 pessoas &#8211; NIS final 5 <\/li><li>1.356.938 fam\u00edlias<\/li><\/ul>\n\n\n\n<p class=\"wp-block-paragraph\">Sexta-feira (24):<\/p>\n\n\n\n<ul class=\"wp-block-list\"><li>1.919.453 pessoas &#8211; NIS final 6 <\/li><li>1.354.772 fam\u00edlias<\/li><\/ul>\n\n\n\n<p class=\"wp-block-paragraph\">Segunda-feira (27):<\/p>\n\n\n\n<ul class=\"wp-block-list\"><li>1.921.061 pessoas \u2013 NIS final 7 <\/li><li>1.355.907 fam\u00edlias<\/li><\/ul>\n\n\n\n<p class=\"wp-block-paragraph\">Ter\u00e7a-feira (28):<\/p>\n\n\n\n<ul class=\"wp-block-list\"><li>1.917.991 pessoas &#8211; NIS final 8 <\/li><li>1.353.741 fam\u00edlias<\/li><\/ul>\n\n\n\n<p class=\"wp-block-paragraph\">Quarta-feira (29):<\/p>\n\n\n\n<ul class=\"wp-block-list\"><li>1.920.953 pessoas &#8211; NIS final 9 <\/li><li>1.355.831 fam\u00edlias<\/li><\/ul>\n\n\n\n<p class=\"wp-block-paragraph\">Quinta-feira (30):<\/p>\n\n\n\n<ul class=\"wp-block-list\"><li>1.918.047 pessoas &#8211; NIS final 0 <\/li><li>1.353.780 fam\u00edlias<\/li><\/ul>\n\n\n\n<p class=\"has-background has-very-light-gray-background-color wp-block-paragraph\">Quer saber as not\u00edcias do <strong>Aconteceu no Vale<\/strong> em primeira m\u00e3o? Siga-nos no Facebook <a rel=\"noreferrer noopener\" href=\"http:\/\/facebook.com\/aconteceunovale\" target=\"_blank\">@aconteceunovale<\/a>, Twitter <a rel=\"noreferrer noopener\" href=\"https:\/\/twitter.com\/noticiadosvales\" target=\"_blank\">@noticiadosvales<\/a> e Instagram <a rel=\"noreferrer noopener\" href=\"https:\/\/www.instagram.com\/aconteceunovale\" target=\"_blank\">@aconteceunovale<\/a>.<\/p>\n","protected":false},"excerpt":{"rendered":"<p>A partir de quinta-feira (23\/4\/2020), benefici\u00e1rios do Auxilio Emergencial nascidos em janeiro e fevereiro ser\u00e3o contemplados com a segunda parcela do benef\u00edcio, informou nesta segunda-feira (20) o presidente da Caixa, Pedro Guimar\u00e3es, durante coletiva no Pal\u00e1cio do Planalto. O pagamento seguir\u00e1, de acordo com o m\u00eas de nascimento do beneficiado, nos dias 24 (mar\u00e7o e [&hellip;]<\/p>\n","protected":false},"author":1,"featured_media":160591,"comment_status":"open","ping_status":"closed","sticky":false,"template":"","format":"standard","meta":{"amp_status":"","footnotes":""},"categories":[6],"tags":[220233,220230,219383,219824,220008,1018,220229,4610,190877,184434,220231,187086,220234,219386,220232],"class_list":["post-161277","post","type-post","status-publish","format-standard","has-post-thumbnail","hentry","category-br","tag-aplicativo-caixa-tem","tag-auxilio-de-600","tag-auxilio-emergencial","tag-auxilio-emergencial-de-600","tag-caixa-auxilio-emergencial","tag-destaque","tag-governo-antecipa-segunda-parcela-do-auxilio-emergencial","tag-governo-federal","tag-ministro-da-cidadania","tag-onyx-lorenzoni","tag-pagamento-da-segunda-parcela-do-auxilio-emergencial","tag-pedro-guimaraes","tag-poupanca-social-digital","tag-presidente-da-caixa","tag-segunda-parcela-do-auxilio-emergencial"],"yoast_head":"<!-- This site is optimized with the Yoast SEO plugin v28.3 - https:\/\/yoast.com\/product\/yoast-seo-wordpress\/ -->\n<title>Governo antecipa segunda parcela do Aux\u00edlio Emergencial - Aconteceu no Vale<\/title>\n<meta name=\"robots\" content=\"index, follow, max-snippet:-1, max-image-preview:large, max-video-preview:-1\" \/>\n<link rel=\"canonical\" href=\"https:\/\/aconteceunovale.com.br\/portal\/?p=161277\" \/>\n<meta property=\"og:locale\" content=\"pt_BR\" \/>\n<meta property=\"og:type\" content=\"article\" \/>\n<meta property=\"og:title\" content=\"Governo antecipa segunda parcela do Aux\u00edlio Emergencial - Aconteceu no Vale\" \/>\n<meta property=\"og:description\" content=\"A partir de quinta-feira (23\/4\/2020), benefici\u00e1rios do Auxilio Emergencial nascidos em janeiro e fevereiro ser\u00e3o contemplados com a segunda parcela do benef\u00edcio, informou nesta segunda-feira (20) o presidente da Caixa, Pedro Guimar\u00e3es, durante coletiva no Pal\u00e1cio do Planalto. O pagamento seguir\u00e1, de acordo com o m\u00eas de nascimento do beneficiado, nos dias 24 (mar\u00e7o e [&hellip;]\" \/>\n<meta property=\"og:url\" content=\"https:\/\/aconteceunovale.com.br\/portal\/?p=161277\" \/>\n<meta property=\"og:site_name\" content=\"Aconteceu no Vale\" \/>\n<meta property=\"article:publisher\" content=\"https:\/\/www.facebook.com\/aconteceunovale\/\" \/>\n<meta property=\"article:published_time\" content=\"2020-04-21T12:39:06+00:00\" \/>\n<meta property=\"article:modified_time\" content=\"2020-04-21T12:39:50+00:00\" \/>\n<meta property=\"og:image\" content=\"https:\/\/aconteceunovale.com.br\/portal\/wp-content\/uploads\/2020\/04\/auxilio_emergencial_pub2.png\" \/>\n\t<meta property=\"og:image:width\" content=\"678\" \/>\n\t<meta property=\"og:image:height\" content=\"352\" \/>\n\t<meta property=\"og:image:type\" content=\"image\/png\" \/>\n<meta name=\"author\" content=\"Aconteceu no Vale\" \/>\n<meta name=\"twitter:card\" content=\"summary_large_image\" \/>\n<meta name=\"twitter:creator\" content=\"@noticiadosvales\" \/>\n<meta name=\"twitter:site\" content=\"@noticiadosvales\" \/>\n<meta name=\"twitter:label1\" content=\"Escrito por\" \/>\n\t<meta name=\"twitter:data1\" content=\"Aconteceu no Vale\" \/>\n\t<meta name=\"twitter:label2\" content=\"Est. tempo de leitura\" \/>\n\t<meta name=\"twitter:data2\" content=\"6 minutos\" \/>\n<script type=\"application\/ld+json\" class=\"yoast-schema-graph\">{\"@context\":\"https:\\\/\\\/schema.org\",\"@graph\":[{\"@type\":\"Article\",\"@id\":\"https:\\\/\\\/aconteceunovale.com.br\\\/portal\\\/?p=161277#article\",\"isPartOf\":{\"@id\":\"https:\\\/\\\/aconteceunovale.com.br\\\/portal\\\/?p=161277\"},\"author\":{\"name\":\"Aconteceu no Vale\",\"@id\":\"https:\\\/\\\/aconteceunovale.com.br\\\/portal\\\/#\\\/schema\\\/person\\\/633529146f2c94272bef50ac2953d589\"},\"headline\":\"Governo antecipa segunda parcela do Aux\u00edlio Emergencial\",\"datePublished\":\"2020-04-21T12:39:06+00:00\",\"dateModified\":\"2020-04-21T12:39:50+00:00\",\"mainEntityOfPage\":{\"@id\":\"https:\\\/\\\/aconteceunovale.com.br\\\/portal\\\/?p=161277\"},\"wordCount\":1279,\"commentCount\":0,\"image\":{\"@id\":\"https:\\\/\\\/aconteceunovale.com.br\\\/portal\\\/?p=161277#primaryimage\"},\"thumbnailUrl\":\"https:\\\/\\\/aconteceunovale.com.br\\\/portal\\\/wp-content\\\/uploads\\\/2020\\\/04\\\/auxilio_emergencial_pub2.png\",\"keywords\":[\"Aplicativo Caixa Tem\",\"Aux\u00edlio de 600\",\"aux\u00edlio emergencial\",\"Aux\u00edlio emergencial de 600\",\"Caixa Aux\u00edlio Emergencial\",\"destaque\",\"Governo antecipa segunda parcela do Aux\u00edlio Emergencial\",\"Governo Federal\",\"ministro da Cidadania\",\"Onyx Lorenzoni\",\"Pagamento da segunda parcela do Aux\u00edlio emergencial\",\"Pedro Guimar\u00e3es\",\"Poupan\u00e7a Social Digital\",\"Presidente da Caixa\",\"Segunda parcela do Aux\u00edlio emergencial\"],\"articleSection\":[\"Brasil\"],\"inLanguage\":\"pt-BR\",\"potentialAction\":[{\"@type\":\"CommentAction\",\"name\":\"Comment\",\"target\":[\"https:\\\/\\\/aconteceunovale.com.br\\\/portal\\\/?p=161277#respond\"]}]},{\"@type\":\"WebPage\",\"@id\":\"https:\\\/\\\/aconteceunovale.com.br\\\/portal\\\/?p=161277\",\"url\":\"https:\\\/\\\/aconteceunovale.com.br\\\/portal\\\/?p=161277\",\"name\":\"Governo antecipa segunda parcela do Aux\u00edlio Emergencial - Aconteceu no Vale\",\"isPartOf\":{\"@id\":\"https:\\\/\\\/aconteceunovale.com.br\\\/portal\\\/#website\"},\"primaryImageOfPage\":{\"@id\":\"https:\\\/\\\/aconteceunovale.com.br\\\/portal\\\/?p=161277#primaryimage\"},\"image\":{\"@id\":\"https:\\\/\\\/aconteceunovale.com.br\\\/portal\\\/?p=161277#primaryimage\"},\"thumbnailUrl\":\"https:\\\/\\\/aconteceunovale.com.br\\\/portal\\\/wp-content\\\/uploads\\\/2020\\\/04\\\/auxilio_emergencial_pub2.png\",\"datePublished\":\"2020-04-21T12:39:06+00:00\",\"dateModified\":\"2020-04-21T12:39:50+00:00\",\"author\":{\"@id\":\"https:\\\/\\\/aconteceunovale.com.br\\\/portal\\\/#\\\/schema\\\/person\\\/633529146f2c94272bef50ac2953d589\"},\"breadcrumb\":{\"@id\":\"https:\\\/\\\/aconteceunovale.com.br\\\/portal\\\/?p=161277#breadcrumb\"},\"inLanguage\":\"pt-BR\",\"potentialAction\":[{\"@type\":\"ReadAction\",\"target\":[\"https:\\\/\\\/aconteceunovale.com.br\\\/portal\\\/?p=161277\"]}]},{\"@type\":\"ImageObject\",\"inLanguage\":\"pt-BR\",\"@id\":\"https:\\\/\\\/aconteceunovale.com.br\\\/portal\\\/?p=161277#primaryimage\",\"url\":\"https:\\\/\\\/aconteceunovale.com.br\\\/portal\\\/wp-content\\\/uploads\\\/2020\\\/04\\\/auxilio_emergencial_pub2.png\",\"contentUrl\":\"https:\\\/\\\/aconteceunovale.com.br\\\/portal\\\/wp-content\\\/uploads\\\/2020\\\/04\\\/auxilio_emergencial_pub2.png\",\"width\":678,\"height\":352},{\"@type\":\"BreadcrumbList\",\"@id\":\"https:\\\/\\\/aconteceunovale.com.br\\\/portal\\\/?p=161277#breadcrumb\",\"itemListElement\":[{\"@type\":\"ListItem\",\"position\":1,\"name\":\"In\u00edcio\",\"item\":\"https:\\\/\\\/aconteceunovale.com.br\\\/portal\\\/\"},{\"@type\":\"ListItem\",\"position\":2,\"name\":\"Governo antecipa segunda parcela do Aux\u00edlio Emergencial\"}]},{\"@type\":\"WebSite\",\"@id\":\"https:\\\/\\\/aconteceunovale.com.br\\\/portal\\\/#website\",\"url\":\"https:\\\/\\\/aconteceunovale.com.br\\\/portal\\\/\",\"name\":\"Aconteceu no Vale\",\"description\":\"Portal de Not\u00edcias\",\"potentialAction\":[{\"@type\":\"SearchAction\",\"target\":{\"@type\":\"EntryPoint\",\"urlTemplate\":\"https:\\\/\\\/aconteceunovale.com.br\\\/portal\\\/?s={search_term_string}\"},\"query-input\":{\"@type\":\"PropertyValueSpecification\",\"valueRequired\":true,\"valueName\":\"search_term_string\"}}],\"inLanguage\":\"pt-BR\"},{\"@type\":\"Person\",\"@id\":\"https:\\\/\\\/aconteceunovale.com.br\\\/portal\\\/#\\\/schema\\\/person\\\/633529146f2c94272bef50ac2953d589\",\"name\":\"Aconteceu no Vale\",\"description\":\"Equipe de reportagem do Aconteceu no Vale, portal de not\u00edcias do Vale do Jequitinhonha, em Minas Gerais. Cobrimos as 51 cidades do Vale desde 2013. Sugest\u00f5es de pauta e pedidos de corre\u00e7\u00e3o: contato@aconteceunovale.com.br\",\"sameAs\":[\"http:\\\/\\\/www.aconteceunovale.com.br\"],\"url\":\"https:\\\/\\\/aconteceunovale.com.br\\\/portal\\\/?author=1\"}]}<\/script>\n<!-- \/ Yoast SEO plugin. -->","yoast_head_json":{"title":"Governo antecipa segunda parcela do Aux\u00edlio Emergencial - Aconteceu no Vale","robots":{"index":"index","follow":"follow","max-snippet":"max-snippet:-1","max-image-preview":"max-image-preview:large","max-video-preview":"max-video-preview:-1"},"canonical":"https:\/\/aconteceunovale.com.br\/portal\/?p=161277","og_locale":"pt_BR","og_type":"article","og_title":"Governo antecipa segunda parcela do Aux\u00edlio Emergencial - Aconteceu no Vale","og_description":"A partir de quinta-feira (23\/4\/2020), benefici\u00e1rios do Auxilio Emergencial nascidos em janeiro e fevereiro ser\u00e3o contemplados com a segunda parcela do benef\u00edcio, informou nesta segunda-feira (20) o presidente da Caixa, Pedro Guimar\u00e3es, durante coletiva no Pal\u00e1cio do Planalto. O pagamento seguir\u00e1, de acordo com o m\u00eas de nascimento do beneficiado, nos dias 24 (mar\u00e7o e [&hellip;]","og_url":"https:\/\/aconteceunovale.com.br\/portal\/?p=161277","og_site_name":"Aconteceu no Vale","article_publisher":"https:\/\/www.facebook.com\/aconteceunovale\/","article_published_time":"2020-04-21T12:39:06+00:00","article_modified_time":"2020-04-21T12:39:50+00:00","og_image":[{"width":678,"height":352,"url":"https:\/\/aconteceunovale.com.br\/portal\/wp-content\/uploads\/2020\/04\/auxilio_emergencial_pub2.png","type":"image\/png"}],"author":"Aconteceu no Vale","twitter_card":"summary_large_image","twitter_creator":"@noticiadosvales","twitter_site":"@noticiadosvales","twitter_misc":{"Escrito por":"Aconteceu no Vale","Est. tempo de leitura":"6 minutos"},"schema":{"@context":"https:\/\/schema.org","@graph":[{"@type":"Article","@id":"https:\/\/aconteceunovale.com.br\/portal\/?p=161277#article","isPartOf":{"@id":"https:\/\/aconteceunovale.com.br\/portal\/?p=161277"},"author":{"name":"Aconteceu no Vale","@id":"https:\/\/aconteceunovale.com.br\/portal\/#\/schema\/person\/633529146f2c94272bef50ac2953d589"},"headline":"Governo antecipa segunda parcela do Aux\u00edlio Emergencial","datePublished":"2020-04-21T12:39:06+00:00","dateModified":"2020-04-21T12:39:50+00:00","mainEntityOfPage":{"@id":"https:\/\/aconteceunovale.com.br\/portal\/?p=161277"},"wordCount":1279,"commentCount":0,"image":{"@id":"https:\/\/aconteceunovale.com.br\/portal\/?p=161277#primaryimage"},"thumbnailUrl":"https:\/\/aconteceunovale.com.br\/portal\/wp-content\/uploads\/2020\/04\/auxilio_emergencial_pub2.png","keywords":["Aplicativo Caixa Tem","Aux\u00edlio de 600","aux\u00edlio emergencial","Aux\u00edlio emergencial de 600","Caixa Aux\u00edlio Emergencial","destaque","Governo antecipa segunda parcela do Aux\u00edlio Emergencial","Governo Federal","ministro da Cidadania","Onyx Lorenzoni","Pagamento da segunda parcela do Aux\u00edlio emergencial","Pedro Guimar\u00e3es","Poupan\u00e7a Social Digital","Presidente da Caixa","Segunda parcela do Aux\u00edlio emergencial"],"articleSection":["Brasil"],"inLanguage":"pt-BR","potentialAction":[{"@type":"CommentAction","name":"Comment","target":["https:\/\/aconteceunovale.com.br\/portal\/?p=161277#respond"]}]},{"@type":"WebPage","@id":"https:\/\/aconteceunovale.com.br\/portal\/?p=161277","url":"https:\/\/aconteceunovale.com.br\/portal\/?p=161277","name":"Governo antecipa segunda parcela do Aux\u00edlio Emergencial - Aconteceu no Vale","isPartOf":{"@id":"https:\/\/aconteceunovale.com.br\/portal\/#website"},"primaryImageOfPage":{"@id":"https:\/\/aconteceunovale.com.br\/portal\/?p=161277#primaryimage"},"image":{"@id":"https:\/\/aconteceunovale.com.br\/portal\/?p=161277#primaryimage"},"thumbnailUrl":"https:\/\/aconteceunovale.com.br\/portal\/wp-content\/uploads\/2020\/04\/auxilio_emergencial_pub2.png","datePublished":"2020-04-21T12:39:06+00:00","dateModified":"2020-04-21T12:39:50+00:00","author":{"@id":"https:\/\/aconteceunovale.com.br\/portal\/#\/schema\/person\/633529146f2c94272bef50ac2953d589"},"breadcrumb":{"@id":"https:\/\/aconteceunovale.com.br\/portal\/?p=161277#breadcrumb"},"inLanguage":"pt-BR","potentialAction":[{"@type":"ReadAction","target":["https:\/\/aconteceunovale.com.br\/portal\/?p=161277"]}]},{"@type":"ImageObject","inLanguage":"pt-BR","@id":"https:\/\/aconteceunovale.com.br\/portal\/?p=161277#primaryimage","url":"https:\/\/aconteceunovale.com.br\/portal\/wp-content\/uploads\/2020\/04\/auxilio_emergencial_pub2.png","contentUrl":"https:\/\/aconteceunovale.com.br\/portal\/wp-content\/uploads\/2020\/04\/auxilio_emergencial_pub2.png","width":678,"height":352},{"@type":"BreadcrumbList","@id":"https:\/\/aconteceunovale.com.br\/portal\/?p=161277#breadcrumb","itemListElement":[{"@type":"ListItem","position":1,"name":"In\u00edcio","item":"https:\/\/aconteceunovale.com.br\/portal\/"},{"@type":"ListItem","position":2,"name":"Governo antecipa segunda parcela do Aux\u00edlio Emergencial"}]},{"@type":"WebSite","@id":"https:\/\/aconteceunovale.com.br\/portal\/#website","url":"https:\/\/aconteceunovale.com.br\/portal\/","name":"Aconteceu no Vale","description":"Portal de Not\u00edcias","potentialAction":[{"@type":"SearchAction","target":{"@type":"EntryPoint","urlTemplate":"https:\/\/aconteceunovale.com.br\/portal\/?s={search_term_string}"},"query-input":{"@type":"PropertyValueSpecification","valueRequired":true,"valueName":"search_term_string"}}],"inLanguage":"pt-BR"},{"@type":"Person","@id":"https:\/\/aconteceunovale.com.br\/portal\/#\/schema\/person\/633529146f2c94272bef50ac2953d589","name":"Aconteceu no Vale","description":"Equipe de reportagem do Aconteceu no Vale, portal de not\u00edcias do Vale do Jequitinhonha, em Minas Gerais. Cobrimos as 51 cidades do Vale desde 2013. Sugest\u00f5es de pauta e pedidos de corre\u00e7\u00e3o: contato@aconteceunovale.com.br","sameAs":["http:\/\/www.aconteceunovale.com.br"],"url":"https:\/\/aconteceunovale.com.br\/portal\/?author=1"}]}},"_links":{"self":[{"href":"https:\/\/aconteceunovale.com.br\/portal\/index.php?rest_route=\/wp\/v2\/posts\/161277","targetHints":{"allow":["GET"]}}],"collection":[{"href":"https:\/\/aconteceunovale.com.br\/portal\/index.php?rest_route=\/wp\/v2\/posts"}],"about":[{"href":"https:\/\/aconteceunovale.com.br\/portal\/index.php?rest_route=\/wp\/v2\/types\/post"}],"author":[{"embeddable":true,"href":"https:\/\/aconteceunovale.com.br\/portal\/index.php?rest_route=\/wp\/v2\/users\/1"}],"replies":[{"embeddable":true,"href":"https:\/\/aconteceunovale.com.br\/portal\/index.php?rest_route=%2Fwp%2Fv2%2Fcomments&post=161277"}],"version-history":[{"count":1,"href":"https:\/\/aconteceunovale.com.br\/portal\/index.php?rest_route=\/wp\/v2\/posts\/161277\/revisions"}],"predecessor-version":[{"id":161278,"href":"https:\/\/aconteceunovale.com.br\/portal\/index.php?rest_route=\/wp\/v2\/posts\/161277\/revisions\/161278"}],"wp:featuredmedia":[{"embeddable":true,"href":"https:\/\/aconteceunovale.com.br\/portal\/index.php?rest_route=\/wp\/v2\/media\/160591"}],"wp:attachment":[{"href":"https:\/\/aconteceunovale.com.br\/portal\/index.php?rest_route=%2Fwp%2Fv2%2Fmedia&parent=161277"}],"wp:term":[{"taxonomy":"category","embeddable":true,"href":"https:\/\/aconteceunovale.com.br\/portal\/index.php?rest_route=%2Fwp%2Fv2%2Fcategories&post=161277"},{"taxonomy":"post_tag","embeddable":true,"href":"https:\/\/aconteceunovale.com.br\/portal\/index.php?rest_route=%2Fwp%2Fv2%2Ftags&post=161277"}],"curies":[{"name":"wp","href":"https:\/\/api.w.org\/{rel}","templated":true}]}}