{"id":161266,"date":"2020-04-20T17:43:48","date_gmt":"2020-04-20T20:43:48","guid":{"rendered":"http:\/\/aconteceunovale.com.br\/portal\/?p=161266"},"modified":"2020-04-20T20:10:42","modified_gmt":"2020-04-20T23:10:42","slug":"coronavirus-atinge-mais-de-40-mil-pessoas-e-causa-quase-3-mil-obitos-no-brasil","status":"publish","type":"post","link":"https:\/\/aconteceunovale.com.br\/portal\/?p=161266","title":{"rendered":"Minist\u00e9rio da Sa\u00fade corrige n\u00famero de \u00f3bitos por Covid-19"},"content":{"rendered":"\n<p class=\"wp-block-paragraph\">O n\u00famero de mortes em raz\u00e3o da pandemia do novo coronav\u00edrus (covid-19) chegou a 2.575, conforme novo balan\u00e7o divulgado pelo Minist\u00e9rio da Sa\u00fade hoje (20\/4\/2020). J\u00e1 os casos confirmados subiram para 40.581. O \u00edndice de letalidade ficou em 6,3%.<\/p>\n\n\n\n<p class=\"wp-block-paragraph\">Nas \u00faltimas 24h, foram 113 \u00f3bitos. O n\u00famero marcou um aumento de 4,5% em rela\u00e7\u00e3o a ontem, quando foram registradas 2.462 mortes por covid-19. J\u00e1 os casos confirmados representaram um crescimento de 5% sobre os dados de ontem, quando foram contabilizadas 38.654 pessoas infectadas.<\/p>\n\n\n\n<p class=\"wp-block-paragraph\">Nos \u00faltimos sete dias, o aumento de \u00f3bitos representou 94%. No dia 13 de abril, o balan\u00e7o do Minist\u00e9rio da Sa\u00fade contabilizava 1.328. J\u00e1 a eleva\u00e7\u00e3o no n\u00famero de pessoas infectadas no mesmo per\u00edodo foi de 73% acima do total da segunda-feira passada, quando ficou em 23.430. No dia 13, os novos \u00f3bitos estavam em 105 e os novos casos eram 1.261.<\/p>\n\n\n\n<p class=\"wp-block-paragraph\">S\u00e3o Paulo concentra o maior n\u00famero de mortes (1.037), quase duas&nbsp;vezes o n\u00famero do segundo colocado, o Rio&nbsp;de Janeiro&nbsp;(422). Os estados s\u00e3o seguidos por Pernambuco (234), Cear\u00e1 (198) e Amazonas (185).&nbsp;&nbsp;<\/p>\n\n\n\n<p class=\"wp-block-paragraph\">Al\u00e9m disso, foram registrados \u00f3bitos no Maranh\u00e3o (54), Paran\u00e1 (51), Bahia (46), Minas Gerais (41), Santa Catarina (35), Par\u00e1 (35), Esp\u00edrito Santo (33), Para\u00edba (32), Rio Grande do Norte (27), Rio Grande do Sul (27), Distrito Federal (24), Goi\u00e1s (19), Alagoas (18), Amap\u00e1 (13), Piau\u00ed (12), Acre (8), Mato Grosso (6), Sergipe (5), Mato Grosso do Sul (5), Rond\u00f4nia (4)Roraima (3)&nbsp;&nbsp;e Tocantins (1).<\/p>\n\n\n\n<figure class=\"wp-block-table\"><table><tbody><tr><td>&nbsp;<\/td><td class=\"has-text-align-center\" data-align=\"center\"><strong>CASOS CONFIRMADOS<\/strong><\/td><td class=\"has-text-align-center\" data-align=\"center\"><strong>\u00d3BITOS CONFIRMADOS<\/strong><\/td><\/tr><tr><td>BRASIL<\/td><td class=\"has-text-align-center\" data-align=\"center\">40.581<\/td><td class=\"has-text-align-center\" data-align=\"center\">2.575<\/td><\/tr><tr><td>&nbsp;<\/td><td class=\"has-text-align-center\" data-align=\"center\">&nbsp;<\/td><td class=\"has-text-align-center\" data-align=\"center\">&nbsp;<\/td><\/tr><tr><td><strong>ESTADO<\/strong><\/td><td class=\"has-text-align-center\" data-align=\"center\"><strong>CASOS CONFIRMADOS<\/strong><\/td><td class=\"has-text-align-center\" data-align=\"center\"><strong>\u00d3BITOS CONFIRMADOS<\/strong><\/td><\/tr><tr><td>Acre<\/td><td class=\"has-text-align-center\" data-align=\"center\">176<\/td><td class=\"has-text-align-center\" data-align=\"center\">8<\/td><\/tr><tr><td>Alagoas<\/td><td class=\"has-text-align-center\" data-align=\"center\">171<\/td><td class=\"has-text-align-center\" data-align=\"center\">18<\/td><\/tr><tr><td>Amap\u00e1<\/td><td class=\"has-text-align-center\" data-align=\"center\">433<\/td><td class=\"has-text-align-center\" data-align=\"center\">13<\/td><\/tr><tr><td>Amazonas<\/td><td class=\"has-text-align-center\" data-align=\"center\">2160<\/td><td class=\"has-text-align-center\" data-align=\"center\">185<\/td><\/tr><tr><td>Bahia<\/td><td class=\"has-text-align-center\" data-align=\"center\">1341<\/td><td class=\"has-text-align-center\" data-align=\"center\">46<\/td><\/tr><tr><td>Cear\u00e1<\/td><td class=\"has-text-align-center\" data-align=\"center\">3482<\/td><td class=\"has-text-align-center\" data-align=\"center\">198<\/td><\/tr><tr><td>Distrito Federal<\/td><td class=\"has-text-align-center\" data-align=\"center\">872<\/td><td class=\"has-text-align-center\" data-align=\"center\">24<\/td><\/tr><tr><td>Esp\u00edrito Santo<\/td><td class=\"has-text-align-center\" data-align=\"center\">1168<\/td><td class=\"has-text-align-center\" data-align=\"center\">33<\/td><\/tr><tr><td>Goi\u00e1s<\/td><td class=\"has-text-align-center\" data-align=\"center\">403<\/td><td class=\"has-text-align-center\" data-align=\"center\">19<\/td><\/tr><tr><td>Maranh\u00e3o<\/td><td class=\"has-text-align-center\" data-align=\"center\">1320<\/td><td class=\"has-text-align-center\" data-align=\"center\">54<\/td><\/tr><tr><td>Mato Grosso<\/td><td class=\"has-text-align-center\" data-align=\"center\">181<\/td><td class=\"has-text-align-center\" data-align=\"center\">6<\/td><\/tr><tr><td>Mato Grosso do Sul<\/td><td class=\"has-text-align-center\" data-align=\"center\">171<\/td><td class=\"has-text-align-center\" data-align=\"center\">5<\/td><\/tr><tr><td>Minas Gerais<\/td><td class=\"has-text-align-center\" data-align=\"center\">1189<\/td><td class=\"has-text-align-center\" data-align=\"center\">41<\/td><\/tr><tr><td>Paran\u00e1<\/td><td class=\"has-text-align-center\" data-align=\"center\">1007<\/td><td class=\"has-text-align-center\" data-align=\"center\">51<\/td><\/tr><tr><td>Para\u00edba<\/td><td class=\"has-text-align-center\" data-align=\"center\">245<\/td><td class=\"has-text-align-center\" data-align=\"center\">32<\/td><\/tr><tr><td>Par\u00e1<\/td><td class=\"has-text-align-center\" data-align=\"center\">902<\/td><td class=\"has-text-align-center\" data-align=\"center\">35<\/td><\/tr><tr><td>Pernambuco<\/td><td class=\"has-text-align-center\" data-align=\"center\">2690<\/td><td class=\"has-text-align-center\" data-align=\"center\">234<\/td><\/tr><tr><td>Piau\u00ed<\/td><td class=\"has-text-align-center\" data-align=\"center\">158<\/td><td class=\"has-text-align-center\" data-align=\"center\">12<\/td><\/tr><tr><td>Rio Grande do Norte<\/td><td class=\"has-text-align-center\" data-align=\"center\">595<\/td><td class=\"has-text-align-center\" data-align=\"center\">27<\/td><\/tr><tr><td>Rio Grande do Sul<\/td><td class=\"has-text-align-center\" data-align=\"center\">889<\/td><td class=\"has-text-align-center\" data-align=\"center\">27<\/td><\/tr><tr><td>Rio de Janeiro<\/td><td class=\"has-text-align-center\" data-align=\"center\">4899<\/td><td class=\"has-text-align-center\" data-align=\"center\">422<\/td><\/tr><tr><td>Rond\u00f4nia<\/td><td class=\"has-text-align-center\" data-align=\"center\">160<\/td><td class=\"has-text-align-center\" data-align=\"center\">4<\/td><\/tr><tr><td>Roraima<\/td><td class=\"has-text-align-center\" data-align=\"center\">244<\/td><td class=\"has-text-align-center\" data-align=\"center\">3<\/td><\/tr><tr><td>Santa Catarina<\/td><td class=\"has-text-align-center\" data-align=\"center\">1025<\/td><td class=\"has-text-align-center\" data-align=\"center\">35<\/td><\/tr><tr><td>Sergipe<\/td><td class=\"has-text-align-center\" data-align=\"center\">86<\/td><td class=\"has-text-align-center\" data-align=\"center\">5<\/td><\/tr><tr><td>S\u00e3o Paulo<\/td><td class=\"has-text-align-center\" data-align=\"center\">14580<\/td><td class=\"has-text-align-center\" data-align=\"center\">1037<\/td><\/tr><tr><td>Tocantins<\/td><td class=\"has-text-align-center\" data-align=\"center\">34<\/td><td class=\"has-text-align-center\" data-align=\"center\">1<\/td><\/tr><\/tbody><\/table><\/figure>\n\n\n\n<h2 class=\"wp-block-heading\">Perfil das v\u00edtimas&nbsp;<\/h2>\n\n\n\n<p class=\"wp-block-paragraph\">Do total de mortes, 73% j\u00e1 tiveram a investiga\u00e7\u00e3o conclu\u00edda. Das v\u00edtimas, 60% eram homens e 40% eram mulheres. No recorte por faixa et\u00e1ria, 72% possu\u00edam 60 anos ou mais. Este percentual chegou a ser de 90% nas primeiras semanas, mostrando que a doen\u00e7a est\u00e1 avan\u00e7ando para v\u00edtimas com idades menores.&nbsp;<\/p>\n\n\n\n<p class=\"wp-block-paragraph\">Entre o total de quem faleceu em decorr\u00eancia do coronav\u00edrus, 70% apresentavam algum fator de risco. Os principais eram doen\u00e7as do cora\u00e7\u00e3o, diabetes, pneumopatia ou condi\u00e7\u00e3o neurol\u00f3gica.<\/p>\n\n\n\n<h2 class=\"wp-block-heading\">Interna\u00e7\u00f5es por covid-19<\/h2>\n\n\n\n<p class=\"wp-block-paragraph\">As hospitaliza\u00e7\u00f5es por covid-19 chegaram a 8.318. O total de pessoas internadas por S\u00edndrome Respirat\u00f3ria Aguda Grave (SRAG) em investiga\u00e7\u00e3o totalizaram 42.817. Outras 15.752 foram denominadas SRAG \u201cn\u00e3o especificado\u201d.&nbsp;<\/p>\n\n\n\n<p class=\"wp-block-paragraph\">Hoje n\u00e3o foi realizada entrevista coletiva pela equipe do Minist\u00e9rio da Sa\u00fade. Ap\u00f3s a substitui\u00e7\u00e3o de Luiz Henrique Mandetta por Nelson Teich, n\u00e3o houve mais eventos deste tipo. A equipe do novo titular da pasta da sa\u00fade ainda n\u00e3o foi anunciada.<\/p>\n\n\n\n<h2 class=\"wp-block-heading\">Compra de testes e respiradores<\/h2>\n\n\n\n<p class=\"wp-block-paragraph\">Em v\u00eddeo enviado pela assessoria de imprensa do Minist\u00e9rio da Sa\u00fade, o ministro Nelson Teich anunciou que a previs\u00e3o de compra de testes foi de R$ 22,9 milh\u00f5es para R$ 46 milh\u00f5es. \u201cIsso \u00e9 importante para entender a doen\u00e7a, a evolu\u00e7\u00e3o e fazer um planejamento para revis\u00e3o do distanciamento social\u201d, disse Teich.&nbsp;<\/p>\n\n\n\n<p class=\"wp-block-paragraph\">Ele acrescentou que um contrato vai permitir 30 mil exames por dia, com intuito de chegar a 3 milh\u00f5es. O ministro informou que foram comprados 3.300&nbsp;respiradores, sendo que 1.150&nbsp;ser\u00e3o entregues em maio. O investimento total nessas aquisi\u00e7\u00f5es foi de R$ 78 milh\u00f5es.<\/p>\n\n\n\n<p class=\"wp-block-paragraph\"><em>* Texto alterado\u00a0\u00e0s 18h15 para corre\u00e7\u00e3o de informa\u00e7\u00f5es. O Minist\u00e9rio da Sa\u00fade havia divulgado que o\u00a0estado de S\u00e3o Paulo registrou\u00a01370 mortes, mas depois corrigiu para 1.037.<\/em><\/p>\n\n\n\n<p class=\"has-background has-very-light-gray-background-color wp-block-paragraph\">Quer saber as not\u00edcias do <strong>Aconteceu no Vale<\/strong> em primeira m\u00e3o? Siga-nos no Facebook <a rel=\"noreferrer noopener\" href=\"http:\/\/facebook.com\/aconteceunovale\" target=\"_blank\">@aconteceunovale<\/a>, Twitter <a rel=\"noreferrer noopener\" href=\"https:\/\/twitter.com\/noticiadosvales\" target=\"_blank\">@noticiadosvales<\/a> e Instagram <a rel=\"noreferrer noopener\" href=\"https:\/\/www.instagram.com\/aconteceunovale\" target=\"_blank\">@aconteceunovale<\/a>.<\/p>\n","protected":false},"excerpt":{"rendered":"<p>O n\u00famero de mortes em raz\u00e3o da pandemia do novo coronav\u00edrus (covid-19) chegou a 2.575, conforme novo balan\u00e7o divulgado pelo Minist\u00e9rio da Sa\u00fade hoje (20\/4\/2020). J\u00e1 os casos confirmados subiram para 40.581. O \u00edndice de letalidade ficou em 6,3%. Nas \u00faltimas 24h, foram 113 \u00f3bitos. O n\u00famero marcou um aumento de 4,5% em rela\u00e7\u00e3o a [&hellip;]<\/p>\n","protected":false},"author":1,"featured_media":159749,"comment_status":"open","ping_status":"closed","sticky":false,"template":"","format":"standard","meta":{"amp_status":"","footnotes":""},"categories":[40242],"tags":[4785,218722,218721,219518,219520,219521,218049,218205,214884,220224,218472,215394,220000,219594,219677,216498,218043,219872,1018,19326,219197,218044,218045,215653,218206,218815,219905,219105,219104,218876,219519,140166,217692],"class_list":["post-161266","post","type-post","status-publish","format-standard","has-post-thumbnail","hentry","category-saude-2","tag-brasil","tag-brasil-tem-241-obitos-por-coronavirus","tag-brasil-tem-241-obitos-por-coronavirus-e-6-836-casos-confirmados","tag-brasil-ultrapassa-mil-mortes-por-covid-19","tag-casos-confirmados-e-obitos-no-brasil","tag-casos-confirmados-e-obitos-no-mundo","tag-casos-de-coronavirus-no-brasil","tag-casos-de-covid-19-no-brasil","tag-coronavirus","tag-coronavirus-atinge-mais-de-40-mil-pessoas-e-causa-quase-3-mil-obitos-no-brasil","tag-coronavirus-em-27-de-marco-brasil-tem-92-mortes-e-3-417-casos-confirmados","tag-coronavirus-no-brasil","tag-coronavirus-brasil-bate-novo-recorde-de-obitos-e-casos-confirmados-em-um-dia","tag-coronavirus-ministerio-da-saude-confirma-1-124-obitos-e-20-727-casos","tag-coronavirus-ministerio-da-saude-confirma-1-328-obitos-e-23-430-casos","tag-covid-19","tag-covid-19-no-brasil","tag-covid-19-brasil-tem-1-736-obitos-e-28-320-casos","tag-destaque","tag-ministerio-da-saude","tag-ministerio-da-saude-confirma-667-obitos-por-coronavirus-e-13-717-casos","tag-mortes-por-coronavirus-no-brasil","tag-mortes-por-covid-19-no-brasil","tag-novo-coronavirus","tag-numero-de-casos-de-covid-19-confirmados-no-brasil","tag-numero-de-mortes-por-coronavirus-no-brasil-sobe-para-299","tag-numero-de-mortes-por-covid-19-no-brasil-chega-proximo-a-2-mil","tag-numeros-da-covid-19-no-brasil","tag-numeros-do-coronavirus-no-brasil","tag-obitos-por-coronavirus-no-brasil","tag-obitos-por-covid-19-no-brasil","tag-pandemia","tag-pandemia-de-coronavirus"],"yoast_head":"<!-- This site is optimized with the Yoast SEO plugin v28.3 - https:\/\/yoast.com\/product\/yoast-seo-wordpress\/ -->\n<title>Minist\u00e9rio da Sa\u00fade corrige n\u00famero de \u00f3bitos por Covid-19 - Aconteceu no Vale<\/title>\n<meta name=\"robots\" content=\"index, follow, max-snippet:-1, max-image-preview:large, max-video-preview:-1\" \/>\n<link rel=\"canonical\" href=\"https:\/\/aconteceunovale.com.br\/portal\/?p=161266\" \/>\n<meta property=\"og:locale\" content=\"pt_BR\" \/>\n<meta property=\"og:type\" content=\"article\" \/>\n<meta property=\"og:title\" content=\"Minist\u00e9rio da Sa\u00fade corrige n\u00famero de \u00f3bitos por Covid-19 - Aconteceu no Vale\" \/>\n<meta property=\"og:description\" content=\"O n\u00famero de mortes em raz\u00e3o da pandemia do novo coronav\u00edrus (covid-19) chegou a 2.575, conforme novo balan\u00e7o divulgado pelo Minist\u00e9rio da Sa\u00fade hoje (20\/4\/2020). J\u00e1 os casos confirmados subiram para 40.581. O \u00edndice de letalidade ficou em 6,3%. Nas \u00faltimas 24h, foram 113 \u00f3bitos. O n\u00famero marcou um aumento de 4,5% em rela\u00e7\u00e3o a [&hellip;]\" \/>\n<meta property=\"og:url\" content=\"https:\/\/aconteceunovale.com.br\/portal\/?p=161266\" \/>\n<meta property=\"og:site_name\" content=\"Aconteceu no Vale\" \/>\n<meta property=\"article:publisher\" content=\"https:\/\/www.facebook.com\/aconteceunovale\/\" \/>\n<meta property=\"article:published_time\" content=\"2020-04-20T20:43:48+00:00\" \/>\n<meta property=\"article:modified_time\" content=\"2020-04-20T23:10:42+00:00\" \/>\n<meta property=\"og:image\" content=\"https:\/\/aconteceunovale.com.br\/portal\/wp-content\/uploads\/2020\/03\/coronavirus_convid19.jpg\" \/>\n\t<meta property=\"og:image:width\" content=\"678\" \/>\n\t<meta property=\"og:image:height\" content=\"419\" \/>\n\t<meta property=\"og:image:type\" content=\"image\/jpeg\" \/>\n<meta name=\"author\" content=\"Aconteceu no Vale\" \/>\n<meta name=\"twitter:card\" content=\"summary_large_image\" \/>\n<meta name=\"twitter:creator\" content=\"@noticiadosvales\" \/>\n<meta name=\"twitter:site\" content=\"@noticiadosvales\" \/>\n<meta name=\"twitter:label1\" content=\"Escrito por\" \/>\n\t<meta name=\"twitter:data1\" content=\"Aconteceu no Vale\" \/>\n\t<meta name=\"twitter:label2\" content=\"Est. tempo de leitura\" \/>\n\t<meta name=\"twitter:data2\" content=\"3 minutos\" \/>\n<script type=\"application\/ld+json\" class=\"yoast-schema-graph\">{\"@context\":\"https:\\\/\\\/schema.org\",\"@graph\":[{\"@type\":\"Article\",\"@id\":\"https:\\\/\\\/aconteceunovale.com.br\\\/portal\\\/?p=161266#article\",\"isPartOf\":{\"@id\":\"https:\\\/\\\/aconteceunovale.com.br\\\/portal\\\/?p=161266\"},\"author\":{\"name\":\"Aconteceu no Vale\",\"@id\":\"https:\\\/\\\/aconteceunovale.com.br\\\/portal\\\/#\\\/schema\\\/person\\\/633529146f2c94272bef50ac2953d589\"},\"headline\":\"Minist\u00e9rio da Sa\u00fade corrige n\u00famero de \u00f3bitos por Covid-19\",\"datePublished\":\"2020-04-20T20:43:48+00:00\",\"dateModified\":\"2020-04-20T23:10:42+00:00\",\"mainEntityOfPage\":{\"@id\":\"https:\\\/\\\/aconteceunovale.com.br\\\/portal\\\/?p=161266\"},\"wordCount\":645,\"commentCount\":0,\"image\":{\"@id\":\"https:\\\/\\\/aconteceunovale.com.br\\\/portal\\\/?p=161266#primaryimage\"},\"thumbnailUrl\":\"https:\\\/\\\/aconteceunovale.com.br\\\/portal\\\/wp-content\\\/uploads\\\/2020\\\/03\\\/coronavirus_convid19.jpg\",\"keywords\":[\"brasil\",\"Brasil tem 241 \u00f3bitos por coronav\u00edrus\",\"Brasil tem 241 \u00f3bitos por coronav\u00edrus e 6.836 casos confirmados\",\"Brasil ultrapassa mil mortes por Covid-19\",\"Casos confirmados e \u00f3bitos no Brasil\",\"Casos confirmados e \u00f3bitos no Mundo\",\"Casos de coronav\u00edrus no Brasil\",\"Casos de Covid-19 no Brasil\",\"Coronav\u00edrus\",\"Coronav\u00edrus atinge mais de 40 mil pessoas e causa quase 3 mil \u00f3bitos no Brasil\",\"Coronav\u00edrus em 27 de mar\u00e7o: Brasil tem 92 mortes e 3.417 casos confirmados\",\"Coronav\u00edrus no Brasil\",\"Coronav\u00edrus: Brasil bate novo recorde de \u00f3bitos e casos confirmados em um dia\",\"Coronav\u00edrus: Minist\u00e9rio da Sa\u00fade confirma 1.124 \u00f3bitos e 20.727 casos\",\"Coronav\u00edrus: Minist\u00e9rio da Sa\u00fade confirma 1.328 \u00f3bitos e 23.430 casos\",\"COVID-19\",\"Covid-19 no Brasil\",\"Covid-19: Brasil tem 1.736 \u00f3bitos e 28.320 casos\",\"destaque\",\"Minist\u00e9rio da Sa\u00fade\",\"Minist\u00e9rio da Sa\u00fade confirma 667 \u00f3bitos por coronav\u00edrus e 13.717 casos\",\"Mortes por coronav\u00edrus no Brasil\",\"Mortes por Covid-19 no Brasil\",\"Novo coronav\u00edrus\",\"N\u00famero de casos de covid-19 confirmados no Brasil\",\"N\u00famero de mortes por coronav\u00edrus no Brasil sobe para 299\",\"N\u00famero de mortes por Covid-19 no Brasil chega pr\u00f3ximo a 2 mil\",\"N\u00fameros da Covid-19 no Brasil\",\"N\u00fameros do coronav\u00edrus no Brasil\",\"\u00d3bitos por coronav\u00edrus no Brasil\",\"\u00d3bitos por Covid-19 no Brasil\",\"pandemia\",\"Pandemia de coronav\u00edrus\"],\"articleSection\":[\"Sa\u00fade\"],\"inLanguage\":\"pt-BR\",\"potentialAction\":[{\"@type\":\"CommentAction\",\"name\":\"Comment\",\"target\":[\"https:\\\/\\\/aconteceunovale.com.br\\\/portal\\\/?p=161266#respond\"]}]},{\"@type\":\"WebPage\",\"@id\":\"https:\\\/\\\/aconteceunovale.com.br\\\/portal\\\/?p=161266\",\"url\":\"https:\\\/\\\/aconteceunovale.com.br\\\/portal\\\/?p=161266\",\"name\":\"Minist\u00e9rio da Sa\u00fade corrige n\u00famero de \u00f3bitos por Covid-19 - Aconteceu no Vale\",\"isPartOf\":{\"@id\":\"https:\\\/\\\/aconteceunovale.com.br\\\/portal\\\/#website\"},\"primaryImageOfPage\":{\"@id\":\"https:\\\/\\\/aconteceunovale.com.br\\\/portal\\\/?p=161266#primaryimage\"},\"image\":{\"@id\":\"https:\\\/\\\/aconteceunovale.com.br\\\/portal\\\/?p=161266#primaryimage\"},\"thumbnailUrl\":\"https:\\\/\\\/aconteceunovale.com.br\\\/portal\\\/wp-content\\\/uploads\\\/2020\\\/03\\\/coronavirus_convid19.jpg\",\"datePublished\":\"2020-04-20T20:43:48+00:00\",\"dateModified\":\"2020-04-20T23:10:42+00:00\",\"author\":{\"@id\":\"https:\\\/\\\/aconteceunovale.com.br\\\/portal\\\/#\\\/schema\\\/person\\\/633529146f2c94272bef50ac2953d589\"},\"breadcrumb\":{\"@id\":\"https:\\\/\\\/aconteceunovale.com.br\\\/portal\\\/?p=161266#breadcrumb\"},\"inLanguage\":\"pt-BR\",\"potentialAction\":[{\"@type\":\"ReadAction\",\"target\":[\"https:\\\/\\\/aconteceunovale.com.br\\\/portal\\\/?p=161266\"]}]},{\"@type\":\"ImageObject\",\"inLanguage\":\"pt-BR\",\"@id\":\"https:\\\/\\\/aconteceunovale.com.br\\\/portal\\\/?p=161266#primaryimage\",\"url\":\"https:\\\/\\\/aconteceunovale.com.br\\\/portal\\\/wp-content\\\/uploads\\\/2020\\\/03\\\/coronavirus_convid19.jpg\",\"contentUrl\":\"https:\\\/\\\/aconteceunovale.com.br\\\/portal\\\/wp-content\\\/uploads\\\/2020\\\/03\\\/coronavirus_convid19.jpg\",\"width\":678,\"height\":419},{\"@type\":\"BreadcrumbList\",\"@id\":\"https:\\\/\\\/aconteceunovale.com.br\\\/portal\\\/?p=161266#breadcrumb\",\"itemListElement\":[{\"@type\":\"ListItem\",\"position\":1,\"name\":\"In\u00edcio\",\"item\":\"https:\\\/\\\/aconteceunovale.com.br\\\/portal\\\/\"},{\"@type\":\"ListItem\",\"position\":2,\"name\":\"Minist\u00e9rio da Sa\u00fade corrige n\u00famero de \u00f3bitos por Covid-19\"}]},{\"@type\":\"WebSite\",\"@id\":\"https:\\\/\\\/aconteceunovale.com.br\\\/portal\\\/#website\",\"url\":\"https:\\\/\\\/aconteceunovale.com.br\\\/portal\\\/\",\"name\":\"Aconteceu no Vale\",\"description\":\"Portal de Not\u00edcias\",\"potentialAction\":[{\"@type\":\"SearchAction\",\"target\":{\"@type\":\"EntryPoint\",\"urlTemplate\":\"https:\\\/\\\/aconteceunovale.com.br\\\/portal\\\/?s={search_term_string}\"},\"query-input\":{\"@type\":\"PropertyValueSpecification\",\"valueRequired\":true,\"valueName\":\"search_term_string\"}}],\"inLanguage\":\"pt-BR\"},{\"@type\":\"Person\",\"@id\":\"https:\\\/\\\/aconteceunovale.com.br\\\/portal\\\/#\\\/schema\\\/person\\\/633529146f2c94272bef50ac2953d589\",\"name\":\"Aconteceu no Vale\",\"description\":\"Equipe de reportagem do Aconteceu no Vale, portal de not\u00edcias do Vale do Jequitinhonha, em Minas Gerais. Cobrimos as 51 cidades do Vale desde 2013. Sugest\u00f5es de pauta e pedidos de corre\u00e7\u00e3o: contato@aconteceunovale.com.br\",\"sameAs\":[\"http:\\\/\\\/www.aconteceunovale.com.br\"],\"url\":\"https:\\\/\\\/aconteceunovale.com.br\\\/portal\\\/?author=1\"}]}<\/script>\n<!-- \/ Yoast SEO plugin. -->","yoast_head_json":{"title":"Minist\u00e9rio da Sa\u00fade corrige n\u00famero de \u00f3bitos por Covid-19 - Aconteceu no Vale","robots":{"index":"index","follow":"follow","max-snippet":"max-snippet:-1","max-image-preview":"max-image-preview:large","max-video-preview":"max-video-preview:-1"},"canonical":"https:\/\/aconteceunovale.com.br\/portal\/?p=161266","og_locale":"pt_BR","og_type":"article","og_title":"Minist\u00e9rio da Sa\u00fade corrige n\u00famero de \u00f3bitos por Covid-19 - Aconteceu no Vale","og_description":"O n\u00famero de mortes em raz\u00e3o da pandemia do novo coronav\u00edrus (covid-19) chegou a 2.575, conforme novo balan\u00e7o divulgado pelo Minist\u00e9rio da Sa\u00fade hoje (20\/4\/2020). J\u00e1 os casos confirmados subiram para 40.581. O \u00edndice de letalidade ficou em 6,3%. Nas \u00faltimas 24h, foram 113 \u00f3bitos. O n\u00famero marcou um aumento de 4,5% em rela\u00e7\u00e3o a [&hellip;]","og_url":"https:\/\/aconteceunovale.com.br\/portal\/?p=161266","og_site_name":"Aconteceu no Vale","article_publisher":"https:\/\/www.facebook.com\/aconteceunovale\/","article_published_time":"2020-04-20T20:43:48+00:00","article_modified_time":"2020-04-20T23:10:42+00:00","og_image":[{"width":678,"height":419,"url":"https:\/\/aconteceunovale.com.br\/portal\/wp-content\/uploads\/2020\/03\/coronavirus_convid19.jpg","type":"image\/jpeg"}],"author":"Aconteceu no Vale","twitter_card":"summary_large_image","twitter_creator":"@noticiadosvales","twitter_site":"@noticiadosvales","twitter_misc":{"Escrito por":"Aconteceu no Vale","Est. tempo de leitura":"3 minutos"},"schema":{"@context":"https:\/\/schema.org","@graph":[{"@type":"Article","@id":"https:\/\/aconteceunovale.com.br\/portal\/?p=161266#article","isPartOf":{"@id":"https:\/\/aconteceunovale.com.br\/portal\/?p=161266"},"author":{"name":"Aconteceu no Vale","@id":"https:\/\/aconteceunovale.com.br\/portal\/#\/schema\/person\/633529146f2c94272bef50ac2953d589"},"headline":"Minist\u00e9rio da Sa\u00fade corrige n\u00famero de \u00f3bitos por Covid-19","datePublished":"2020-04-20T20:43:48+00:00","dateModified":"2020-04-20T23:10:42+00:00","mainEntityOfPage":{"@id":"https:\/\/aconteceunovale.com.br\/portal\/?p=161266"},"wordCount":645,"commentCount":0,"image":{"@id":"https:\/\/aconteceunovale.com.br\/portal\/?p=161266#primaryimage"},"thumbnailUrl":"https:\/\/aconteceunovale.com.br\/portal\/wp-content\/uploads\/2020\/03\/coronavirus_convid19.jpg","keywords":["brasil","Brasil tem 241 \u00f3bitos por coronav\u00edrus","Brasil tem 241 \u00f3bitos por coronav\u00edrus e 6.836 casos confirmados","Brasil ultrapassa mil mortes por Covid-19","Casos confirmados e \u00f3bitos no Brasil","Casos confirmados e \u00f3bitos no Mundo","Casos de coronav\u00edrus no Brasil","Casos de Covid-19 no Brasil","Coronav\u00edrus","Coronav\u00edrus atinge mais de 40 mil pessoas e causa quase 3 mil \u00f3bitos no Brasil","Coronav\u00edrus em 27 de mar\u00e7o: Brasil tem 92 mortes e 3.417 casos confirmados","Coronav\u00edrus no Brasil","Coronav\u00edrus: Brasil bate novo recorde de \u00f3bitos e casos confirmados em um dia","Coronav\u00edrus: Minist\u00e9rio da Sa\u00fade confirma 1.124 \u00f3bitos e 20.727 casos","Coronav\u00edrus: Minist\u00e9rio da Sa\u00fade confirma 1.328 \u00f3bitos e 23.430 casos","COVID-19","Covid-19 no Brasil","Covid-19: Brasil tem 1.736 \u00f3bitos e 28.320 casos","destaque","Minist\u00e9rio da Sa\u00fade","Minist\u00e9rio da Sa\u00fade confirma 667 \u00f3bitos por coronav\u00edrus e 13.717 casos","Mortes por coronav\u00edrus no Brasil","Mortes por Covid-19 no Brasil","Novo coronav\u00edrus","N\u00famero de casos de covid-19 confirmados no Brasil","N\u00famero de mortes por coronav\u00edrus no Brasil sobe para 299","N\u00famero de mortes por Covid-19 no Brasil chega pr\u00f3ximo a 2 mil","N\u00fameros da Covid-19 no Brasil","N\u00fameros do coronav\u00edrus no Brasil","\u00d3bitos por coronav\u00edrus no Brasil","\u00d3bitos por Covid-19 no Brasil","pandemia","Pandemia de coronav\u00edrus"],"articleSection":["Sa\u00fade"],"inLanguage":"pt-BR","potentialAction":[{"@type":"CommentAction","name":"Comment","target":["https:\/\/aconteceunovale.com.br\/portal\/?p=161266#respond"]}]},{"@type":"WebPage","@id":"https:\/\/aconteceunovale.com.br\/portal\/?p=161266","url":"https:\/\/aconteceunovale.com.br\/portal\/?p=161266","name":"Minist\u00e9rio da Sa\u00fade corrige n\u00famero de \u00f3bitos por Covid-19 - Aconteceu no Vale","isPartOf":{"@id":"https:\/\/aconteceunovale.com.br\/portal\/#website"},"primaryImageOfPage":{"@id":"https:\/\/aconteceunovale.com.br\/portal\/?p=161266#primaryimage"},"image":{"@id":"https:\/\/aconteceunovale.com.br\/portal\/?p=161266#primaryimage"},"thumbnailUrl":"https:\/\/aconteceunovale.com.br\/portal\/wp-content\/uploads\/2020\/03\/coronavirus_convid19.jpg","datePublished":"2020-04-20T20:43:48+00:00","dateModified":"2020-04-20T23:10:42+00:00","author":{"@id":"https:\/\/aconteceunovale.com.br\/portal\/#\/schema\/person\/633529146f2c94272bef50ac2953d589"},"breadcrumb":{"@id":"https:\/\/aconteceunovale.com.br\/portal\/?p=161266#breadcrumb"},"inLanguage":"pt-BR","potentialAction":[{"@type":"ReadAction","target":["https:\/\/aconteceunovale.com.br\/portal\/?p=161266"]}]},{"@type":"ImageObject","inLanguage":"pt-BR","@id":"https:\/\/aconteceunovale.com.br\/portal\/?p=161266#primaryimage","url":"https:\/\/aconteceunovale.com.br\/portal\/wp-content\/uploads\/2020\/03\/coronavirus_convid19.jpg","contentUrl":"https:\/\/aconteceunovale.com.br\/portal\/wp-content\/uploads\/2020\/03\/coronavirus_convid19.jpg","width":678,"height":419},{"@type":"BreadcrumbList","@id":"https:\/\/aconteceunovale.com.br\/portal\/?p=161266#breadcrumb","itemListElement":[{"@type":"ListItem","position":1,"name":"In\u00edcio","item":"https:\/\/aconteceunovale.com.br\/portal\/"},{"@type":"ListItem","position":2,"name":"Minist\u00e9rio da Sa\u00fade corrige n\u00famero de \u00f3bitos por Covid-19"}]},{"@type":"WebSite","@id":"https:\/\/aconteceunovale.com.br\/portal\/#website","url":"https:\/\/aconteceunovale.com.br\/portal\/","name":"Aconteceu no Vale","description":"Portal de Not\u00edcias","potentialAction":[{"@type":"SearchAction","target":{"@type":"EntryPoint","urlTemplate":"https:\/\/aconteceunovale.com.br\/portal\/?s={search_term_string}"},"query-input":{"@type":"PropertyValueSpecification","valueRequired":true,"valueName":"search_term_string"}}],"inLanguage":"pt-BR"},{"@type":"Person","@id":"https:\/\/aconteceunovale.com.br\/portal\/#\/schema\/person\/633529146f2c94272bef50ac2953d589","name":"Aconteceu no Vale","description":"Equipe de reportagem do Aconteceu no Vale, portal de not\u00edcias do Vale do Jequitinhonha, em Minas Gerais. Cobrimos as 51 cidades do Vale desde 2013. Sugest\u00f5es de pauta e pedidos de corre\u00e7\u00e3o: contato@aconteceunovale.com.br","sameAs":["http:\/\/www.aconteceunovale.com.br"],"url":"https:\/\/aconteceunovale.com.br\/portal\/?author=1"}]}},"_links":{"self":[{"href":"https:\/\/aconteceunovale.com.br\/portal\/index.php?rest_route=\/wp\/v2\/posts\/161266","targetHints":{"allow":["GET"]}}],"collection":[{"href":"https:\/\/aconteceunovale.com.br\/portal\/index.php?rest_route=\/wp\/v2\/posts"}],"about":[{"href":"https:\/\/aconteceunovale.com.br\/portal\/index.php?rest_route=\/wp\/v2\/types\/post"}],"author":[{"embeddable":true,"href":"https:\/\/aconteceunovale.com.br\/portal\/index.php?rest_route=\/wp\/v2\/users\/1"}],"replies":[{"embeddable":true,"href":"https:\/\/aconteceunovale.com.br\/portal\/index.php?rest_route=%2Fwp%2Fv2%2Fcomments&post=161266"}],"version-history":[{"count":2,"href":"https:\/\/aconteceunovale.com.br\/portal\/index.php?rest_route=\/wp\/v2\/posts\/161266\/revisions"}],"predecessor-version":[{"id":161274,"href":"https:\/\/aconteceunovale.com.br\/portal\/index.php?rest_route=\/wp\/v2\/posts\/161266\/revisions\/161274"}],"wp:featuredmedia":[{"embeddable":true,"href":"https:\/\/aconteceunovale.com.br\/portal\/index.php?rest_route=\/wp\/v2\/media\/159749"}],"wp:attachment":[{"href":"https:\/\/aconteceunovale.com.br\/portal\/index.php?rest_route=%2Fwp%2Fv2%2Fmedia&parent=161266"}],"wp:term":[{"taxonomy":"category","embeddable":true,"href":"https:\/\/aconteceunovale.com.br\/portal\/index.php?rest_route=%2Fwp%2Fv2%2Fcategories&post=161266"},{"taxonomy":"post_tag","embeddable":true,"href":"https:\/\/aconteceunovale.com.br\/portal\/index.php?rest_route=%2Fwp%2Fv2%2Ftags&post=161266"}],"curies":[{"name":"wp","href":"https:\/\/api.w.org\/{rel}","templated":true}]}}