{"id":161264,"date":"2020-04-20T17:31:00","date_gmt":"2020-04-20T20:31:00","guid":{"rendered":"http:\/\/aconteceunovale.com.br\/portal\/?p=161264"},"modified":"2020-04-20T17:31:20","modified_gmt":"2020-04-20T20:31:20","slug":"superior-tribunal-de-justica-derruba-decisao-contra-regularizacao-de-cpf-para-receber-auxilio-emergencial","status":"publish","type":"post","link":"https:\/\/aconteceunovale.com.br\/portal\/?p=161264","title":{"rendered":"Superior Tribunal de Justi\u00e7a derruba decis\u00e3o contra regulariza\u00e7\u00e3o de CPF para receber aux\u00edlio emergencial"},"content":{"rendered":"\n<p class=\"wp-block-paragraph\">O presidente do Superior Tribunal de Justi\u00e7a (STJ), ministro Jo\u00e3o Ot\u00e1vio de Noronha, derrubou\u00a0hoje\u00a0(20\/4\/2020) a decis\u00e3o que suspendeu a exig\u00eancia de regulariza\u00e7\u00e3o do Cadastro de Pessoa F\u00edsica (CPF) para a obten\u00e7\u00e3o do aux\u00edlio emergencial de R$ 600 durante a pandemia do novo coronav\u00edrus.<\/p>\n\n\n\n<p class=\"wp-block-paragraph\">O ministro atendeu pedido&nbsp;de liminar feito pela Advocacia-Geral da Uni\u00e3o (AGU) para manter o documento como uma das formas de identifica\u00e7\u00e3o para receber o beneficio. Segundo a AGU, a exclus\u00e3o do CPF do sistema eletr\u00f4nico de pagamento poderia atrasar o repasse do dinheiro.&nbsp;<\/p>\n\n\n\n<p class=\"wp-block-paragraph\">\u201cSe, em circunst\u00e2ncias normais, a possibilidade do atraso de 48 horas nas opera\u00e7\u00f5es referentes ao pagamento de aux\u00edlio \u00e0 popula\u00e7\u00e3o representa intercorr\u00eancia administr\u00e1vel do ponto de vista da gest\u00e3o p\u00fablica, no atual quadro de desacelera\u00e7\u00e3o abrupta das atividades comerciais e laborais do setor privado, retardar, ainda que por alguns dias, o recebimento do benef\u00edcio emergencial acarretar\u00e1 consequ\u00eancias desastrosas \u00e0 economia nacional e, por conseguinte, \u00e0 popula\u00e7\u00e3o\u201d, argumentou Noronha.&nbsp;<\/p>\n\n\n\n<p class=\"wp-block-paragraph\">Na decis\u00e3o, o presidente do STJ tamb\u00e9m disse que a Receita Federal adotou medidas para regularizar o CPF das pessoas que t\u00eam pend\u00eancias no documento e n\u00e3o est\u00e3o conseguindo fazer o cadastro.&nbsp;<\/p>\n\n\n\n<p class=\"wp-block-paragraph\">Na semana passada, o juiz federal Ilan Presser, do Tribunal Regional Federal da 1\u00aa Regi\u00e3o (TRF1), suspendeu a exig\u00eancia de regulariza\u00e7\u00e3o do CPF por entender que a exig\u00eancia estava provocando filas e aglomera\u00e7\u00f5es em ag\u00eancias da Receita, contrariando medidas de distanciamento social adotadas pelas autoridades sanit\u00e1rias no combate \u00e0 pandemia.<\/p>\n\n\n\n<p class=\"wp-block-paragraph\">Os problemas de cadastro surgiram no come\u00e7o do m\u00eas ap\u00f3s cidad\u00e3os terem relatado dificuldades para inserir o n\u00famero do CPF no aplicativo Caixa &#8211; Aux\u00edlio Emergencial, que permite&nbsp;o&nbsp;cadastramento para receber o valor de R$ 600&nbsp;a fim de&nbsp;compensar a perda de renda decorrente da pandemia de coronav\u00edrus.<\/p>\n\n\n\n<p class=\"wp-block-paragraph\">O aux\u00edlio vale para\u00a0trabalhadores informais n\u00e3o inscritos em programas sociais.\u00a0<\/p>\n\n\n\n<p class=\"has-background has-very-light-gray-background-color wp-block-paragraph\">Quer saber as not\u00edcias do <strong>Aconteceu no Vale<\/strong> em primeira m\u00e3o? Siga-nos no Facebook <a rel=\"noreferrer noopener\" href=\"http:\/\/facebook.com\/aconteceunovale\" target=\"_blank\">@aconteceunovale<\/a>, Twitter <a rel=\"noreferrer noopener\" href=\"https:\/\/twitter.com\/noticiadosvales\" target=\"_blank\">@noticiadosvales<\/a> e Instagram <a rel=\"noreferrer noopener\" href=\"https:\/\/www.instagram.com\/aconteceunovale\" target=\"_blank\">@aconteceunovale<\/a>.<\/p>\n","protected":false},"excerpt":{"rendered":"<p>O presidente do Superior Tribunal de Justi\u00e7a (STJ), ministro Jo\u00e3o Ot\u00e1vio de Noronha, derrubou\u00a0hoje\u00a0(20\/4\/2020) a decis\u00e3o que suspendeu a exig\u00eancia de regulariza\u00e7\u00e3o do Cadastro de Pessoa F\u00edsica (CPF) para a obten\u00e7\u00e3o do aux\u00edlio emergencial de R$ 600 durante a pandemia do novo coronav\u00edrus. O ministro atendeu pedido&nbsp;de liminar feito pela Advocacia-Geral da Uni\u00e3o (AGU) para [&hellip;]<\/p>\n","protected":false},"author":1,"featured_media":160623,"comment_status":"open","ping_status":"closed","sticky":false,"template":"","format":"standard","meta":{"amp_status":"","footnotes":""},"categories":[6],"tags":[219405,219383,219292,27752,219949,179391,220221,220222,61747,88250,220223],"class_list":["post-161264","post","type-post","status-publish","format-standard","has-post-thumbnail","hentry","category-br","tag-auxilio-de-r-600","tag-auxilio-emergencial","tag-auxilio-emergencial-de-r-600","tag-cpf","tag-ilan-presser","tag-joao-otavio-de-noronha","tag-presidente-do-superior-tribunal-de-justica","tag-regularizacao-do-cpf","tag-stj","tag-superior-tribunal-de-justica","tag-superior-tribunal-de-justica-derruba-decisao-contra-regularizacao-de-cpf-para-receber-auxilio-emergencial"],"yoast_head":"<!-- This site is optimized with the Yoast SEO plugin v28.3 - https:\/\/yoast.com\/product\/yoast-seo-wordpress\/ -->\n<title>Superior Tribunal de Justi\u00e7a derruba decis\u00e3o contra regulariza\u00e7\u00e3o de CPF para receber aux\u00edlio emergencial - Aconteceu no Vale<\/title>\n<meta name=\"robots\" content=\"index, follow, max-snippet:-1, max-image-preview:large, max-video-preview:-1\" \/>\n<link rel=\"canonical\" href=\"https:\/\/aconteceunovale.com.br\/portal\/?p=161264\" \/>\n<meta property=\"og:locale\" content=\"pt_BR\" \/>\n<meta property=\"og:type\" content=\"article\" \/>\n<meta property=\"og:title\" content=\"Superior Tribunal de Justi\u00e7a derruba decis\u00e3o contra regulariza\u00e7\u00e3o de CPF para receber aux\u00edlio emergencial - Aconteceu no Vale\" \/>\n<meta property=\"og:description\" content=\"O presidente do Superior Tribunal de Justi\u00e7a (STJ), ministro Jo\u00e3o Ot\u00e1vio de Noronha, derrubou\u00a0hoje\u00a0(20\/4\/2020) a decis\u00e3o que suspendeu a exig\u00eancia de regulariza\u00e7\u00e3o do Cadastro de Pessoa F\u00edsica (CPF) para a obten\u00e7\u00e3o do aux\u00edlio emergencial de R$ 600 durante a pandemia do novo coronav\u00edrus. O ministro atendeu pedido&nbsp;de liminar feito pela Advocacia-Geral da Uni\u00e3o (AGU) para [&hellip;]\" \/>\n<meta property=\"og:url\" content=\"https:\/\/aconteceunovale.com.br\/portal\/?p=161264\" \/>\n<meta property=\"og:site_name\" content=\"Aconteceu no Vale\" \/>\n<meta property=\"article:publisher\" content=\"https:\/\/www.facebook.com\/aconteceunovale\/\" \/>\n<meta property=\"article:published_time\" content=\"2020-04-20T20:31:00+00:00\" \/>\n<meta property=\"article:modified_time\" content=\"2020-04-20T20:31:20+00:00\" \/>\n<meta property=\"og:image\" content=\"https:\/\/aconteceunovale.com.br\/portal\/wp-content\/uploads\/2020\/04\/app_renda_basica.jpg\" \/>\n\t<meta property=\"og:image:width\" content=\"678\" \/>\n\t<meta property=\"og:image:height\" content=\"406\" \/>\n\t<meta property=\"og:image:type\" content=\"image\/jpeg\" \/>\n<meta name=\"author\" content=\"Aconteceu no Vale\" \/>\n<meta name=\"twitter:card\" content=\"summary_large_image\" \/>\n<meta name=\"twitter:creator\" content=\"@noticiadosvales\" \/>\n<meta name=\"twitter:site\" content=\"@noticiadosvales\" \/>\n<meta name=\"twitter:label1\" content=\"Escrito por\" \/>\n\t<meta name=\"twitter:data1\" content=\"Aconteceu no Vale\" \/>\n\t<meta name=\"twitter:label2\" content=\"Est. tempo de leitura\" \/>\n\t<meta name=\"twitter:data2\" content=\"2 minutos\" \/>\n<script type=\"application\/ld+json\" class=\"yoast-schema-graph\">{\"@context\":\"https:\\\/\\\/schema.org\",\"@graph\":[{\"@type\":\"Article\",\"@id\":\"https:\\\/\\\/aconteceunovale.com.br\\\/portal\\\/?p=161264#article\",\"isPartOf\":{\"@id\":\"https:\\\/\\\/aconteceunovale.com.br\\\/portal\\\/?p=161264\"},\"author\":{\"name\":\"Aconteceu no Vale\",\"@id\":\"https:\\\/\\\/aconteceunovale.com.br\\\/portal\\\/#\\\/schema\\\/person\\\/633529146f2c94272bef50ac2953d589\"},\"headline\":\"Superior Tribunal de Justi\u00e7a derruba decis\u00e3o contra regulariza\u00e7\u00e3o de CPF para receber aux\u00edlio emergencial\",\"datePublished\":\"2020-04-20T20:31:00+00:00\",\"dateModified\":\"2020-04-20T20:31:20+00:00\",\"mainEntityOfPage\":{\"@id\":\"https:\\\/\\\/aconteceunovale.com.br\\\/portal\\\/?p=161264\"},\"wordCount\":387,\"commentCount\":0,\"image\":{\"@id\":\"https:\\\/\\\/aconteceunovale.com.br\\\/portal\\\/?p=161264#primaryimage\"},\"thumbnailUrl\":\"https:\\\/\\\/aconteceunovale.com.br\\\/portal\\\/wp-content\\\/uploads\\\/2020\\\/04\\\/app_renda_basica.jpg\",\"keywords\":[\"Aux\u00edlio de R$ 600\",\"aux\u00edlio emergencial\",\"Aux\u00edlio emergencial de R$ 600\",\"CPF\",\"Ilan Presser\",\"Jo\u00e3o Ot\u00e1vio de Noronha\",\"Presidente do Superior Tribunal de Justi\u00e7a\",\"Regulariza\u00e7\u00e3o do CPF\",\"STJ\",\"Superior Tribunal de Justi\u00e7a\",\"Superior Tribunal de Justi\u00e7a derruba decis\u00e3o contra regulariza\u00e7\u00e3o de CPF para receber aux\u00edlio emergencial\"],\"articleSection\":[\"Brasil\"],\"inLanguage\":\"pt-BR\",\"potentialAction\":[{\"@type\":\"CommentAction\",\"name\":\"Comment\",\"target\":[\"https:\\\/\\\/aconteceunovale.com.br\\\/portal\\\/?p=161264#respond\"]}]},{\"@type\":\"WebPage\",\"@id\":\"https:\\\/\\\/aconteceunovale.com.br\\\/portal\\\/?p=161264\",\"url\":\"https:\\\/\\\/aconteceunovale.com.br\\\/portal\\\/?p=161264\",\"name\":\"Superior Tribunal de Justi\u00e7a derruba decis\u00e3o contra regulariza\u00e7\u00e3o de CPF para receber aux\u00edlio emergencial - Aconteceu no Vale\",\"isPartOf\":{\"@id\":\"https:\\\/\\\/aconteceunovale.com.br\\\/portal\\\/#website\"},\"primaryImageOfPage\":{\"@id\":\"https:\\\/\\\/aconteceunovale.com.br\\\/portal\\\/?p=161264#primaryimage\"},\"image\":{\"@id\":\"https:\\\/\\\/aconteceunovale.com.br\\\/portal\\\/?p=161264#primaryimage\"},\"thumbnailUrl\":\"https:\\\/\\\/aconteceunovale.com.br\\\/portal\\\/wp-content\\\/uploads\\\/2020\\\/04\\\/app_renda_basica.jpg\",\"datePublished\":\"2020-04-20T20:31:00+00:00\",\"dateModified\":\"2020-04-20T20:31:20+00:00\",\"author\":{\"@id\":\"https:\\\/\\\/aconteceunovale.com.br\\\/portal\\\/#\\\/schema\\\/person\\\/633529146f2c94272bef50ac2953d589\"},\"breadcrumb\":{\"@id\":\"https:\\\/\\\/aconteceunovale.com.br\\\/portal\\\/?p=161264#breadcrumb\"},\"inLanguage\":\"pt-BR\",\"potentialAction\":[{\"@type\":\"ReadAction\",\"target\":[\"https:\\\/\\\/aconteceunovale.com.br\\\/portal\\\/?p=161264\"]}]},{\"@type\":\"ImageObject\",\"inLanguage\":\"pt-BR\",\"@id\":\"https:\\\/\\\/aconteceunovale.com.br\\\/portal\\\/?p=161264#primaryimage\",\"url\":\"https:\\\/\\\/aconteceunovale.com.br\\\/portal\\\/wp-content\\\/uploads\\\/2020\\\/04\\\/app_renda_basica.jpg\",\"contentUrl\":\"https:\\\/\\\/aconteceunovale.com.br\\\/portal\\\/wp-content\\\/uploads\\\/2020\\\/04\\\/app_renda_basica.jpg\",\"width\":678,\"height\":406},{\"@type\":\"BreadcrumbList\",\"@id\":\"https:\\\/\\\/aconteceunovale.com.br\\\/portal\\\/?p=161264#breadcrumb\",\"itemListElement\":[{\"@type\":\"ListItem\",\"position\":1,\"name\":\"In\u00edcio\",\"item\":\"https:\\\/\\\/aconteceunovale.com.br\\\/portal\\\/\"},{\"@type\":\"ListItem\",\"position\":2,\"name\":\"Superior Tribunal de Justi\u00e7a derruba decis\u00e3o contra regulariza\u00e7\u00e3o de CPF para receber aux\u00edlio emergencial\"}]},{\"@type\":\"WebSite\",\"@id\":\"https:\\\/\\\/aconteceunovale.com.br\\\/portal\\\/#website\",\"url\":\"https:\\\/\\\/aconteceunovale.com.br\\\/portal\\\/\",\"name\":\"Aconteceu no Vale\",\"description\":\"Portal de Not\u00edcias\",\"potentialAction\":[{\"@type\":\"SearchAction\",\"target\":{\"@type\":\"EntryPoint\",\"urlTemplate\":\"https:\\\/\\\/aconteceunovale.com.br\\\/portal\\\/?s={search_term_string}\"},\"query-input\":{\"@type\":\"PropertyValueSpecification\",\"valueRequired\":true,\"valueName\":\"search_term_string\"}}],\"inLanguage\":\"pt-BR\"},{\"@type\":\"Person\",\"@id\":\"https:\\\/\\\/aconteceunovale.com.br\\\/portal\\\/#\\\/schema\\\/person\\\/633529146f2c94272bef50ac2953d589\",\"name\":\"Aconteceu no Vale\",\"description\":\"Equipe de reportagem do Aconteceu no Vale, portal de not\u00edcias do Vale do Jequitinhonha, em Minas Gerais. Cobrimos as 51 cidades do Vale desde 2013. Sugest\u00f5es de pauta e pedidos de corre\u00e7\u00e3o: contato@aconteceunovale.com.br\",\"sameAs\":[\"http:\\\/\\\/www.aconteceunovale.com.br\"],\"url\":\"https:\\\/\\\/aconteceunovale.com.br\\\/portal\\\/?author=1\"}]}<\/script>\n<!-- \/ Yoast SEO plugin. -->","yoast_head_json":{"title":"Superior Tribunal de Justi\u00e7a derruba decis\u00e3o contra regulariza\u00e7\u00e3o de CPF para receber aux\u00edlio emergencial - Aconteceu no Vale","robots":{"index":"index","follow":"follow","max-snippet":"max-snippet:-1","max-image-preview":"max-image-preview:large","max-video-preview":"max-video-preview:-1"},"canonical":"https:\/\/aconteceunovale.com.br\/portal\/?p=161264","og_locale":"pt_BR","og_type":"article","og_title":"Superior Tribunal de Justi\u00e7a derruba decis\u00e3o contra regulariza\u00e7\u00e3o de CPF para receber aux\u00edlio emergencial - Aconteceu no Vale","og_description":"O presidente do Superior Tribunal de Justi\u00e7a (STJ), ministro Jo\u00e3o Ot\u00e1vio de Noronha, derrubou\u00a0hoje\u00a0(20\/4\/2020) a decis\u00e3o que suspendeu a exig\u00eancia de regulariza\u00e7\u00e3o do Cadastro de Pessoa F\u00edsica (CPF) para a obten\u00e7\u00e3o do aux\u00edlio emergencial de R$ 600 durante a pandemia do novo coronav\u00edrus. O ministro atendeu pedido&nbsp;de liminar feito pela Advocacia-Geral da Uni\u00e3o (AGU) para [&hellip;]","og_url":"https:\/\/aconteceunovale.com.br\/portal\/?p=161264","og_site_name":"Aconteceu no Vale","article_publisher":"https:\/\/www.facebook.com\/aconteceunovale\/","article_published_time":"2020-04-20T20:31:00+00:00","article_modified_time":"2020-04-20T20:31:20+00:00","og_image":[{"width":678,"height":406,"url":"https:\/\/aconteceunovale.com.br\/portal\/wp-content\/uploads\/2020\/04\/app_renda_basica.jpg","type":"image\/jpeg"}],"author":"Aconteceu no Vale","twitter_card":"summary_large_image","twitter_creator":"@noticiadosvales","twitter_site":"@noticiadosvales","twitter_misc":{"Escrito por":"Aconteceu no Vale","Est. tempo de leitura":"2 minutos"},"schema":{"@context":"https:\/\/schema.org","@graph":[{"@type":"Article","@id":"https:\/\/aconteceunovale.com.br\/portal\/?p=161264#article","isPartOf":{"@id":"https:\/\/aconteceunovale.com.br\/portal\/?p=161264"},"author":{"name":"Aconteceu no Vale","@id":"https:\/\/aconteceunovale.com.br\/portal\/#\/schema\/person\/633529146f2c94272bef50ac2953d589"},"headline":"Superior Tribunal de Justi\u00e7a derruba decis\u00e3o contra regulariza\u00e7\u00e3o de CPF para receber aux\u00edlio emergencial","datePublished":"2020-04-20T20:31:00+00:00","dateModified":"2020-04-20T20:31:20+00:00","mainEntityOfPage":{"@id":"https:\/\/aconteceunovale.com.br\/portal\/?p=161264"},"wordCount":387,"commentCount":0,"image":{"@id":"https:\/\/aconteceunovale.com.br\/portal\/?p=161264#primaryimage"},"thumbnailUrl":"https:\/\/aconteceunovale.com.br\/portal\/wp-content\/uploads\/2020\/04\/app_renda_basica.jpg","keywords":["Aux\u00edlio de R$ 600","aux\u00edlio emergencial","Aux\u00edlio emergencial de R$ 600","CPF","Ilan Presser","Jo\u00e3o Ot\u00e1vio de Noronha","Presidente do Superior Tribunal de Justi\u00e7a","Regulariza\u00e7\u00e3o do CPF","STJ","Superior Tribunal de Justi\u00e7a","Superior Tribunal de Justi\u00e7a derruba decis\u00e3o contra regulariza\u00e7\u00e3o de CPF para receber aux\u00edlio emergencial"],"articleSection":["Brasil"],"inLanguage":"pt-BR","potentialAction":[{"@type":"CommentAction","name":"Comment","target":["https:\/\/aconteceunovale.com.br\/portal\/?p=161264#respond"]}]},{"@type":"WebPage","@id":"https:\/\/aconteceunovale.com.br\/portal\/?p=161264","url":"https:\/\/aconteceunovale.com.br\/portal\/?p=161264","name":"Superior Tribunal de Justi\u00e7a derruba decis\u00e3o contra regulariza\u00e7\u00e3o de CPF para receber aux\u00edlio emergencial - Aconteceu no Vale","isPartOf":{"@id":"https:\/\/aconteceunovale.com.br\/portal\/#website"},"primaryImageOfPage":{"@id":"https:\/\/aconteceunovale.com.br\/portal\/?p=161264#primaryimage"},"image":{"@id":"https:\/\/aconteceunovale.com.br\/portal\/?p=161264#primaryimage"},"thumbnailUrl":"https:\/\/aconteceunovale.com.br\/portal\/wp-content\/uploads\/2020\/04\/app_renda_basica.jpg","datePublished":"2020-04-20T20:31:00+00:00","dateModified":"2020-04-20T20:31:20+00:00","author":{"@id":"https:\/\/aconteceunovale.com.br\/portal\/#\/schema\/person\/633529146f2c94272bef50ac2953d589"},"breadcrumb":{"@id":"https:\/\/aconteceunovale.com.br\/portal\/?p=161264#breadcrumb"},"inLanguage":"pt-BR","potentialAction":[{"@type":"ReadAction","target":["https:\/\/aconteceunovale.com.br\/portal\/?p=161264"]}]},{"@type":"ImageObject","inLanguage":"pt-BR","@id":"https:\/\/aconteceunovale.com.br\/portal\/?p=161264#primaryimage","url":"https:\/\/aconteceunovale.com.br\/portal\/wp-content\/uploads\/2020\/04\/app_renda_basica.jpg","contentUrl":"https:\/\/aconteceunovale.com.br\/portal\/wp-content\/uploads\/2020\/04\/app_renda_basica.jpg","width":678,"height":406},{"@type":"BreadcrumbList","@id":"https:\/\/aconteceunovale.com.br\/portal\/?p=161264#breadcrumb","itemListElement":[{"@type":"ListItem","position":1,"name":"In\u00edcio","item":"https:\/\/aconteceunovale.com.br\/portal\/"},{"@type":"ListItem","position":2,"name":"Superior Tribunal de Justi\u00e7a derruba decis\u00e3o contra regulariza\u00e7\u00e3o de CPF para receber aux\u00edlio emergencial"}]},{"@type":"WebSite","@id":"https:\/\/aconteceunovale.com.br\/portal\/#website","url":"https:\/\/aconteceunovale.com.br\/portal\/","name":"Aconteceu no Vale","description":"Portal de Not\u00edcias","potentialAction":[{"@type":"SearchAction","target":{"@type":"EntryPoint","urlTemplate":"https:\/\/aconteceunovale.com.br\/portal\/?s={search_term_string}"},"query-input":{"@type":"PropertyValueSpecification","valueRequired":true,"valueName":"search_term_string"}}],"inLanguage":"pt-BR"},{"@type":"Person","@id":"https:\/\/aconteceunovale.com.br\/portal\/#\/schema\/person\/633529146f2c94272bef50ac2953d589","name":"Aconteceu no Vale","description":"Equipe de reportagem do Aconteceu no Vale, portal de not\u00edcias do Vale do Jequitinhonha, em Minas Gerais. Cobrimos as 51 cidades do Vale desde 2013. Sugest\u00f5es de pauta e pedidos de corre\u00e7\u00e3o: contato@aconteceunovale.com.br","sameAs":["http:\/\/www.aconteceunovale.com.br"],"url":"https:\/\/aconteceunovale.com.br\/portal\/?author=1"}]}},"_links":{"self":[{"href":"https:\/\/aconteceunovale.com.br\/portal\/index.php?rest_route=\/wp\/v2\/posts\/161264","targetHints":{"allow":["GET"]}}],"collection":[{"href":"https:\/\/aconteceunovale.com.br\/portal\/index.php?rest_route=\/wp\/v2\/posts"}],"about":[{"href":"https:\/\/aconteceunovale.com.br\/portal\/index.php?rest_route=\/wp\/v2\/types\/post"}],"author":[{"embeddable":true,"href":"https:\/\/aconteceunovale.com.br\/portal\/index.php?rest_route=\/wp\/v2\/users\/1"}],"replies":[{"embeddable":true,"href":"https:\/\/aconteceunovale.com.br\/portal\/index.php?rest_route=%2Fwp%2Fv2%2Fcomments&post=161264"}],"version-history":[{"count":1,"href":"https:\/\/aconteceunovale.com.br\/portal\/index.php?rest_route=\/wp\/v2\/posts\/161264\/revisions"}],"predecessor-version":[{"id":161265,"href":"https:\/\/aconteceunovale.com.br\/portal\/index.php?rest_route=\/wp\/v2\/posts\/161264\/revisions\/161265"}],"wp:featuredmedia":[{"embeddable":true,"href":"https:\/\/aconteceunovale.com.br\/portal\/index.php?rest_route=\/wp\/v2\/media\/160623"}],"wp:attachment":[{"href":"https:\/\/aconteceunovale.com.br\/portal\/index.php?rest_route=%2Fwp%2Fv2%2Fmedia&parent=161264"}],"wp:term":[{"taxonomy":"category","embeddable":true,"href":"https:\/\/aconteceunovale.com.br\/portal\/index.php?rest_route=%2Fwp%2Fv2%2Fcategories&post=161264"},{"taxonomy":"post_tag","embeddable":true,"href":"https:\/\/aconteceunovale.com.br\/portal\/index.php?rest_route=%2Fwp%2Fv2%2Ftags&post=161264"}],"curies":[{"name":"wp","href":"https:\/\/api.w.org\/{rel}","templated":true}]}}