{"id":161260,"date":"2020-04-20T17:18:17","date_gmt":"2020-04-20T20:18:17","guid":{"rendered":"http:\/\/aconteceunovale.com.br\/portal\/?p=161260"},"modified":"2020-04-20T17:18:40","modified_gmt":"2020-04-20T20:18:40","slug":"apenas-3-dos-leitos-de-uti-em-minas-gerais-estao-ocupados-por-casos-confirmados-e-suspeitos-de-coronavirus","status":"publish","type":"post","link":"https:\/\/aconteceunovale.com.br\/portal\/?p=161260","title":{"rendered":"Apenas 3% dos leitos de UTI em Minas Gerais est\u00e3o ocupados por casos confirmados e suspeitos de coronav\u00edrus"},"content":{"rendered":"\n<p>As diversas a\u00e7\u00f5es de preven\u00e7\u00e3o e combate ao coronav\u00edrus em Minas Gerais seguem apresentando resultados positivos no controle da prolifera\u00e7\u00e3o da doen\u00e7a. At\u00e9 o momento, a m\u00e9dia de ocupa\u00e7\u00e3o dos leitos de Unidade de Terapia Intensiva (UTI) do Sistema \u00danico de Sa\u00fade (SUS) pela Covid-19 \u00e9 de 3%. Al\u00e9m disso, o n\u00famero de pedidos de interna\u00e7\u00e3o de pacientes com sintomas da doen\u00e7a vem caindo constantemente nas \u00faltimas semanas.<\/p>\n\n\n\n<p>A ocupa\u00e7\u00e3o de leitos de UTI por pacientes confirmados ou com sintomas da Covid-19 em leitos SUS, segundo dados da\u00a0Secretaria de Estado de Sa\u00fade (SES-MG), est\u00e1 em n\u00edvel controlado. De acordo com o \u00faltimo registro, do dia 18\/4, Minas possui 51% dos leitos ocupados, mas, por causa do coronav\u00edrus ou suspeita da doen\u00e7a, s\u00e3o 67 pessoas internadas em todo o estado \u2013 o que representa 3% da ocupa\u00e7\u00e3o total de leitos dispon\u00edveis em Minas.<\/p>\n\n\n\n<p>O n\u00famero de leitos de enfermaria ocupados na rede hospitalar estadual&nbsp;tamb\u00e9m se mant\u00e9m est\u00e1vel. Segundo os dados do dia 18\/4, 55% das vagas est\u00e3o ocupadas. Mas s\u00e3o 380 as v\u00edtimas internadas por Covid-19 ou suspeita da doen\u00e7a, o que representa 3% da ocupa\u00e7\u00e3o dos leitos cl\u00ednicos no estado.<\/p>\n\n\n\n<p>Segundo o \u00faltimo boletim epidemiol\u00f3gico da SES-MG, divulgado nesta segunda-feira (20\/4), Minas Gerais possui 1.189 casos e 41 \u00f3bitos confirmados do coronav\u00edrus.<\/p>\n\n\n\n<p>O governador Romeu Zema destacou o trabalho realizado no Estado. Entre as a\u00e7\u00f5es de combate \u00e0 doen\u00e7a em Minas est\u00e3o as medidas de isolamento social, a suspens\u00e3o das aulas, a conscientiza\u00e7\u00e3o da sociedade em rela\u00e7\u00e3o \u00e0s medidas de preven\u00e7\u00e3o, a desinfec\u00e7\u00e3o de espa\u00e7os p\u00fablicos e o trabalho para a amplia\u00e7\u00e3o do n\u00famero de leitos no estado, al\u00e9m da amplia\u00e7\u00e3o de investimentos na compra de equipamentos. Com estas medidas, o governo j\u00e1 conseguiu adiar a proje\u00e7\u00e3o do pico da doen\u00e7a para que Minas consiga se adiantar e se preparar para o atendimento da popula\u00e7\u00e3o, caso seja necess\u00e1rio.<\/p>\n\n\n\n<p>\u201cTemos uma das situa\u00e7\u00f5es mais bem administradas do pa\u00eds. Isso mostra que as medidas que adotamos surtiram efeito. Estamos trabalhando um protocolo para dar seguran\u00e7a \u00e0s decis\u00f5es municipais, sempre tendo como norte os dados colhidos junto \u00e0 Secretaria Estadual de Sa\u00fade\u201d, afirmou o governador.<\/p>\n\n\n\n<p><strong>N\u00fameros<\/strong><\/p>\n\n\n\n<p>At\u00e9 o momento, o estado disp\u00f5e de 2.013 leitos de UTI via SUS e mais 50 leitos da\u00a0Funda\u00e7\u00e3o Hospitalar do Estado de Minas Gerais (Fhemig). Al\u00e9m disso, em Minas existem outros 1.083 leitos de UTI na rede privada de sa\u00fade. Em rela\u00e7\u00e3o ao n\u00famero de leitos de enfermaria, h\u00e1\u00a011.622 leitos cl\u00ednicos.<\/p>\n\n\n\n<figure class=\"wp-block-gallery columns-1 is-cropped wp-block-gallery-1 is-layout-flex wp-block-gallery-is-layout-flex\"><ul class=\"blocks-gallery-grid\"><li class=\"blocks-gallery-item\"><figure><img loading=\"lazy\" decoding=\"async\" width=\"611\" height=\"151\" src=\"http:\/\/aconteceunovale.com.br\/portal\/wp-content\/uploads\/2020\/04\/leitos_mg.jpg\" alt=\"\" data-id=\"161261\" data-full-url=\"http:\/\/aconteceunovale.com.br\/portal\/wp-content\/uploads\/2020\/04\/leitos_mg.jpg\" data-link=\"http:\/\/aconteceunovale.com.br\/portal\/?attachment_id=161261\" class=\"wp-image-161261\" srcset=\"https:\/\/aconteceunovale.com.br\/portal\/wp-content\/uploads\/2020\/04\/leitos_mg.jpg 611w, https:\/\/aconteceunovale.com.br\/portal\/wp-content\/uploads\/2020\/04\/leitos_mg-300x74.jpg 300w\" sizes=\"auto, (max-width: 611px) 100vw, 611px\" \/><\/figure><\/li><\/ul><\/figure>\n\n\n\n<p><strong>Hospital de Campanha<\/strong><\/p>\n\n\n\n<p>Estes n\u00fameros n\u00e3o incluem, ainda, o Hospital de Campanha de Minas Gerais, constru\u00eddo no Expominas, em Belo Horizonte.\u00a0 L\u00e1 ser\u00e3o disponibilizados 740 leitos de enfermaria e outros 28 de estabiliza\u00e7\u00e3o. A segunda fase da obra j\u00e1 foi conclu\u00edda, com a instala\u00e7\u00e3o de mobili\u00e1rios, adequa\u00e7\u00e3o el\u00e9trica, rede de esgoto hospitalar e in\u00edcio da instala\u00e7\u00e3o gasom\u00e9trica. A expectativa \u00e9 de que ele esteja preparado para receber pacientes, caso seja necess\u00e1rio, no fim de abril.<\/p>\n\n\n\n<p class=\"has-background has-very-light-gray-background-color\">Quer saber as not\u00edcias do <strong>Aconteceu no Vale<\/strong> em primeira m\u00e3o? Siga-nos no Facebook <a rel=\"noreferrer noopener\" href=\"http:\/\/facebook.com\/aconteceunovale\" target=\"_blank\">@aconteceunovale<\/a>, Twitter <a rel=\"noreferrer noopener\" href=\"https:\/\/twitter.com\/noticiadosvales\" target=\"_blank\">@noticiadosvales<\/a> e Instagram <a rel=\"noreferrer noopener\" href=\"https:\/\/www.instagram.com\/aconteceunovale\" target=\"_blank\">@aconteceunovale<\/a>.<\/p>\n","protected":false},"excerpt":{"rendered":"<p>As diversas a\u00e7\u00f5es de preven\u00e7\u00e3o e combate ao coronav\u00edrus em Minas Gerais seguem apresentando resultados positivos no controle da prolifera\u00e7\u00e3o da doen\u00e7a. At\u00e9 o momento, a m\u00e9dia de ocupa\u00e7\u00e3o dos leitos de Unidade de Terapia Intensiva (UTI) do Sistema \u00danico de Sa\u00fade (SUS) pela Covid-19 \u00e9 de 3%. Al\u00e9m disso, o n\u00famero de pedidos de [&hellip;]<\/p>\n","protected":false},"author":1,"featured_media":161262,"comment_status":"open","ping_status":"closed","sticky":false,"template":"","format":"standard","meta":{"amp_status":"","footnotes":""},"categories":[123,40242],"tags":[220217,214884,217542,217739,1018,33185,220218,215653,220219,219687,218365,52113,220220],"class_list":["post-161260","post","type-post","status-publish","format-standard","has-post-thumbnail","hentry","category-gerais","category-saude-2","tag-apenas-3-dos-leitos-de-uti-em-minas-gerais-estao-ocupados-por-casos-confirmados-e-suspeitos-de-coronavirus","tag-coronavirus","tag-coronavirus-em-minas-gerais","tag-covid-19-em-minas-gerais","tag-destaque","tag-fhemig","tag-leitos-de-uti-em-minas-gerais","tag-novo-coronavirus","tag-ocupacao-dos-leitos-de-uti-em-minas-gerias","tag-pandemia-da-covid-19","tag-pandemia-do-coronavirus","tag-ses-mg","tag-total-de-leitos-de-uti-em-minas-gerais"],"_links":{"self":[{"href":"https:\/\/aconteceunovale.com.br\/portal\/index.php?rest_route=\/wp\/v2\/posts\/161260","targetHints":{"allow":["GET"]}}],"collection":[{"href":"https:\/\/aconteceunovale.com.br\/portal\/index.php?rest_route=\/wp\/v2\/posts"}],"about":[{"href":"https:\/\/aconteceunovale.com.br\/portal\/index.php?rest_route=\/wp\/v2\/types\/post"}],"author":[{"embeddable":true,"href":"https:\/\/aconteceunovale.com.br\/portal\/index.php?rest_route=\/wp\/v2\/users\/1"}],"replies":[{"embeddable":true,"href":"https:\/\/aconteceunovale.com.br\/portal\/index.php?rest_route=%2Fwp%2Fv2%2Fcomments&post=161260"}],"version-history":[{"count":1,"href":"https:\/\/aconteceunovale.com.br\/portal\/index.php?rest_route=\/wp\/v2\/posts\/161260\/revisions"}],"predecessor-version":[{"id":161263,"href":"https:\/\/aconteceunovale.com.br\/portal\/index.php?rest_route=\/wp\/v2\/posts\/161260\/revisions\/161263"}],"wp:featuredmedia":[{"embeddable":true,"href":"https:\/\/aconteceunovale.com.br\/portal\/index.php?rest_route=\/wp\/v2\/media\/161262"}],"wp:attachment":[{"href":"https:\/\/aconteceunovale.com.br\/portal\/index.php?rest_route=%2Fwp%2Fv2%2Fmedia&parent=161260"}],"wp:term":[{"taxonomy":"category","embeddable":true,"href":"https:\/\/aconteceunovale.com.br\/portal\/index.php?rest_route=%2Fwp%2Fv2%2Fcategories&post=161260"},{"taxonomy":"post_tag","embeddable":true,"href":"https:\/\/aconteceunovale.com.br\/portal\/index.php?rest_route=%2Fwp%2Fv2%2Ftags&post=161260"}],"curies":[{"name":"wp","href":"https:\/\/api.w.org\/{rel}","templated":true}]}}