{"id":161257,"date":"2020-04-20T17:05:12","date_gmt":"2020-04-20T20:05:12","guid":{"rendered":"http:\/\/aconteceunovale.com.br\/portal\/?p=161257"},"modified":"2020-04-20T17:05:52","modified_gmt":"2020-04-20T20:05:52","slug":"abastecimento-e-producao-agropecuaria-seguem-dentro-da-normalidade-em-minas-gerais-diz-governo","status":"publish","type":"post","link":"https:\/\/aconteceunovale.com.br\/portal\/?p=161257","title":{"rendered":"Abastecimento e produ\u00e7\u00e3o agropecu\u00e1ria seguem dentro da normalidade em Minas Gerais, diz governo"},"content":{"rendered":"\n<p>O abastecimento e a produ\u00e7\u00e3o agropecu\u00e1ria e agroindustrial em Minas Gerais\u00a0se manteve dentro da normalidade em quantidade e fluxo de produtos nos mercados locais, regionais e estadual. A avalia\u00e7\u00e3o positiva da conjuntura \u00e9 da\u00a0Secretaria de Agricultura, Pecu\u00e1ria e Abastecimento de Minas Gerais (Seapa), que est\u00e1 realizando, em parceria com as institui\u00e7\u00f5es vinculadas (Emater-MG,\u00a0Epamig\u00a0e\u00a0IMA), o monitoramento da atividade agropecu\u00e1ria no estado para identificar poss\u00edveis impactos no processo de produ\u00e7\u00e3o e distribui\u00e7\u00e3o de alimentos, durante o per\u00edodo de enfrentamento da Covid-19.<\/p>\n\n\n\n<p>O monitoramento acompanhou&nbsp;o desempenho da comercializa\u00e7\u00e3o e abastecimento de v\u00e1rios g\u00eaneros aliment\u00edcios, insumos agropecu\u00e1rios; frutas e hortali\u00e7as comercializadas na CeasaMinas \u2013 entreposto da Grande BH; caf\u00e9, al\u00e9m do levantamento do abate de bovinos, aves e su\u00ednos. O per\u00edodo considerado para a an\u00e1lise mais recente&nbsp;foi o de 6 a 14 de abril.<\/p>\n\n\n\n<p>Segundo a secret\u00e1ria de Estado de Agricultura, Pecu\u00e1ria e Abastecimento, Ana Valentini, a divulga\u00e7\u00e3o do \u201cBalan\u00e7o da Situa\u00e7\u00e3o da Produ\u00e7\u00e3o e Abastecimento Agropecu\u00e1rio em Minas Gerais Frente \u00e0 Crise do Coronav\u00edrus\u201d ser\u00e1 semanal. \u201cO Sistema da Agricultura est\u00e1 monitorando as diversas cadeias produtivas na perspectiva de manter o fluxo regular da produ\u00e7\u00e3o agropecu\u00e1ria e garantir o abastecimento para a sociedade\u201d, explica.<\/p>\n\n\n\n<figure class=\"wp-block-gallery columns-1 is-cropped wp-block-gallery-1 is-layout-flex wp-block-gallery-is-layout-flex\"><ul class=\"blocks-gallery-grid\"><li class=\"blocks-gallery-item\"><figure><img loading=\"lazy\" decoding=\"async\" width=\"678\" height=\"450\" src=\"http:\/\/aconteceunovale.com.br\/portal\/wp-content\/uploads\/2020\/04\/ceasa_minas.jpg\" alt=\"\" data-id=\"161258\" class=\"wp-image-161258\" srcset=\"https:\/\/aconteceunovale.com.br\/portal\/wp-content\/uploads\/2020\/04\/ceasa_minas.jpg 678w, https:\/\/aconteceunovale.com.br\/portal\/wp-content\/uploads\/2020\/04\/ceasa_minas-300x199.jpg 300w, https:\/\/aconteceunovale.com.br\/portal\/wp-content\/uploads\/2020\/04\/ceasa_minas-633x420.jpg 633w\" sizes=\"auto, (max-width: 678px) 100vw, 678px\" \/><figcaption class=\"blocks-gallery-item__caption\"><em>CeasaMinas &#8211; entreposto da Grande BH &#8211; Foto: Divulga\u00e7\u00e3o \/ Seapa<\/em><\/figcaption><\/figure><\/li><\/ul><\/figure>\n\n\n\n<p><strong>Agricultura familiar<\/strong><\/p>\n\n\n\n<p>A Emater-MG realizou o levantamento das informa\u00e7\u00f5es em 737 munic\u00edpios que contam com a sua assist\u00eancia t\u00e9cnica. \u201cA metodologia utilizada para esse trabalho se baseou na aplica\u00e7\u00e3o semanal de question\u00e1rio junto aos nossos t\u00e9cnicos para atender a demanda e a necessidade de monitoramento da sociedade e das institui\u00e7\u00f5es p\u00fablicas, tanto do estado quanto dos munic\u00edpios \u201d, explica o diretor-t\u00e9cnico Feliciano Nogueira.<\/p>\n\n\n\n<p>De acordo com a empresa, a situa\u00e7\u00e3o do com\u00e9rcio dos agricultores familiares varia de normal ao comprometimento m\u00e9dio em 76% dos munic\u00edpios consultados. O mercado local, representado por supermercados, mercearias e sacol\u00f5es, tem sido o principal canal de comercializa\u00e7\u00e3o para esses agricultores, seguido das televendas em redes sociais com entrega em domic\u00edlio, modalidade que foi adotada em 50,2% dos munic\u00edpios consultados.<\/p>\n\n\n\n<p><strong>Abate de animais<\/strong><\/p>\n\n\n\n<p>Segundo o diretor-t\u00e9cnico do IMA, Bruno Rocha de Melo, os dados do sistema de defesa agropecu\u00e1ria mostram que a situa\u00e7\u00e3o das cadeias produtivas de prote\u00edna animal est\u00e1 dentro da normalidade. Conforme levantamento, foram abatidos 58.578 bovinos no per\u00edodo analisado.<\/p>\n\n\n\n<p>O abate de aves tamb\u00e9m segue dentro das expectativas e a an\u00e1lise do alojamento de animais para engorda (pintos de 1 dia) aponta para um cen\u00e1rio de normalidade nos pr\u00f3ximos 45 dias. Ainda de acordo com a avalia\u00e7\u00e3o do IMA, n\u00e3o foram observadas mudan\u00e7as significativas no tr\u00e2nsito de su\u00ednos destinados ao abate que indicassem risco moment\u00e2neo ao desabastecimento do produto.<\/p>\n\n\n\n<p>\u201cA cadeia do leite requer um pouco mais de aten\u00e7\u00e3o, principalmente, os latic\u00ednios de menor porte, que est\u00e3o com dificuldade de escoar seus produtos, o que reflete de alguma forma para o produtor\u201d, pondera o diretor t\u00e9cnico do IMA.<\/p>\n\n\n\n<p><strong>Monitoramento de pre\u00e7os<\/strong><\/p>\n\n\n\n<p>A Secretaria de Agricultura, que est\u00e1 realizando o monitoramento dos pre\u00e7os das frutas e hortali\u00e7as mais comercializadas na CeasaMinas, considera que as oscila\u00e7\u00f5es apresentadas est\u00e3o dentro do normal. Para alguns produtos, como alho e cebola, essa varia\u00e7\u00e3o foi pouco significativa. Chuchu, tomate e o piment\u00e3o, por sua vez,&nbsp;tiveram queda devido \u00e0 maior oferta desses produtos no mercado. J\u00e1 em rela\u00e7\u00e3o \u00e0 batata e cenoura, a demanda foi menor que a esperada.<\/p>\n\n\n\n<p>Frutas como abacaxi, laranja e melancia se mantiveram\u00a0praticamente com pre\u00e7os est\u00e1veis. J\u00e1 ma\u00e7\u00e3 e mam\u00e3o, observado\u00a0o in\u00edcio e o final do per\u00edodo em quest\u00e3o, foram as \u00fanicas frutas que apresentaram alta nos pre\u00e7os, devido \u00e0 menor oferta. Para a ma\u00e7\u00e3, a queda da demanda, ocasionada pela suspens\u00e3o das compras para a merenda escolar, fez com que os lotes retornassem para as c\u00e2maras frias.<\/p>\n\n\n\n<p class=\"has-background has-very-light-gray-background-color\">Quer saber as not\u00edcias do <strong>Aconteceu no Vale<\/strong> em primeira m\u00e3o? Siga-nos no Facebook <a rel=\"noreferrer noopener\" href=\"http:\/\/facebook.com\/aconteceunovale\" target=\"_blank\">@aconteceunovale<\/a>, Twitter <a rel=\"noreferrer noopener\" href=\"https:\/\/twitter.com\/noticiadosvales\" target=\"_blank\">@noticiadosvales<\/a> e Instagram <a rel=\"noreferrer noopener\" href=\"https:\/\/www.instagram.com\/aconteceunovale\" target=\"_blank\">@aconteceunovale<\/a>.<\/p>\n","protected":false},"excerpt":{"rendered":"<p>O abastecimento e a produ\u00e7\u00e3o agropecu\u00e1ria e agroindustrial em Minas Gerais\u00a0se manteve dentro da normalidade em quantidade e fluxo de produtos nos mercados locais, regionais e estadual. A avalia\u00e7\u00e3o positiva da conjuntura \u00e9 da\u00a0Secretaria de Agricultura, Pecu\u00e1ria e Abastecimento de Minas Gerais (Seapa), que est\u00e1 realizando, em parceria com as institui\u00e7\u00f5es vinculadas (Emater-MG,\u00a0Epamig\u00a0e\u00a0IMA), o monitoramento [&hellip;]<\/p>\n","protected":false},"author":1,"featured_media":161258,"comment_status":"open","ping_status":"closed","sticky":false,"template":"","format":"standard","meta":{"amp_status":"","footnotes":""},"categories":[123],"tags":[220214,220211,220215,162875,214884,216498,1018,220212,25775,25884,20955,219687,218365,220213,220216],"class_list":["post-161257","post","type-post","status-publish","format-standard","has-post-thumbnail","hentry","category-gerais","tag-abastecimento-de-produtos-em-minas-gerais","tag-abastecimento-e-producao-agropecuaria-seguem-dentro-da-normalidade-em-minas-gerais","tag-ceasa-minas-2","tag-ceasaminas","tag-coronavirus","tag-covid-19","tag-destaque","tag-distribuicao-de-alimentos-em-minas-gerais","tag-emater-mg","tag-epamig","tag-ima","tag-pandemia-da-covid-19","tag-pandemia-do-coronavirus","tag-producao-agropecuaria-em-minas-gerais","tag-sistema-da-agricultura-de-minas-gerais"],"_links":{"self":[{"href":"https:\/\/aconteceunovale.com.br\/portal\/index.php?rest_route=\/wp\/v2\/posts\/161257","targetHints":{"allow":["GET"]}}],"collection":[{"href":"https:\/\/aconteceunovale.com.br\/portal\/index.php?rest_route=\/wp\/v2\/posts"}],"about":[{"href":"https:\/\/aconteceunovale.com.br\/portal\/index.php?rest_route=\/wp\/v2\/types\/post"}],"author":[{"embeddable":true,"href":"https:\/\/aconteceunovale.com.br\/portal\/index.php?rest_route=\/wp\/v2\/users\/1"}],"replies":[{"embeddable":true,"href":"https:\/\/aconteceunovale.com.br\/portal\/index.php?rest_route=%2Fwp%2Fv2%2Fcomments&post=161257"}],"version-history":[{"count":1,"href":"https:\/\/aconteceunovale.com.br\/portal\/index.php?rest_route=\/wp\/v2\/posts\/161257\/revisions"}],"predecessor-version":[{"id":161259,"href":"https:\/\/aconteceunovale.com.br\/portal\/index.php?rest_route=\/wp\/v2\/posts\/161257\/revisions\/161259"}],"wp:featuredmedia":[{"embeddable":true,"href":"https:\/\/aconteceunovale.com.br\/portal\/index.php?rest_route=\/wp\/v2\/media\/161258"}],"wp:attachment":[{"href":"https:\/\/aconteceunovale.com.br\/portal\/index.php?rest_route=%2Fwp%2Fv2%2Fmedia&parent=161257"}],"wp:term":[{"taxonomy":"category","embeddable":true,"href":"https:\/\/aconteceunovale.com.br\/portal\/index.php?rest_route=%2Fwp%2Fv2%2Fcategories&post=161257"},{"taxonomy":"post_tag","embeddable":true,"href":"https:\/\/aconteceunovale.com.br\/portal\/index.php?rest_route=%2Fwp%2Fv2%2Ftags&post=161257"}],"curies":[{"name":"wp","href":"https:\/\/api.w.org\/{rel}","templated":true}]}}