{"id":161249,"date":"2020-04-20T14:58:24","date_gmt":"2020-04-20T17:58:24","guid":{"rendered":"http:\/\/aconteceunovale.com.br\/portal\/?p=161249"},"modified":"2020-04-20T14:59:38","modified_gmt":"2020-04-20T17:59:38","slug":"augusto-aras-pede-inquerito-sobre-atos-contra-congresso-e-supremo","status":"publish","type":"post","link":"https:\/\/aconteceunovale.com.br\/portal\/?p=161249","title":{"rendered":"Augusto Aras pede inqu\u00e9rito sobre atos contra Congresso e Supremo"},"content":{"rendered":"\n<p class=\"wp-block-paragraph\">O procurador-geral da Rep\u00fablica, Augusto Aras, pediu ao Supremo Tribunal Federal (STF) a abertura de um inqu\u00e9rito para apurar a poss\u00edvel viola\u00e7\u00e3o da Lei de Seguran\u00e7a Nacional em atos que pediram, no&nbsp;domingo&nbsp;(19), a interven\u00e7\u00e3o militar e o fechamento do Congresso e do pr\u00f3prio Supremo.<\/p>\n\n\n\n<p class=\"wp-block-paragraph\">&#8220;O Estado brasileiro admite \u00fanica ideologia que \u00e9 a do regime da democracia participativa. Qualquer atentado \u00e0 democracia afronta a Constitui\u00e7\u00e3o e a Lei de Seguran\u00e7a Nacional\u201d, afirmou Aras no pedido, conforme nota divulgada no in\u00edcio da tarde pela PGR.<\/p>\n\n\n\n<p class=\"wp-block-paragraph\">Segundo o texto, o PGR deseja apurar se houve o cometimento de crime por parte de cidad\u00e3os ou deputados federais que organizaram as manifesta\u00e7\u00f5es contra o regime da democracia participativa brasileira. A compet\u00eancia do Supremo se d\u00e1 devido ao poss\u00edvel envolvimento de parlamentares, justificou Aras.<\/p>\n\n\n\n<figure class=\"wp-block-gallery columns-1 is-cropped wp-block-gallery-1 is-layout-flex wp-block-gallery-is-layout-flex\"><ul class=\"blocks-gallery-grid\"><li class=\"blocks-gallery-item\"><figure><img loading=\"lazy\" decoding=\"async\" width=\"678\" height=\"406\" src=\"http:\/\/aconteceunovale.com.br\/portal\/wp-content\/uploads\/2020\/04\/augusto_aras.jpg\" alt=\"\" data-id=\"161250\" class=\"wp-image-161250\" srcset=\"https:\/\/aconteceunovale.com.br\/portal\/wp-content\/uploads\/2020\/04\/augusto_aras.jpg 678w, https:\/\/aconteceunovale.com.br\/portal\/wp-content\/uploads\/2020\/04\/augusto_aras-300x180.jpg 300w\" sizes=\"auto, (max-width: 678px) 100vw, 678px\" \/><figcaption class=\"blocks-gallery-item__caption\"><em>Augusto Aras &#8211; Foto: Rosinei Coutinho\/SCO\/STF<\/em><\/figcaption><\/figure><\/li><\/ul><\/figure>\n\n\n\n<h2 class=\"wp-block-heading\">Atos<\/h2>\n\n\n\n<p class=\"wp-block-paragraph\">Ontem, v\u00e1rias manifesta\u00e7\u00f5es foram registradas no pa\u00eds. Entre as pautas estavam o pedido de reabertura do com\u00e9rcio e o fim de medidas de isolamento por conta da pandemia do novo coronav\u00edrus. No ato em Bras\u00edlia foram vistas tamb\u00e9m\u00a0mensagens que pediam o\u00a0fechamento do Congresso, do STF e a volta do Ato Institucional n\u00b0 5, usado no governo\u00a0militar para punir opositores ao regime e cassar parlamentares. As mensagens causaram repercuss\u00e3o entre a classe pol\u00edtica, Judici\u00e1rio e entidades da sociedade civil.\u00a0<\/p>\n\n\n\n<p class=\"has-background has-very-light-gray-background-color wp-block-paragraph\">Quer saber as not\u00edcias do <strong>Aconteceu no Vale<\/strong> em primeira m\u00e3o? Siga-nos no Facebook <a rel=\"noreferrer noopener\" href=\"http:\/\/facebook.com\/aconteceunovale\" target=\"_blank\">@aconteceunovale<\/a>, Twitter <a rel=\"noreferrer noopener\" href=\"https:\/\/twitter.com\/noticiadosvales\" target=\"_blank\">@noticiadosvales<\/a> e Instagram <a rel=\"noreferrer noopener\" href=\"https:\/\/www.instagram.com\/aconteceunovale\" target=\"_blank\">@aconteceunovale<\/a>.<\/p>\n","protected":false},"excerpt":{"rendered":"<p>O procurador-geral da Rep\u00fablica, Augusto Aras, pediu ao Supremo Tribunal Federal (STF) a abertura de um inqu\u00e9rito para apurar a poss\u00edvel viola\u00e7\u00e3o da Lei de Seguran\u00e7a Nacional em atos que pediram, no&nbsp;domingo&nbsp;(19), a interven\u00e7\u00e3o militar e o fechamento do Congresso e do pr\u00f3prio Supremo. &#8220;O Estado brasileiro admite \u00fanica ideologia que \u00e9 a do regime [&hellip;]<\/p>\n","protected":false},"author":1,"featured_media":161250,"comment_status":"open","ping_status":"closed","sticky":false,"template":"","format":"standard","meta":{"amp_status":"","footnotes":""},"categories":[6,40240],"tags":[220189,220201,220203,220202,220200,100375,220183,220182,4606,214884,216498,220179,220181,220187,220188,183487,218364,26436,220186,220180,220184,184222,20321,218516,220185],"class_list":["post-161249","post","type-post","status-publish","format-standard","has-post-thumbnail","hentry","category-br","category-politica","tag-ai-5","tag-atos-contra-o-congresso","tag-atos-contra-o-stf","tag-atos-contra-o-supremo","tag-augusto-aras-pede-inquerito-sobre-atos-contra-congresso-e-supremo","tag-bolsonaro","tag-bolsonaro-fala-sobre-ida-a-manifestacao","tag-bolsonaro-fala-sobre-ida-a-manifestacao-em-brasilia","tag-brasilia","tag-coronavirus","tag-covid-19","tag-dia-do-exercito","tag-discurso-de-bolsonaro-no-dia-do-exercito","tag-discurso-de-bolsonaro-no-quartel-general-do-exercito","tag-fechamento-do-congresso","tag-fechamento-do-stf","tag-isolamento-social","tag-jair-bolsonaro","tag-manifestacao-no-quartel-general-do-exercito","tag-palacio-do-alvorada","tag-participacao-de-bolsonaro-no-dia-do-exercito","tag-presidente-bolsonaro","tag-presidente-da-republica","tag-quarentena","tag-quartel-general-do-exercito"],"yoast_head":"<!-- This site is optimized with the Yoast SEO plugin v28.3 - https:\/\/yoast.com\/product\/yoast-seo-wordpress\/ -->\n<title>Augusto Aras pede inqu\u00e9rito sobre atos contra Congresso e Supremo - Aconteceu no Vale<\/title>\n<meta name=\"robots\" content=\"index, follow, max-snippet:-1, max-image-preview:large, max-video-preview:-1\" \/>\n<link rel=\"canonical\" href=\"https:\/\/aconteceunovale.com.br\/portal\/?p=161249\" \/>\n<meta property=\"og:locale\" content=\"pt_BR\" \/>\n<meta property=\"og:type\" content=\"article\" \/>\n<meta property=\"og:title\" content=\"Augusto Aras pede inqu\u00e9rito sobre atos contra Congresso e Supremo - Aconteceu no Vale\" \/>\n<meta property=\"og:description\" content=\"O procurador-geral da Rep\u00fablica, Augusto Aras, pediu ao Supremo Tribunal Federal (STF) a abertura de um inqu\u00e9rito para apurar a poss\u00edvel viola\u00e7\u00e3o da Lei de Seguran\u00e7a Nacional em atos que pediram, no&nbsp;domingo&nbsp;(19), a interven\u00e7\u00e3o militar e o fechamento do Congresso e do pr\u00f3prio Supremo. &#8220;O Estado brasileiro admite \u00fanica ideologia que \u00e9 a do regime [&hellip;]\" \/>\n<meta property=\"og:url\" content=\"https:\/\/aconteceunovale.com.br\/portal\/?p=161249\" \/>\n<meta property=\"og:site_name\" content=\"Aconteceu no Vale\" \/>\n<meta property=\"article:publisher\" content=\"https:\/\/www.facebook.com\/aconteceunovale\/\" \/>\n<meta property=\"article:published_time\" content=\"2020-04-20T17:58:24+00:00\" \/>\n<meta property=\"article:modified_time\" content=\"2020-04-20T17:59:38+00:00\" \/>\n<meta property=\"og:image\" content=\"https:\/\/aconteceunovale.com.br\/portal\/wp-content\/uploads\/2020\/04\/augusto_aras.jpg\" \/>\n\t<meta property=\"og:image:width\" content=\"678\" \/>\n\t<meta property=\"og:image:height\" content=\"406\" \/>\n\t<meta property=\"og:image:type\" content=\"image\/jpeg\" \/>\n<meta name=\"author\" content=\"Aconteceu no Vale\" \/>\n<meta name=\"twitter:card\" content=\"summary_large_image\" \/>\n<meta name=\"twitter:creator\" content=\"@noticiadosvales\" \/>\n<meta name=\"twitter:site\" content=\"@noticiadosvales\" \/>\n<meta name=\"twitter:label1\" content=\"Escrito por\" \/>\n\t<meta name=\"twitter:data1\" content=\"Aconteceu no Vale\" \/>\n\t<meta name=\"twitter:label2\" content=\"Est. tempo de leitura\" \/>\n\t<meta name=\"twitter:data2\" content=\"1 minuto\" \/>\n<script type=\"application\/ld+json\" class=\"yoast-schema-graph\">{\"@context\":\"https:\\\/\\\/schema.org\",\"@graph\":[{\"@type\":\"Article\",\"@id\":\"https:\\\/\\\/aconteceunovale.com.br\\\/portal\\\/?p=161249#article\",\"isPartOf\":{\"@id\":\"https:\\\/\\\/aconteceunovale.com.br\\\/portal\\\/?p=161249\"},\"author\":{\"name\":\"Aconteceu no Vale\",\"@id\":\"https:\\\/\\\/aconteceunovale.com.br\\\/portal\\\/#\\\/schema\\\/person\\\/633529146f2c94272bef50ac2953d589\"},\"headline\":\"Augusto Aras pede inqu\u00e9rito sobre atos contra Congresso e Supremo\",\"datePublished\":\"2020-04-20T17:58:24+00:00\",\"dateModified\":\"2020-04-20T17:59:38+00:00\",\"mainEntityOfPage\":{\"@id\":\"https:\\\/\\\/aconteceunovale.com.br\\\/portal\\\/?p=161249\"},\"wordCount\":276,\"commentCount\":0,\"image\":{\"@id\":\"https:\\\/\\\/aconteceunovale.com.br\\\/portal\\\/?p=161249#primaryimage\"},\"thumbnailUrl\":\"https:\\\/\\\/aconteceunovale.com.br\\\/portal\\\/wp-content\\\/uploads\\\/2020\\\/04\\\/augusto_aras.jpg\",\"keywords\":[\"AI-5\",\"Atos contra o Congresso\",\"Atos contra o STF\",\"Atos contra o Supremo\",\"Augusto Aras pede inqu\u00e9rito sobre atos contra Congresso e Supremo\",\"Bolsonaro\",\"Bolsonaro fala sobre ida a manifesta\u00e7\u00e3o\",\"Bolsonaro fala sobre ida a manifesta\u00e7\u00e3o em Bras\u00edlia\",\"Bras\u00edlia\",\"Coronav\u00edrus\",\"COVID-19\",\"Dia do Ex\u00e9rcito\",\"Discurso de Bolsonaro no Dia do Ex\u00e9rcito\",\"Discurso de Bolsonaro no Quartel General do Ex\u00e9rcito\",\"Fechamento do congresso\",\"Fechamento do STF\",\"Isolamento social\",\"Jair Bolsonaro\",\"Manifesta\u00e7\u00e3o no Quartel General do Ex\u00e9rcito\",\"Pal\u00e1cio do Alvorada\",\"Participa\u00e7\u00e3o de Bolsonaro no Dia do Ex\u00e9rcito\",\"Presidente Bolsonaro\",\"presidente da Rep\u00fablica\",\"Quarentena\",\"Quartel General do Ex\u00e9rcito\"],\"articleSection\":[\"Brasil\",\"Pol\u00edtica\"],\"inLanguage\":\"pt-BR\",\"potentialAction\":[{\"@type\":\"CommentAction\",\"name\":\"Comment\",\"target\":[\"https:\\\/\\\/aconteceunovale.com.br\\\/portal\\\/?p=161249#respond\"]}]},{\"@type\":\"WebPage\",\"@id\":\"https:\\\/\\\/aconteceunovale.com.br\\\/portal\\\/?p=161249\",\"url\":\"https:\\\/\\\/aconteceunovale.com.br\\\/portal\\\/?p=161249\",\"name\":\"Augusto Aras pede inqu\u00e9rito sobre atos contra Congresso e Supremo - Aconteceu no Vale\",\"isPartOf\":{\"@id\":\"https:\\\/\\\/aconteceunovale.com.br\\\/portal\\\/#website\"},\"primaryImageOfPage\":{\"@id\":\"https:\\\/\\\/aconteceunovale.com.br\\\/portal\\\/?p=161249#primaryimage\"},\"image\":{\"@id\":\"https:\\\/\\\/aconteceunovale.com.br\\\/portal\\\/?p=161249#primaryimage\"},\"thumbnailUrl\":\"https:\\\/\\\/aconteceunovale.com.br\\\/portal\\\/wp-content\\\/uploads\\\/2020\\\/04\\\/augusto_aras.jpg\",\"datePublished\":\"2020-04-20T17:58:24+00:00\",\"dateModified\":\"2020-04-20T17:59:38+00:00\",\"author\":{\"@id\":\"https:\\\/\\\/aconteceunovale.com.br\\\/portal\\\/#\\\/schema\\\/person\\\/633529146f2c94272bef50ac2953d589\"},\"breadcrumb\":{\"@id\":\"https:\\\/\\\/aconteceunovale.com.br\\\/portal\\\/?p=161249#breadcrumb\"},\"inLanguage\":\"pt-BR\",\"potentialAction\":[{\"@type\":\"ReadAction\",\"target\":[\"https:\\\/\\\/aconteceunovale.com.br\\\/portal\\\/?p=161249\"]}]},{\"@type\":\"ImageObject\",\"inLanguage\":\"pt-BR\",\"@id\":\"https:\\\/\\\/aconteceunovale.com.br\\\/portal\\\/?p=161249#primaryimage\",\"url\":\"https:\\\/\\\/aconteceunovale.com.br\\\/portal\\\/wp-content\\\/uploads\\\/2020\\\/04\\\/augusto_aras.jpg\",\"contentUrl\":\"https:\\\/\\\/aconteceunovale.com.br\\\/portal\\\/wp-content\\\/uploads\\\/2020\\\/04\\\/augusto_aras.jpg\",\"width\":678,\"height\":406},{\"@type\":\"BreadcrumbList\",\"@id\":\"https:\\\/\\\/aconteceunovale.com.br\\\/portal\\\/?p=161249#breadcrumb\",\"itemListElement\":[{\"@type\":\"ListItem\",\"position\":1,\"name\":\"In\u00edcio\",\"item\":\"https:\\\/\\\/aconteceunovale.com.br\\\/portal\\\/\"},{\"@type\":\"ListItem\",\"position\":2,\"name\":\"Augusto Aras pede inqu\u00e9rito sobre atos contra Congresso e Supremo\"}]},{\"@type\":\"WebSite\",\"@id\":\"https:\\\/\\\/aconteceunovale.com.br\\\/portal\\\/#website\",\"url\":\"https:\\\/\\\/aconteceunovale.com.br\\\/portal\\\/\",\"name\":\"Aconteceu no Vale\",\"description\":\"Portal de Not\u00edcias\",\"potentialAction\":[{\"@type\":\"SearchAction\",\"target\":{\"@type\":\"EntryPoint\",\"urlTemplate\":\"https:\\\/\\\/aconteceunovale.com.br\\\/portal\\\/?s={search_term_string}\"},\"query-input\":{\"@type\":\"PropertyValueSpecification\",\"valueRequired\":true,\"valueName\":\"search_term_string\"}}],\"inLanguage\":\"pt-BR\"},{\"@type\":\"Person\",\"@id\":\"https:\\\/\\\/aconteceunovale.com.br\\\/portal\\\/#\\\/schema\\\/person\\\/633529146f2c94272bef50ac2953d589\",\"name\":\"Aconteceu no Vale\",\"description\":\"Equipe de reportagem do Aconteceu no Vale, portal de not\u00edcias do Vale do Jequitinhonha, em Minas Gerais. Cobrimos as 51 cidades do Vale desde 2013. Sugest\u00f5es de pauta e pedidos de corre\u00e7\u00e3o: contato@aconteceunovale.com.br\",\"sameAs\":[\"http:\\\/\\\/www.aconteceunovale.com.br\"],\"url\":\"https:\\\/\\\/aconteceunovale.com.br\\\/portal\\\/?author=1\"}]}<\/script>\n<!-- \/ Yoast SEO plugin. -->","yoast_head_json":{"title":"Augusto Aras pede inqu\u00e9rito sobre atos contra Congresso e Supremo - Aconteceu no Vale","robots":{"index":"index","follow":"follow","max-snippet":"max-snippet:-1","max-image-preview":"max-image-preview:large","max-video-preview":"max-video-preview:-1"},"canonical":"https:\/\/aconteceunovale.com.br\/portal\/?p=161249","og_locale":"pt_BR","og_type":"article","og_title":"Augusto Aras pede inqu\u00e9rito sobre atos contra Congresso e Supremo - Aconteceu no Vale","og_description":"O procurador-geral da Rep\u00fablica, Augusto Aras, pediu ao Supremo Tribunal Federal (STF) a abertura de um inqu\u00e9rito para apurar a poss\u00edvel viola\u00e7\u00e3o da Lei de Seguran\u00e7a Nacional em atos que pediram, no&nbsp;domingo&nbsp;(19), a interven\u00e7\u00e3o militar e o fechamento do Congresso e do pr\u00f3prio Supremo. &#8220;O Estado brasileiro admite \u00fanica ideologia que \u00e9 a do regime [&hellip;]","og_url":"https:\/\/aconteceunovale.com.br\/portal\/?p=161249","og_site_name":"Aconteceu no Vale","article_publisher":"https:\/\/www.facebook.com\/aconteceunovale\/","article_published_time":"2020-04-20T17:58:24+00:00","article_modified_time":"2020-04-20T17:59:38+00:00","og_image":[{"width":678,"height":406,"url":"https:\/\/aconteceunovale.com.br\/portal\/wp-content\/uploads\/2020\/04\/augusto_aras.jpg","type":"image\/jpeg"}],"author":"Aconteceu no Vale","twitter_card":"summary_large_image","twitter_creator":"@noticiadosvales","twitter_site":"@noticiadosvales","twitter_misc":{"Escrito por":"Aconteceu no Vale","Est. tempo de leitura":"1 minuto"},"schema":{"@context":"https:\/\/schema.org","@graph":[{"@type":"Article","@id":"https:\/\/aconteceunovale.com.br\/portal\/?p=161249#article","isPartOf":{"@id":"https:\/\/aconteceunovale.com.br\/portal\/?p=161249"},"author":{"name":"Aconteceu no Vale","@id":"https:\/\/aconteceunovale.com.br\/portal\/#\/schema\/person\/633529146f2c94272bef50ac2953d589"},"headline":"Augusto Aras pede inqu\u00e9rito sobre atos contra Congresso e Supremo","datePublished":"2020-04-20T17:58:24+00:00","dateModified":"2020-04-20T17:59:38+00:00","mainEntityOfPage":{"@id":"https:\/\/aconteceunovale.com.br\/portal\/?p=161249"},"wordCount":276,"commentCount":0,"image":{"@id":"https:\/\/aconteceunovale.com.br\/portal\/?p=161249#primaryimage"},"thumbnailUrl":"https:\/\/aconteceunovale.com.br\/portal\/wp-content\/uploads\/2020\/04\/augusto_aras.jpg","keywords":["AI-5","Atos contra o Congresso","Atos contra o STF","Atos contra o Supremo","Augusto Aras pede inqu\u00e9rito sobre atos contra Congresso e Supremo","Bolsonaro","Bolsonaro fala sobre ida a manifesta\u00e7\u00e3o","Bolsonaro fala sobre ida a manifesta\u00e7\u00e3o em Bras\u00edlia","Bras\u00edlia","Coronav\u00edrus","COVID-19","Dia do Ex\u00e9rcito","Discurso de Bolsonaro no Dia do Ex\u00e9rcito","Discurso de Bolsonaro no Quartel General do Ex\u00e9rcito","Fechamento do congresso","Fechamento do STF","Isolamento social","Jair Bolsonaro","Manifesta\u00e7\u00e3o no Quartel General do Ex\u00e9rcito","Pal\u00e1cio do Alvorada","Participa\u00e7\u00e3o de Bolsonaro no Dia do Ex\u00e9rcito","Presidente Bolsonaro","presidente da Rep\u00fablica","Quarentena","Quartel General do Ex\u00e9rcito"],"articleSection":["Brasil","Pol\u00edtica"],"inLanguage":"pt-BR","potentialAction":[{"@type":"CommentAction","name":"Comment","target":["https:\/\/aconteceunovale.com.br\/portal\/?p=161249#respond"]}]},{"@type":"WebPage","@id":"https:\/\/aconteceunovale.com.br\/portal\/?p=161249","url":"https:\/\/aconteceunovale.com.br\/portal\/?p=161249","name":"Augusto Aras pede inqu\u00e9rito sobre atos contra Congresso e Supremo - Aconteceu no Vale","isPartOf":{"@id":"https:\/\/aconteceunovale.com.br\/portal\/#website"},"primaryImageOfPage":{"@id":"https:\/\/aconteceunovale.com.br\/portal\/?p=161249#primaryimage"},"image":{"@id":"https:\/\/aconteceunovale.com.br\/portal\/?p=161249#primaryimage"},"thumbnailUrl":"https:\/\/aconteceunovale.com.br\/portal\/wp-content\/uploads\/2020\/04\/augusto_aras.jpg","datePublished":"2020-04-20T17:58:24+00:00","dateModified":"2020-04-20T17:59:38+00:00","author":{"@id":"https:\/\/aconteceunovale.com.br\/portal\/#\/schema\/person\/633529146f2c94272bef50ac2953d589"},"breadcrumb":{"@id":"https:\/\/aconteceunovale.com.br\/portal\/?p=161249#breadcrumb"},"inLanguage":"pt-BR","potentialAction":[{"@type":"ReadAction","target":["https:\/\/aconteceunovale.com.br\/portal\/?p=161249"]}]},{"@type":"ImageObject","inLanguage":"pt-BR","@id":"https:\/\/aconteceunovale.com.br\/portal\/?p=161249#primaryimage","url":"https:\/\/aconteceunovale.com.br\/portal\/wp-content\/uploads\/2020\/04\/augusto_aras.jpg","contentUrl":"https:\/\/aconteceunovale.com.br\/portal\/wp-content\/uploads\/2020\/04\/augusto_aras.jpg","width":678,"height":406},{"@type":"BreadcrumbList","@id":"https:\/\/aconteceunovale.com.br\/portal\/?p=161249#breadcrumb","itemListElement":[{"@type":"ListItem","position":1,"name":"In\u00edcio","item":"https:\/\/aconteceunovale.com.br\/portal\/"},{"@type":"ListItem","position":2,"name":"Augusto Aras pede inqu\u00e9rito sobre atos contra Congresso e Supremo"}]},{"@type":"WebSite","@id":"https:\/\/aconteceunovale.com.br\/portal\/#website","url":"https:\/\/aconteceunovale.com.br\/portal\/","name":"Aconteceu no Vale","description":"Portal de Not\u00edcias","potentialAction":[{"@type":"SearchAction","target":{"@type":"EntryPoint","urlTemplate":"https:\/\/aconteceunovale.com.br\/portal\/?s={search_term_string}"},"query-input":{"@type":"PropertyValueSpecification","valueRequired":true,"valueName":"search_term_string"}}],"inLanguage":"pt-BR"},{"@type":"Person","@id":"https:\/\/aconteceunovale.com.br\/portal\/#\/schema\/person\/633529146f2c94272bef50ac2953d589","name":"Aconteceu no Vale","description":"Equipe de reportagem do Aconteceu no Vale, portal de not\u00edcias do Vale do Jequitinhonha, em Minas Gerais. Cobrimos as 51 cidades do Vale desde 2013. Sugest\u00f5es de pauta e pedidos de corre\u00e7\u00e3o: contato@aconteceunovale.com.br","sameAs":["http:\/\/www.aconteceunovale.com.br"],"url":"https:\/\/aconteceunovale.com.br\/portal\/?author=1"}]}},"_links":{"self":[{"href":"https:\/\/aconteceunovale.com.br\/portal\/index.php?rest_route=\/wp\/v2\/posts\/161249","targetHints":{"allow":["GET"]}}],"collection":[{"href":"https:\/\/aconteceunovale.com.br\/portal\/index.php?rest_route=\/wp\/v2\/posts"}],"about":[{"href":"https:\/\/aconteceunovale.com.br\/portal\/index.php?rest_route=\/wp\/v2\/types\/post"}],"author":[{"embeddable":true,"href":"https:\/\/aconteceunovale.com.br\/portal\/index.php?rest_route=\/wp\/v2\/users\/1"}],"replies":[{"embeddable":true,"href":"https:\/\/aconteceunovale.com.br\/portal\/index.php?rest_route=%2Fwp%2Fv2%2Fcomments&post=161249"}],"version-history":[{"count":1,"href":"https:\/\/aconteceunovale.com.br\/portal\/index.php?rest_route=\/wp\/v2\/posts\/161249\/revisions"}],"predecessor-version":[{"id":161251,"href":"https:\/\/aconteceunovale.com.br\/portal\/index.php?rest_route=\/wp\/v2\/posts\/161249\/revisions\/161251"}],"wp:featuredmedia":[{"embeddable":true,"href":"https:\/\/aconteceunovale.com.br\/portal\/index.php?rest_route=\/wp\/v2\/media\/161250"}],"wp:attachment":[{"href":"https:\/\/aconteceunovale.com.br\/portal\/index.php?rest_route=%2Fwp%2Fv2%2Fmedia&parent=161249"}],"wp:term":[{"taxonomy":"category","embeddable":true,"href":"https:\/\/aconteceunovale.com.br\/portal\/index.php?rest_route=%2Fwp%2Fv2%2Fcategories&post=161249"},{"taxonomy":"post_tag","embeddable":true,"href":"https:\/\/aconteceunovale.com.br\/portal\/index.php?rest_route=%2Fwp%2Fv2%2Ftags&post=161249"}],"curies":[{"name":"wp","href":"https:\/\/api.w.org\/{rel}","templated":true}]}}