{"id":161230,"date":"2020-04-20T12:11:24","date_gmt":"2020-04-20T15:11:24","guid":{"rendered":"http:\/\/aconteceunovale.com.br\/portal\/?p=161230"},"modified":"2020-04-20T12:11:49","modified_gmt":"2020-04-20T15:11:49","slug":"coronavirus-minas-tem-41-obitos-e-1-189-casos-confirmados","status":"publish","type":"post","link":"https:\/\/aconteceunovale.com.br\/portal\/?p=161230","title":{"rendered":"Coronav\u00edrus: Minas tem 41 \u00f3bitos e 1.189 casos confirmados"},"content":{"rendered":"\n<p class=\"wp-block-paragraph\">A Secretaria de Estado de Sa\u00fade (SES-MG) informou, na manh\u00e3 desta segunda-feira (20\/04\/2020), que 1.189 casos de Covid-19 foram confirmados em Minas Gerais.\u00a0O n\u00famero de mortes pela doen\u00e7a subiu para 41.<\/p>\n\n\n\n<p class=\"wp-block-paragraph\">De acordo com o boletim epidemiol\u00f3gico, divulgado \u00e0s 10h10 de hoje, o Estado tamb\u00e9m possui 74 \u00f3bitos em investiga\u00e7\u00e3o e 301 foram descartados. O n\u00famero de casos suspeitos subiu para 75.441.<\/p>\n\n\n\n<p class=\"wp-block-paragraph\">A cidade com mais casos confirmados \u00e9 Belo Horizonte, onde 452 pacientes tiveram diagn\u00f3stico positivo para a doen\u00e7a. Na sequ\u00eancia, aparecem Juiz de Fora, com 93 casos, Uberl\u00e2ndia, com 67, e Nova Lima, com 45.<\/p>\n\n\n\n<p class=\"wp-block-paragraph\"><strong>RESUMO DOS \u00d3BITOS POR COVID-19 EM MINAS GERAIS<\/strong><\/p>\n\n\n\n<figure class=\"wp-block-gallery columns-1 is-cropped wp-block-gallery-1 is-layout-flex wp-block-gallery-is-layout-flex\"><ul class=\"blocks-gallery-grid\"><li class=\"blocks-gallery-item\"><figure><img decoding=\"async\" src=\"http:\/\/aconteceu.info\/pub\/quadro_obitos_20abril.jpg\" alt=\"\"\/><\/figure><\/li><\/ul><\/figure>\n\n\n\n<p class=\"wp-block-paragraph\"><strong>BOLETIM EPIDEMIOL\u00d3GICO &#8211; 20\/04\/2020<\/strong><\/p>\n\n\n\n<figure class=\"wp-block-gallery columns-1 is-cropped wp-block-gallery-2 is-layout-flex wp-block-gallery-is-layout-flex\"><ul class=\"blocks-gallery-grid\"><li class=\"blocks-gallery-item\"><figure><img decoding=\"async\" src=\"http:\/\/aconteceu.info\/pub\/boletim_corona_mg_20abril.jpg\" alt=\"\"\/><\/figure><\/li><\/ul><\/figure>\n\n\n\n<p class=\"has-background has-very-light-gray-background-color wp-block-paragraph\">Quer saber as not\u00edcias do <strong>Aconteceu no Vale<\/strong> em primeira m\u00e3o? Siga-nos no Facebook <a rel=\"noreferrer noopener\" href=\"http:\/\/facebook.com\/aconteceunovale\" target=\"_blank\">@aconteceunovale<\/a>, Twitter <a rel=\"noreferrer noopener\" href=\"https:\/\/twitter.com\/noticiadosvales\" target=\"_blank\">@noticiadosvales<\/a> e Instagram <a rel=\"noreferrer noopener\" href=\"https:\/\/www.instagram.com\/aconteceunovale\" target=\"_blank\">@aconteceunovale<\/a>.<\/p>\n","protected":false},"excerpt":{"rendered":"<p>A Secretaria de Estado de Sa\u00fade (SES-MG) informou, na manh\u00e3 desta segunda-feira (20\/04\/2020), que 1.189 casos de Covid-19 foram confirmados em Minas Gerais.\u00a0O n\u00famero de mortes pela doen\u00e7a subiu para 41. De acordo com o boletim epidemiol\u00f3gico, divulgado \u00e0s 10h10 de hoje, o Estado tamb\u00e9m possui 74 \u00f3bitos em investiga\u00e7\u00e3o e 301 foram descartados. O [&hellip;]<\/p>\n","protected":false},"author":1,"featured_media":159952,"comment_status":"open","ping_status":"closed","sticky":false,"template":"","format":"standard","meta":{"amp_status":"","footnotes":""},"categories":[123],"tags":[217799,219851,219853,214884,220178,216498,219855,215653,219854,219852,217692],"class_list":["post-161230","post","type-post","status-publish","format-standard","has-post-thumbnail","hentry","category-gerais","tag-casos-de-coronavirus-em-minas-gerais","tag-casos-de-covid-19-em-minas-gerais","tag-cidades-com-casos-de-coronavirus-em-minas-gerais","tag-coronavirus","tag-coronavirus-minas-tem-41-obitos-e-1-189-casos-confirmados","tag-covid-19","tag-mortes-por-coronavirus-em-minas-gerais","tag-novo-coronavirus","tag-numeros-do-coronavirus-em-minas-gerais","tag-obitos-por-coronavirus-em-minas-gerias","tag-pandemia-de-coronavirus"],"yoast_head":"<!-- This site is optimized with the Yoast SEO plugin v28.3 - https:\/\/yoast.com\/product\/yoast-seo-wordpress\/ -->\n<title>Coronav\u00edrus: Minas tem 41 \u00f3bitos e 1.189 casos confirmados - Aconteceu no Vale<\/title>\n<meta name=\"robots\" content=\"index, follow, max-snippet:-1, max-image-preview:large, max-video-preview:-1\" \/>\n<link rel=\"canonical\" href=\"https:\/\/aconteceunovale.com.br\/portal\/?p=161230\" \/>\n<meta property=\"og:locale\" content=\"pt_BR\" \/>\n<meta property=\"og:type\" content=\"article\" \/>\n<meta property=\"og:title\" content=\"Coronav\u00edrus: Minas tem 41 \u00f3bitos e 1.189 casos confirmados - Aconteceu no Vale\" \/>\n<meta property=\"og:description\" content=\"A Secretaria de Estado de Sa\u00fade (SES-MG) informou, na manh\u00e3 desta segunda-feira (20\/04\/2020), que 1.189 casos de Covid-19 foram confirmados em Minas Gerais.\u00a0O n\u00famero de mortes pela doen\u00e7a subiu para 41. De acordo com o boletim epidemiol\u00f3gico, divulgado \u00e0s 10h10 de hoje, o Estado tamb\u00e9m possui 74 \u00f3bitos em investiga\u00e7\u00e3o e 301 foram descartados. O [&hellip;]\" \/>\n<meta property=\"og:url\" content=\"https:\/\/aconteceunovale.com.br\/portal\/?p=161230\" \/>\n<meta property=\"og:site_name\" content=\"Aconteceu no Vale\" \/>\n<meta property=\"article:publisher\" content=\"https:\/\/www.facebook.com\/aconteceunovale\/\" \/>\n<meta property=\"article:published_time\" content=\"2020-04-20T15:11:24+00:00\" \/>\n<meta property=\"article:modified_time\" content=\"2020-04-20T15:11:49+00:00\" \/>\n<meta property=\"og:image\" content=\"https:\/\/aconteceunovale.com.br\/portal\/wp-content\/uploads\/2020\/03\/banner_covid_19.png\" \/>\n\t<meta property=\"og:image:width\" content=\"678\" \/>\n\t<meta property=\"og:image:height\" content=\"352\" \/>\n\t<meta property=\"og:image:type\" content=\"image\/png\" \/>\n<meta name=\"author\" content=\"Aconteceu no Vale\" \/>\n<meta name=\"twitter:card\" content=\"summary_large_image\" \/>\n<meta name=\"twitter:creator\" content=\"@noticiadosvales\" \/>\n<meta name=\"twitter:site\" content=\"@noticiadosvales\" \/>\n<meta name=\"twitter:label1\" content=\"Escrito por\" \/>\n\t<meta name=\"twitter:data1\" content=\"Aconteceu no Vale\" \/>\n\t<meta name=\"twitter:label2\" content=\"Est. tempo de leitura\" \/>\n\t<meta name=\"twitter:data2\" content=\"1 minuto\" \/>\n<script type=\"application\/ld+json\" class=\"yoast-schema-graph\">{\"@context\":\"https:\\\/\\\/schema.org\",\"@graph\":[{\"@type\":\"Article\",\"@id\":\"https:\\\/\\\/aconteceunovale.com.br\\\/portal\\\/?p=161230#article\",\"isPartOf\":{\"@id\":\"https:\\\/\\\/aconteceunovale.com.br\\\/portal\\\/?p=161230\"},\"author\":{\"name\":\"Aconteceu no Vale\",\"@id\":\"https:\\\/\\\/aconteceunovale.com.br\\\/portal\\\/#\\\/schema\\\/person\\\/633529146f2c94272bef50ac2953d589\"},\"headline\":\"Coronav\u00edrus: Minas tem 41 \u00f3bitos e 1.189 casos confirmados\",\"datePublished\":\"2020-04-20T15:11:24+00:00\",\"dateModified\":\"2020-04-20T15:11:49+00:00\",\"mainEntityOfPage\":{\"@id\":\"https:\\\/\\\/aconteceunovale.com.br\\\/portal\\\/?p=161230\"},\"wordCount\":140,\"commentCount\":0,\"image\":{\"@id\":\"https:\\\/\\\/aconteceunovale.com.br\\\/portal\\\/?p=161230#primaryimage\"},\"thumbnailUrl\":\"https:\\\/\\\/aconteceunovale.com.br\\\/portal\\\/wp-content\\\/uploads\\\/2020\\\/03\\\/banner_covid_19.png\",\"keywords\":[\"Casos de coronav\u00edrus em Minas Gerais\",\"Casos de covid-19 em Minas Gerais\",\"Cidades com casos de coronav\u00edrus em Minas Gerais\",\"Coronav\u00edrus\",\"Coronav\u00edrus: Minas tem 41 \u00f3bitos e 1.189 casos confirmados\",\"COVID-19\",\"Mortes por coronav\u00edrus em Minas Gerais\",\"Novo coronav\u00edrus\",\"N\u00fameros do coronav\u00edrus em Minas Gerais\",\"\u00d3bitos por coronav\u00edrus em Minas Gerias\",\"Pandemia de coronav\u00edrus\"],\"articleSection\":[\"Minas Gerais\"],\"inLanguage\":\"pt-BR\",\"potentialAction\":[{\"@type\":\"CommentAction\",\"name\":\"Comment\",\"target\":[\"https:\\\/\\\/aconteceunovale.com.br\\\/portal\\\/?p=161230#respond\"]}]},{\"@type\":\"WebPage\",\"@id\":\"https:\\\/\\\/aconteceunovale.com.br\\\/portal\\\/?p=161230\",\"url\":\"https:\\\/\\\/aconteceunovale.com.br\\\/portal\\\/?p=161230\",\"name\":\"Coronav\u00edrus: Minas tem 41 \u00f3bitos e 1.189 casos confirmados - Aconteceu no Vale\",\"isPartOf\":{\"@id\":\"https:\\\/\\\/aconteceunovale.com.br\\\/portal\\\/#website\"},\"primaryImageOfPage\":{\"@id\":\"https:\\\/\\\/aconteceunovale.com.br\\\/portal\\\/?p=161230#primaryimage\"},\"image\":{\"@id\":\"https:\\\/\\\/aconteceunovale.com.br\\\/portal\\\/?p=161230#primaryimage\"},\"thumbnailUrl\":\"https:\\\/\\\/aconteceunovale.com.br\\\/portal\\\/wp-content\\\/uploads\\\/2020\\\/03\\\/banner_covid_19.png\",\"datePublished\":\"2020-04-20T15:11:24+00:00\",\"dateModified\":\"2020-04-20T15:11:49+00:00\",\"author\":{\"@id\":\"https:\\\/\\\/aconteceunovale.com.br\\\/portal\\\/#\\\/schema\\\/person\\\/633529146f2c94272bef50ac2953d589\"},\"breadcrumb\":{\"@id\":\"https:\\\/\\\/aconteceunovale.com.br\\\/portal\\\/?p=161230#breadcrumb\"},\"inLanguage\":\"pt-BR\",\"potentialAction\":[{\"@type\":\"ReadAction\",\"target\":[\"https:\\\/\\\/aconteceunovale.com.br\\\/portal\\\/?p=161230\"]}]},{\"@type\":\"ImageObject\",\"inLanguage\":\"pt-BR\",\"@id\":\"https:\\\/\\\/aconteceunovale.com.br\\\/portal\\\/?p=161230#primaryimage\",\"url\":\"https:\\\/\\\/aconteceunovale.com.br\\\/portal\\\/wp-content\\\/uploads\\\/2020\\\/03\\\/banner_covid_19.png\",\"contentUrl\":\"https:\\\/\\\/aconteceunovale.com.br\\\/portal\\\/wp-content\\\/uploads\\\/2020\\\/03\\\/banner_covid_19.png\",\"width\":678,\"height\":352},{\"@type\":\"BreadcrumbList\",\"@id\":\"https:\\\/\\\/aconteceunovale.com.br\\\/portal\\\/?p=161230#breadcrumb\",\"itemListElement\":[{\"@type\":\"ListItem\",\"position\":1,\"name\":\"In\u00edcio\",\"item\":\"https:\\\/\\\/aconteceunovale.com.br\\\/portal\\\/\"},{\"@type\":\"ListItem\",\"position\":2,\"name\":\"Coronav\u00edrus: Minas tem 41 \u00f3bitos e 1.189 casos confirmados\"}]},{\"@type\":\"WebSite\",\"@id\":\"https:\\\/\\\/aconteceunovale.com.br\\\/portal\\\/#website\",\"url\":\"https:\\\/\\\/aconteceunovale.com.br\\\/portal\\\/\",\"name\":\"Aconteceu no Vale\",\"description\":\"Portal de Not\u00edcias\",\"potentialAction\":[{\"@type\":\"SearchAction\",\"target\":{\"@type\":\"EntryPoint\",\"urlTemplate\":\"https:\\\/\\\/aconteceunovale.com.br\\\/portal\\\/?s={search_term_string}\"},\"query-input\":{\"@type\":\"PropertyValueSpecification\",\"valueRequired\":true,\"valueName\":\"search_term_string\"}}],\"inLanguage\":\"pt-BR\"},{\"@type\":\"Person\",\"@id\":\"https:\\\/\\\/aconteceunovale.com.br\\\/portal\\\/#\\\/schema\\\/person\\\/633529146f2c94272bef50ac2953d589\",\"name\":\"Aconteceu no Vale\",\"description\":\"Equipe de reportagem do Aconteceu no Vale, portal de not\u00edcias do Vale do Jequitinhonha, em Minas Gerais. Cobrimos as 51 cidades do Vale desde 2013. Sugest\u00f5es de pauta e pedidos de corre\u00e7\u00e3o: contato@aconteceunovale.com.br\",\"sameAs\":[\"http:\\\/\\\/www.aconteceunovale.com.br\"],\"url\":\"https:\\\/\\\/aconteceunovale.com.br\\\/portal\\\/?author=1\"}]}<\/script>\n<!-- \/ Yoast SEO plugin. -->","yoast_head_json":{"title":"Coronav\u00edrus: Minas tem 41 \u00f3bitos e 1.189 casos confirmados - Aconteceu no Vale","robots":{"index":"index","follow":"follow","max-snippet":"max-snippet:-1","max-image-preview":"max-image-preview:large","max-video-preview":"max-video-preview:-1"},"canonical":"https:\/\/aconteceunovale.com.br\/portal\/?p=161230","og_locale":"pt_BR","og_type":"article","og_title":"Coronav\u00edrus: Minas tem 41 \u00f3bitos e 1.189 casos confirmados - Aconteceu no Vale","og_description":"A Secretaria de Estado de Sa\u00fade (SES-MG) informou, na manh\u00e3 desta segunda-feira (20\/04\/2020), que 1.189 casos de Covid-19 foram confirmados em Minas Gerais.\u00a0O n\u00famero de mortes pela doen\u00e7a subiu para 41. De acordo com o boletim epidemiol\u00f3gico, divulgado \u00e0s 10h10 de hoje, o Estado tamb\u00e9m possui 74 \u00f3bitos em investiga\u00e7\u00e3o e 301 foram descartados. O [&hellip;]","og_url":"https:\/\/aconteceunovale.com.br\/portal\/?p=161230","og_site_name":"Aconteceu no Vale","article_publisher":"https:\/\/www.facebook.com\/aconteceunovale\/","article_published_time":"2020-04-20T15:11:24+00:00","article_modified_time":"2020-04-20T15:11:49+00:00","og_image":[{"width":678,"height":352,"url":"https:\/\/aconteceunovale.com.br\/portal\/wp-content\/uploads\/2020\/03\/banner_covid_19.png","type":"image\/png"}],"author":"Aconteceu no Vale","twitter_card":"summary_large_image","twitter_creator":"@noticiadosvales","twitter_site":"@noticiadosvales","twitter_misc":{"Escrito por":"Aconteceu no Vale","Est. tempo de leitura":"1 minuto"},"schema":{"@context":"https:\/\/schema.org","@graph":[{"@type":"Article","@id":"https:\/\/aconteceunovale.com.br\/portal\/?p=161230#article","isPartOf":{"@id":"https:\/\/aconteceunovale.com.br\/portal\/?p=161230"},"author":{"name":"Aconteceu no Vale","@id":"https:\/\/aconteceunovale.com.br\/portal\/#\/schema\/person\/633529146f2c94272bef50ac2953d589"},"headline":"Coronav\u00edrus: Minas tem 41 \u00f3bitos e 1.189 casos confirmados","datePublished":"2020-04-20T15:11:24+00:00","dateModified":"2020-04-20T15:11:49+00:00","mainEntityOfPage":{"@id":"https:\/\/aconteceunovale.com.br\/portal\/?p=161230"},"wordCount":140,"commentCount":0,"image":{"@id":"https:\/\/aconteceunovale.com.br\/portal\/?p=161230#primaryimage"},"thumbnailUrl":"https:\/\/aconteceunovale.com.br\/portal\/wp-content\/uploads\/2020\/03\/banner_covid_19.png","keywords":["Casos de coronav\u00edrus em Minas Gerais","Casos de covid-19 em Minas Gerais","Cidades com casos de coronav\u00edrus em Minas Gerais","Coronav\u00edrus","Coronav\u00edrus: Minas tem 41 \u00f3bitos e 1.189 casos confirmados","COVID-19","Mortes por coronav\u00edrus em Minas Gerais","Novo coronav\u00edrus","N\u00fameros do coronav\u00edrus em Minas Gerais","\u00d3bitos por coronav\u00edrus em Minas Gerias","Pandemia de coronav\u00edrus"],"articleSection":["Minas Gerais"],"inLanguage":"pt-BR","potentialAction":[{"@type":"CommentAction","name":"Comment","target":["https:\/\/aconteceunovale.com.br\/portal\/?p=161230#respond"]}]},{"@type":"WebPage","@id":"https:\/\/aconteceunovale.com.br\/portal\/?p=161230","url":"https:\/\/aconteceunovale.com.br\/portal\/?p=161230","name":"Coronav\u00edrus: Minas tem 41 \u00f3bitos e 1.189 casos confirmados - Aconteceu no Vale","isPartOf":{"@id":"https:\/\/aconteceunovale.com.br\/portal\/#website"},"primaryImageOfPage":{"@id":"https:\/\/aconteceunovale.com.br\/portal\/?p=161230#primaryimage"},"image":{"@id":"https:\/\/aconteceunovale.com.br\/portal\/?p=161230#primaryimage"},"thumbnailUrl":"https:\/\/aconteceunovale.com.br\/portal\/wp-content\/uploads\/2020\/03\/banner_covid_19.png","datePublished":"2020-04-20T15:11:24+00:00","dateModified":"2020-04-20T15:11:49+00:00","author":{"@id":"https:\/\/aconteceunovale.com.br\/portal\/#\/schema\/person\/633529146f2c94272bef50ac2953d589"},"breadcrumb":{"@id":"https:\/\/aconteceunovale.com.br\/portal\/?p=161230#breadcrumb"},"inLanguage":"pt-BR","potentialAction":[{"@type":"ReadAction","target":["https:\/\/aconteceunovale.com.br\/portal\/?p=161230"]}]},{"@type":"ImageObject","inLanguage":"pt-BR","@id":"https:\/\/aconteceunovale.com.br\/portal\/?p=161230#primaryimage","url":"https:\/\/aconteceunovale.com.br\/portal\/wp-content\/uploads\/2020\/03\/banner_covid_19.png","contentUrl":"https:\/\/aconteceunovale.com.br\/portal\/wp-content\/uploads\/2020\/03\/banner_covid_19.png","width":678,"height":352},{"@type":"BreadcrumbList","@id":"https:\/\/aconteceunovale.com.br\/portal\/?p=161230#breadcrumb","itemListElement":[{"@type":"ListItem","position":1,"name":"In\u00edcio","item":"https:\/\/aconteceunovale.com.br\/portal\/"},{"@type":"ListItem","position":2,"name":"Coronav\u00edrus: Minas tem 41 \u00f3bitos e 1.189 casos confirmados"}]},{"@type":"WebSite","@id":"https:\/\/aconteceunovale.com.br\/portal\/#website","url":"https:\/\/aconteceunovale.com.br\/portal\/","name":"Aconteceu no Vale","description":"Portal de Not\u00edcias","potentialAction":[{"@type":"SearchAction","target":{"@type":"EntryPoint","urlTemplate":"https:\/\/aconteceunovale.com.br\/portal\/?s={search_term_string}"},"query-input":{"@type":"PropertyValueSpecification","valueRequired":true,"valueName":"search_term_string"}}],"inLanguage":"pt-BR"},{"@type":"Person","@id":"https:\/\/aconteceunovale.com.br\/portal\/#\/schema\/person\/633529146f2c94272bef50ac2953d589","name":"Aconteceu no Vale","description":"Equipe de reportagem do Aconteceu no Vale, portal de not\u00edcias do Vale do Jequitinhonha, em Minas Gerais. Cobrimos as 51 cidades do Vale desde 2013. Sugest\u00f5es de pauta e pedidos de corre\u00e7\u00e3o: contato@aconteceunovale.com.br","sameAs":["http:\/\/www.aconteceunovale.com.br"],"url":"https:\/\/aconteceunovale.com.br\/portal\/?author=1"}]}},"_links":{"self":[{"href":"https:\/\/aconteceunovale.com.br\/portal\/index.php?rest_route=\/wp\/v2\/posts\/161230","targetHints":{"allow":["GET"]}}],"collection":[{"href":"https:\/\/aconteceunovale.com.br\/portal\/index.php?rest_route=\/wp\/v2\/posts"}],"about":[{"href":"https:\/\/aconteceunovale.com.br\/portal\/index.php?rest_route=\/wp\/v2\/types\/post"}],"author":[{"embeddable":true,"href":"https:\/\/aconteceunovale.com.br\/portal\/index.php?rest_route=\/wp\/v2\/users\/1"}],"replies":[{"embeddable":true,"href":"https:\/\/aconteceunovale.com.br\/portal\/index.php?rest_route=%2Fwp%2Fv2%2Fcomments&post=161230"}],"version-history":[{"count":1,"href":"https:\/\/aconteceunovale.com.br\/portal\/index.php?rest_route=\/wp\/v2\/posts\/161230\/revisions"}],"predecessor-version":[{"id":161232,"href":"https:\/\/aconteceunovale.com.br\/portal\/index.php?rest_route=\/wp\/v2\/posts\/161230\/revisions\/161232"}],"wp:featuredmedia":[{"embeddable":true,"href":"https:\/\/aconteceunovale.com.br\/portal\/index.php?rest_route=\/wp\/v2\/media\/159952"}],"wp:attachment":[{"href":"https:\/\/aconteceunovale.com.br\/portal\/index.php?rest_route=%2Fwp%2Fv2%2Fmedia&parent=161230"}],"wp:term":[{"taxonomy":"category","embeddable":true,"href":"https:\/\/aconteceunovale.com.br\/portal\/index.php?rest_route=%2Fwp%2Fv2%2Fcategories&post=161230"},{"taxonomy":"post_tag","embeddable":true,"href":"https:\/\/aconteceunovale.com.br\/portal\/index.php?rest_route=%2Fwp%2Fv2%2Ftags&post=161230"}],"curies":[{"name":"wp","href":"https:\/\/api.w.org\/{rel}","templated":true}]}}