{"id":161210,"date":"2020-04-19T23:22:52","date_gmt":"2020-04-20T02:22:52","guid":{"rendered":"http:\/\/aconteceunovale.com.br\/portal\/?p=161210"},"modified":"2020-04-19T23:23:29","modified_gmt":"2020-04-20T02:23:29","slug":"policia-civil-prende-dois-homens-em-manga","status":"publish","type":"post","link":"https:\/\/aconteceunovale.com.br\/portal\/?p=161210","title":{"rendered":"Pol\u00edcia Civil prende dois homens em Manga"},"content":{"rendered":"\n<p>Na manh\u00e3 desta sexta-feira, dia 17 de abril, a Pol\u00edcia Civil de Minas Gerais (PCMG) deflagrou no munic\u00edpio de Manga, no Norte de Minas, opera\u00e7\u00e3o para cumprir mandados de pris\u00e3o e de busca e apreens\u00e3o em desfavor de dois homens de 28 e 21 anos, presos por envolvimento em crimes dolosos contra a vida. A ocorr\u00eancia foi registrada no dia 9 de abril e os dois indiv\u00edduos s\u00e3o suspeitos de matar um desafeto.<\/p>\n\n\n\n<p>O corpo da v\u00edtima foi localizado, no dia 10\/04, em um aterro sanit\u00e1rio. O cad\u00e1ver possu\u00eda marcas de perfura\u00e7\u00f5es na cabe\u00e7a, abd\u00f4men, bra\u00e7o esquerdo, bra\u00e7o direito e t\u00f3rax.<\/p>\n\n\n\n<p>No Inqu\u00e9rito Policial, segundo a PCMG, constam elementos que comprovam a autoria e materialidade dos fatos. As provas motivaram o pedido de pris\u00e3o solicitado ao Poder Judici\u00e1rio da Comarca de Manga.<\/p>\n\n\n\n<p>A Delegada Thais Duarte explica que os crimes violentos merecem uma apura\u00e7\u00e3o r\u00e1pida, principalmente, os dolosos contra a vida. &#8220;Eles causam uma como\u00e7\u00e3o e sensa\u00e7\u00e3o de inseguran\u00e7a na popula\u00e7\u00e3o. Empenhamos em apurar esse homic\u00eddio objetivando dar uma resposta r\u00e1pida e eficiente para a sociedade e fam\u00edlia da v\u00edtima&#8221; afirmou.<\/p>\n\n\n\n<p>A opera\u00e7\u00e3o contou com aux\u00edlio da Pol\u00edcia Militar e policiais civis lotados em Montalv\u00e2nia e Ja\u00edba. Com a a\u00e7\u00e3o simult\u00e2nea, os policiais evitaram a fuga dos suspeitos, que foram surpreendidos e presos em suas resid\u00eancias.<\/p>\n\n\n\n<p>As declara\u00e7\u00f5es dos suspeitos foram formalizadas. A motiva\u00e7\u00e3o do crime \u00e9 apurada pela Pol\u00edcia Civil.<\/p>\n\n\n\n<p class=\"has-background has-very-light-gray-background-color\">Quer saber as not\u00edcias do <strong>Aconteceu no Vale<\/strong> em primeira m\u00e3o? Siga-nos no Facebook <a rel=\"noreferrer noopener\" href=\"http:\/\/facebook.com\/aconteceunovale\" target=\"_blank\">@aconteceunovale<\/a>, Twitter <a rel=\"noreferrer noopener\" href=\"https:\/\/twitter.com\/noticiadosvales\" target=\"_blank\">@noticiadosvales<\/a> e Instagram <a rel=\"noreferrer noopener\" href=\"https:\/\/www.instagram.com\/aconteceunovale\" target=\"_blank\">@aconteceunovale<\/a>.<\/p>\n","protected":false},"excerpt":{"rendered":"<p>Na manh\u00e3 desta sexta-feira, dia 17 de abril, a Pol\u00edcia Civil de Minas Gerais (PCMG) deflagrou no munic\u00edpio de Manga, no Norte de Minas, opera\u00e7\u00e3o para cumprir mandados de pris\u00e3o e de busca e apreens\u00e3o em desfavor de dois homens de 28 e 21 anos, presos por envolvimento em crimes dolosos contra a vida. A [&hellip;]<\/p>\n","protected":false},"author":1,"featured_media":102361,"comment_status":"open","ping_status":"closed","sticky":false,"template":"","format":"standard","meta":{"amp_status":"","footnotes":""},"categories":[1236],"tags":[220136,220137,220135,212203,1058,1356,1709,604,220134,71472],"class_list":["post-161210","post","type-post","status-publish","format-standard","has-post-thumbnail","hentry","category-norte_de_minas","tag-assassinado-em-manga","tag-delegada-thais-duarte","tag-homem-morto-em-manga","tag-homicidio-em-manga","tag-jaiba","tag-manga","tag-montalvania","tag-pcmg","tag-policia-civil-prende-dois-homens-em-manga","tag-presos-em-manga"],"_links":{"self":[{"href":"https:\/\/aconteceunovale.com.br\/portal\/index.php?rest_route=\/wp\/v2\/posts\/161210","targetHints":{"allow":["GET"]}}],"collection":[{"href":"https:\/\/aconteceunovale.com.br\/portal\/index.php?rest_route=\/wp\/v2\/posts"}],"about":[{"href":"https:\/\/aconteceunovale.com.br\/portal\/index.php?rest_route=\/wp\/v2\/types\/post"}],"author":[{"embeddable":true,"href":"https:\/\/aconteceunovale.com.br\/portal\/index.php?rest_route=\/wp\/v2\/users\/1"}],"replies":[{"embeddable":true,"href":"https:\/\/aconteceunovale.com.br\/portal\/index.php?rest_route=%2Fwp%2Fv2%2Fcomments&post=161210"}],"version-history":[{"count":1,"href":"https:\/\/aconteceunovale.com.br\/portal\/index.php?rest_route=\/wp\/v2\/posts\/161210\/revisions"}],"predecessor-version":[{"id":161211,"href":"https:\/\/aconteceunovale.com.br\/portal\/index.php?rest_route=\/wp\/v2\/posts\/161210\/revisions\/161211"}],"wp:featuredmedia":[{"embeddable":true,"href":"https:\/\/aconteceunovale.com.br\/portal\/index.php?rest_route=\/wp\/v2\/media\/102361"}],"wp:attachment":[{"href":"https:\/\/aconteceunovale.com.br\/portal\/index.php?rest_route=%2Fwp%2Fv2%2Fmedia&parent=161210"}],"wp:term":[{"taxonomy":"category","embeddable":true,"href":"https:\/\/aconteceunovale.com.br\/portal\/index.php?rest_route=%2Fwp%2Fv2%2Fcategories&post=161210"},{"taxonomy":"post_tag","embeddable":true,"href":"https:\/\/aconteceunovale.com.br\/portal\/index.php?rest_route=%2Fwp%2Fv2%2Ftags&post=161210"}],"curies":[{"name":"wp","href":"https:\/\/api.w.org\/{rel}","templated":true}]}}