{"id":161207,"date":"2020-04-19T23:15:53","date_gmt":"2020-04-20T02:15:53","guid":{"rendered":"http:\/\/aconteceunovale.com.br\/portal\/?p=161207"},"modified":"2020-04-19T23:16:24","modified_gmt":"2020-04-20T02:16:24","slug":"suspeitos-de-tentar-matar-mulher-sao-presos-em-galileia-no-vale-do-rio-doce","status":"publish","type":"post","link":"https:\/\/aconteceunovale.com.br\/portal\/?p=161207","title":{"rendered":"Suspeitos de tentar matar mulher s\u00e3o presos em Galileia, no Vale do Rio Doce"},"content":{"rendered":"\n<p>Na manh\u00e3 deste s\u00e1bado, 18 de abril, a Pol\u00edcia Civil de Minas Gerais (PCMG) deflagrou no munic\u00edpio de Galileia, no Vale do Rio Doce, a Opera\u00e7\u00e3o Inconfidentes. Foram cumpridos dois mandados de pris\u00e3o e os suspeitos v\u00e3o responder por tentativa de homic\u00eddio, al\u00e9m de envolvimento com tr\u00e1fico de drogas.<\/p>\n\n\n\n<p>Dois homens, de 21 e 25 anos, s\u00e3o suspeitos de atirar, no dia 30\/03, no rosto de uma mulher com uma espingarda. De acordo com a investiga\u00e7\u00e3o, a tentativa de homic\u00eddio foi motivada pela disputa de pontos de tr\u00e1fico de drogas. Os mandantes foram presos em outra opera\u00e7\u00e3o e se encontram no Sistema Prisional em Governador Valadares.<\/p>\n\n\n\n<p>Segundo a delegada Fernanda Dourado, a v\u00edtima ficou internada em estado cr\u00edtico \u201cEla foi gravemente alvejada por um disparo de arma de fogo na face, deixando-a com sequelas graves. Pelos levantamentos que fizemos, provavelmente, a ordem para que ela morresse veio de dentro do pres\u00eddio\u201d, revelou.<\/p>\n\n\n\n<p>A opera\u00e7\u00e3o contou com o apoio da Pol\u00edcia Militar e policiais civis de Galileia e Conselheiro Pena. Os dois homens foram encaminhados para o pres\u00eddio de Tarumirim.<\/p>\n\n\n\n<figure class=\"wp-block-gallery columns-1 is-cropped wp-block-gallery-1 is-layout-flex wp-block-gallery-is-layout-flex\"><ul class=\"blocks-gallery-grid\"><li class=\"blocks-gallery-item\"><figure><img loading=\"lazy\" decoding=\"async\" width=\"600\" height=\"450\" src=\"http:\/\/aconteceunovale.com.br\/portal\/wp-content\/uploads\/2020\/04\/operacao_galileia.jpg\" alt=\"\" data-id=\"161208\" data-full-url=\"http:\/\/aconteceunovale.com.br\/portal\/wp-content\/uploads\/2020\/04\/operacao_galileia.jpg\" data-link=\"http:\/\/aconteceunovale.com.br\/portal\/?attachment_id=161208\" class=\"wp-image-161208\" srcset=\"https:\/\/aconteceunovale.com.br\/portal\/wp-content\/uploads\/2020\/04\/operacao_galileia.jpg 600w, https:\/\/aconteceunovale.com.br\/portal\/wp-content\/uploads\/2020\/04\/operacao_galileia-300x225.jpg 300w, https:\/\/aconteceunovale.com.br\/portal\/wp-content\/uploads\/2020\/04\/operacao_galileia-80x60.jpg 80w, https:\/\/aconteceunovale.com.br\/portal\/wp-content\/uploads\/2020\/04\/operacao_galileia-265x198.jpg 265w, https:\/\/aconteceunovale.com.br\/portal\/wp-content\/uploads\/2020\/04\/operacao_galileia-560x420.jpg 560w\" sizes=\"auto, (max-width: 600px) 100vw, 600px\" \/><figcaption class=\"blocks-gallery-item__caption\"><em>Foto: Divulga\u00e7\u00e3o\/PCMG<\/em><\/figcaption><\/figure><\/li><\/ul><\/figure>\n\n\n\n<p class=\"has-background has-very-light-gray-background-color\">Quer saber as not\u00edcias do <strong>Aconteceu no Vale<\/strong> em primeira m\u00e3o? Siga-nos no Facebook <a rel=\"noreferrer noopener\" href=\"http:\/\/facebook.com\/aconteceunovale\" target=\"_blank\">@aconteceunovale<\/a>, Twitter <a rel=\"noreferrer noopener\" href=\"https:\/\/twitter.com\/noticiadosvales\" target=\"_blank\">@noticiadosvales<\/a> e Instagram <a rel=\"noreferrer noopener\" href=\"https:\/\/www.instagram.com\/aconteceunovale\" target=\"_blank\">@aconteceunovale<\/a>.<\/p>\n","protected":false},"excerpt":{"rendered":"<p>Na manh\u00e3 deste s\u00e1bado, 18 de abril, a Pol\u00edcia Civil de Minas Gerais (PCMG) deflagrou no munic\u00edpio de Galileia, no Vale do Rio Doce, a Opera\u00e7\u00e3o Inconfidentes. Foram cumpridos dois mandados de pris\u00e3o e os suspeitos v\u00e3o responder por tentativa de homic\u00eddio, al\u00e9m de envolvimento com tr\u00e1fico de drogas. Dois homens, de 21 e 25 [&hellip;]<\/p>\n","protected":false},"author":1,"featured_media":161208,"comment_status":"open","ping_status":"closed","sticky":false,"template":"","format":"standard","meta":{"amp_status":"","footnotes":""},"categories":[121],"tags":[282,156750,292,247,220133,60351,220129,329,220130,220131,167179],"class_list":["post-161207","post","type-post","status-publish","format-standard","has-post-thumbnail","hentry","category-leste","tag-conselheiro-pena","tag-delegada-fernanda-dourado","tag-galileia","tag-governador-valadares","tag-mulher-baleada-em-galileia","tag-presos-em-galileia","tag-suspeitos-de-tentar-matar-mulher-sao-presos-em-galileia","tag-tarumirim","tag-tentativa-de-homicidio-em-galileia","tag-tentativa-de-matar-mulher-em-galileia","tag-trafico-de-drogas-em-galileia"],"_links":{"self":[{"href":"https:\/\/aconteceunovale.com.br\/portal\/index.php?rest_route=\/wp\/v2\/posts\/161207","targetHints":{"allow":["GET"]}}],"collection":[{"href":"https:\/\/aconteceunovale.com.br\/portal\/index.php?rest_route=\/wp\/v2\/posts"}],"about":[{"href":"https:\/\/aconteceunovale.com.br\/portal\/index.php?rest_route=\/wp\/v2\/types\/post"}],"author":[{"embeddable":true,"href":"https:\/\/aconteceunovale.com.br\/portal\/index.php?rest_route=\/wp\/v2\/users\/1"}],"replies":[{"embeddable":true,"href":"https:\/\/aconteceunovale.com.br\/portal\/index.php?rest_route=%2Fwp%2Fv2%2Fcomments&post=161207"}],"version-history":[{"count":1,"href":"https:\/\/aconteceunovale.com.br\/portal\/index.php?rest_route=\/wp\/v2\/posts\/161207\/revisions"}],"predecessor-version":[{"id":161209,"href":"https:\/\/aconteceunovale.com.br\/portal\/index.php?rest_route=\/wp\/v2\/posts\/161207\/revisions\/161209"}],"wp:featuredmedia":[{"embeddable":true,"href":"https:\/\/aconteceunovale.com.br\/portal\/index.php?rest_route=\/wp\/v2\/media\/161208"}],"wp:attachment":[{"href":"https:\/\/aconteceunovale.com.br\/portal\/index.php?rest_route=%2Fwp%2Fv2%2Fmedia&parent=161207"}],"wp:term":[{"taxonomy":"category","embeddable":true,"href":"https:\/\/aconteceunovale.com.br\/portal\/index.php?rest_route=%2Fwp%2Fv2%2Fcategories&post=161207"},{"taxonomy":"post_tag","embeddable":true,"href":"https:\/\/aconteceunovale.com.br\/portal\/index.php?rest_route=%2Fwp%2Fv2%2Ftags&post=161207"}],"curies":[{"name":"wp","href":"https:\/\/api.w.org\/{rel}","templated":true}]}}