{"id":161204,"date":"2020-04-19T23:07:34","date_gmt":"2020-04-20T02:07:34","guid":{"rendered":"http:\/\/aconteceunovale.com.br\/portal\/?p=161204"},"modified":"2020-04-19T23:08:06","modified_gmt":"2020-04-20T02:08:06","slug":"populacao-pode-colaborar-para-compra-de-respiradores-sem-gastar-mais-por-isso","status":"publish","type":"post","link":"https:\/\/aconteceunovale.com.br\/portal\/?p=161204","title":{"rendered":"Popula\u00e7\u00e3o pode colaborar para compra de respiradores sem gastar mais por isso"},"content":{"rendered":"\n<p>A Cemig vai doar R$ 5 milh\u00f5es em respiradores e equipamentos hospitalares para a rede de hospitais p\u00fablicos de Minas Gerais. Mas os clientes da companhia podem contribuir para aumentar o valor da doa\u00e7\u00e3o, sem pagar nada a mais, apenas atualizando seu cadastro no portal da empresa&nbsp;<a href=\"https:\/\/nosnaoestamossozinhos.cemig.com.br\/\" target=\"_blank\" rel=\"noreferrer noopener\">https:\/\/nosnaoestamossozinhos.cemig.com.br\/<\/a>. A cada inscri\u00e7\u00e3o em dia, ser\u00e3o destinados R$ 5 para a doa\u00e7\u00e3o de enfrentamento \u00e0 Covid-19. Ao todo, a campanha, chamada \u201cN\u00f3s n\u00e3o estamos sozinhos\u201d, pode ultrapassar os R$ 40 milh\u00f5es.<\/p>\n\n\n\n<p>Para atualizar o cadastro, as pessoas deve acessar o\u00a0<a href=\"https:\/\/nosnaoestamossozinhos.cemig.com.br\/\" target=\"_blank\" rel=\"noreferrer noopener\">site da Cemig<\/a>. Al\u00e9m de contribuir com a doa\u00e7\u00e3o de equipamentos para hospitais, a popula\u00e7\u00e3o ter\u00e1 acesso r\u00e1pido aos servi\u00e7os oferecidos pela companhia sem precisar sair de casa. Pelos meios digitais est\u00e3o dispon\u00edveis informa\u00e7\u00f5es como segunda via de conta, recebimento de alertas sobre desligamentos programados, avisos e comunica\u00e7\u00f5es diversas.\u00a0<\/p>\n\n\n\n<p>A compra dos respiradores com os recursos arrecadados ser\u00e1 feita pela Federa\u00e7\u00e3o das Ind\u00fastrias do Estado de Minas Gerais (Fiemg). Tamb\u00e9m participam da campanha o\u00a0Governo de Minas Gerais, a\u00a0Pol\u00edcia Militar, o\u00a0Corpo de Bombeiros, as prefeituras de diversas cidades mineiras, a Assembleia Legislativa, o C\u00e2mara de Dirigentes Lojistas de Belo Horizonte e do interior, as Associa\u00e7\u00f5es Comerciais e Industriais das cidades mineiras, e a Federa\u00e7\u00e3o da Agricultura do Estado de Minas Gerais (Faemg).<\/p>\n\n\n\n<p class=\"has-background has-very-light-gray-background-color\">Quer saber as not\u00edcias do <strong>Aconteceu no Vale<\/strong> em primeira m\u00e3o? Siga-nos no Facebook <a rel=\"noreferrer noopener\" href=\"http:\/\/facebook.com\/aconteceunovale\" target=\"_blank\">@aconteceunovale<\/a>, Twitter <a rel=\"noreferrer noopener\" href=\"https:\/\/twitter.com\/noticiadosvales\" target=\"_blank\">@noticiadosvales<\/a> e Instagram <a rel=\"noreferrer noopener\" href=\"https:\/\/www.instagram.com\/aconteceunovale\" target=\"_blank\">@aconteceunovale<\/a>.<\/p>\n","protected":false},"excerpt":{"rendered":"<p>A Cemig vai doar R$ 5 milh\u00f5es em respiradores e equipamentos hospitalares para a rede de hospitais p\u00fablicos de Minas Gerais. Mas os clientes da companhia podem contribuir para aumentar o valor da doa\u00e7\u00e3o, sem pagar nada a mais, apenas atualizando seu cadastro no portal da empresa&nbsp;https:\/\/nosnaoestamossozinhos.cemig.com.br\/. A cada inscri\u00e7\u00e3o em dia, ser\u00e3o destinados R$ [&hellip;]<\/p>\n","protected":false},"author":1,"featured_media":161205,"comment_status":"open","ping_status":"closed","sticky":false,"template":"","format":"standard","meta":{"amp_status":"","footnotes":""},"categories":[123,40242],"tags":[220127,347,220125,214884,216498,220123,220124,220126,215653,219687,218365,220128],"class_list":["post-161204","post","type-post","status-publish","format-standard","has-post-thumbnail","hentry","category-gerais","category-saude-2","tag-campanha-nos-nao-estamos-sozinhos","tag-cemig","tag-cemig-doacao-combate-ao-coronavirus","tag-coronavirus","tag-covid-19","tag-doacao-cemig","tag-doacao-para-compra-de-respiradores-pulmonares","tag-nos-nao-estamos-sozinhos","tag-novo-coronavirus","tag-pandemia-da-covid-19","tag-pandemia-do-coronavirus","tag-populacao-pode-colaborar-para-compra-de-respiradores-sem-gastar-mais-por-isso"],"_links":{"self":[{"href":"https:\/\/aconteceunovale.com.br\/portal\/index.php?rest_route=\/wp\/v2\/posts\/161204","targetHints":{"allow":["GET"]}}],"collection":[{"href":"https:\/\/aconteceunovale.com.br\/portal\/index.php?rest_route=\/wp\/v2\/posts"}],"about":[{"href":"https:\/\/aconteceunovale.com.br\/portal\/index.php?rest_route=\/wp\/v2\/types\/post"}],"author":[{"embeddable":true,"href":"https:\/\/aconteceunovale.com.br\/portal\/index.php?rest_route=\/wp\/v2\/users\/1"}],"replies":[{"embeddable":true,"href":"https:\/\/aconteceunovale.com.br\/portal\/index.php?rest_route=%2Fwp%2Fv2%2Fcomments&post=161204"}],"version-history":[{"count":1,"href":"https:\/\/aconteceunovale.com.br\/portal\/index.php?rest_route=\/wp\/v2\/posts\/161204\/revisions"}],"predecessor-version":[{"id":161206,"href":"https:\/\/aconteceunovale.com.br\/portal\/index.php?rest_route=\/wp\/v2\/posts\/161204\/revisions\/161206"}],"wp:featuredmedia":[{"embeddable":true,"href":"https:\/\/aconteceunovale.com.br\/portal\/index.php?rest_route=\/wp\/v2\/media\/161205"}],"wp:attachment":[{"href":"https:\/\/aconteceunovale.com.br\/portal\/index.php?rest_route=%2Fwp%2Fv2%2Fmedia&parent=161204"}],"wp:term":[{"taxonomy":"category","embeddable":true,"href":"https:\/\/aconteceunovale.com.br\/portal\/index.php?rest_route=%2Fwp%2Fv2%2Fcategories&post=161204"},{"taxonomy":"post_tag","embeddable":true,"href":"https:\/\/aconteceunovale.com.br\/portal\/index.php?rest_route=%2Fwp%2Fv2%2Ftags&post=161204"}],"curies":[{"name":"wp","href":"https:\/\/api.w.org\/{rel}","templated":true}]}}